{"id":439844,"date":"2025-10-05T02:20:11","date_gmt":"2025-10-05T02:20:11","guid":{"rendered":"https:\/\/www.europesays.com\/fr\/439844\/"},"modified":"2025-10-05T02:20:11","modified_gmt":"2025-10-05T02:20:11","slug":"qui-est-pp-krit-la-star-thailandaise-qui-a-cree-levenement-au-defile-balenciaga-a-paris","status":"publish","type":"post","link":"https:\/\/www.europesays.com\/fr\/439844\/","title":{"rendered":"Qui est PP Krit, la star tha\u00eflandaise qui a cr\u00e9\u00e9 l\u2019\u00e9v\u00e9nement au d\u00e9fil\u00e9 Balenciaga \u00e0 Paris ?"},"content":{"rendered":"<p><strong>PP Krit<\/strong>, acteur et chanteur tha\u00eflandais en vogue, \u00e0 de nouveau fait sensation au premier rang ! La nomination d\u2019un nouveau directeur artistique \u00e0 la t\u00eate d\u2019une maison de mode s\u2019accompagne toujours de son lot de surprises\u2026 Et pas seulement sur le podium. Les invit\u00e9s changent : si certains noms fid\u00e8les conservent leur place au premier rang, de nouveaux visages viennent aussi s\u2019y glisser. Pour les d\u00e9buts de <strong>Pierpaolo Piccioli<\/strong>, fra\u00eechement nomm\u00e9 \u00e0 la t\u00eate de la cr\u00e9ation de la maison Balenciaga, les stars \u00e9taient nombreuses \u00e0 s\u2019\u00eatre d\u00e9plac\u00e9es. <strong>Anne Hathaway<\/strong>, <strong>FKA Twigs,<\/strong> ou encore <strong>PP Krit<\/strong>, dont la pr\u00e9sence a fait r\u00e9agir, au point d\u2019alimenter un hashtag d\u00e9di\u00e9 sur X !<\/p>\n<p>PP Krit, star et ami de la maison Balenciaga<\/p>\n<p>Ic\u00f4ne incontournable en Tha\u00eflande, l\u2019acteur, chanteur et mannequin (de son nom complet <strong>PP Krit Amnuaydechkorn<\/strong>) n\u2019est pas \u00e9tranger \u00e0 la maison <strong>Balenciaga<\/strong>. Et pour cause : en 2023, il avait \u00e9t\u00e9 annonc\u00e9 comme \u00e9g\u00e9rie, aux c\u00f4t\u00e9s de nulle autre qu\u2019Isabelle Huppert. L\u2019homme de 26 ans, c\u00e9l\u00e8bre pour ses r\u00f4les de <strong>Tewkao<\/strong> dans My Ambulance et de <strong>Oh-aew<\/strong> dans I Told Sunset About You et I Promised You the Moon, b\u00e9n\u00e9ficie d\u00e9j\u00e0 d\u2019une belle carri\u00e8re musicale. Ce samedi 4 octobre 2025, il a fait cr\u00e9piter les flashs des paparazzis d\u00e8s son arriv\u00e9e \u00e0 ce d\u00e9fil\u00e9 tant attendu. Pour y assister, il arborait un look monochrome, minimaliste et tr\u00e8s \u00e9l\u00e9gant. Exit l&rsquo;ensemble peau de p\u00eache flamboyant ou le jean baggy et le sweatshirt blanc \u00e0 l&rsquo;allure sport qu\u2019il portait lors de pr\u00e9c\u00e9dents d\u00e9fil\u00e9s <strong>Balenciaga<\/strong> : la star tha\u00eflandaise misait cette fois sur une silhouette taill\u00e9e pour le soir compos\u00e9e d&rsquo;un pantalon noir et d&rsquo;un layering de chemises. Les jours pr\u00e9c\u00e9dents ce d\u00e9fil\u00e9 printemps-\u00e9t\u00e9 2026, <strong>PP Krit<\/strong> a fait patienter sa communaut\u00e9 en d\u00e9voilant \u00e0 ses 5 millions de followers quelques looks <strong>Balenciaga<\/strong> de sa garde-robe, qui donnaient d\u00e9j\u00e0 un avant-go\u00fbt de ce qu&rsquo;il porterait ce soir !<\/p>\n<p>Retrouvez plus de <a href=\"https:\/\/www.vogue.fr\/mode\/news\" target=\"_blank\" rel=\"noopener\">mode<\/a> et de <a href=\"https:\/\/www.vogue.fr\/mode\/inspirations\" target=\"_blank\" rel=\"noopener\">tendances<\/a> sur Vogue.fr<br \/>Les 12 <a href=\"https:\/\/www.vogue.fr\/article\/tendances-mode-homme-printemps-ete-2025\" target=\"_blank\" rel=\"noopener\">tendances mode homme<\/a> du printemps-\u00e9t\u00e9 2025<br \/>Comment s&rsquo;habillent <a href=\"https:\/\/www.vogue.fr\/galerie\/habillent-personnalites-fashion-week-paris-printemps-ete-2025\" target=\"_blank\" rel=\"noopener\">les personnalit\u00e9s \u00e0 la Fashion Week de Paris printemps-\u00e9t\u00e9 2025<\/a> ?<br \/>Les <a href=\"https:\/\/www.vogue.fr\/galerie\/tendances-mode-printemps-ete-2025\" target=\"_blank\" rel=\"noopener\">15 tendances mode printemps-\u00e9t\u00e9 2025<\/a> d\u00e9crypt\u00e9es<\/p>\n<p><strong>Plus de Vogue sur Youtube :<\/strong><\/p>\n","protected":false},"excerpt":{"rendered":"PP Krit, acteur et chanteur tha\u00eflandais en vogue, \u00e0 de nouveau fait sensation au premier rang ! La&hellip;\n","protected":false},"author":2,"featured_media":439845,"comment_status":"","ping_status":"","sticky":false,"template":"","format":"standard","meta":{"footnotes":""},"categories":[1888],"tags":[11,1777,674,34204,1011,27,985,12,626,25],"class_list":{"0":"post-439844","1":"post","2":"type-post","3":"status-publish","4":"format-standard","5":"has-post-thumbnail","7":"category-paris","8":"tag-actualites","9":"tag-eu","10":"tag-europe","11":"tag-fashion-week-paris","12":"tag-fr","13":"tag-france","14":"tag-mode","15":"tag-news","16":"tag-paris","17":"tag-republique-francaise"},"share_on_mastodon":{"url":"https:\/\/pubeurope.com\/@fr\/115319172200040302","error":""},"_links":{"self":[{"href":"https:\/\/www.europesays.com\/fr\/wp-json\/wp\/v2\/posts\/439844","targetHints":{"allow":["GET"]}}],"collection":[{"href":"https:\/\/www.europesays.com\/fr\/wp-json\/wp\/v2\/posts"}],"about":[{"href":"https:\/\/www.europesays.com\/fr\/wp-json\/wp\/v2\/types\/post"}],"author":[{"embeddable":true,"href":"https:\/\/www.europesays.com\/fr\/wp-json\/wp\/v2\/users\/2"}],"replies":[{"embeddable":true,"href":"https:\/\/www.europesays.com\/fr\/wp-json\/wp\/v2\/comments?post=439844"}],"version-history":[{"count":0,"href":"https:\/\/www.europesays.com\/fr\/wp-json\/wp\/v2\/posts\/439844\/revisions"}],"wp:featuredmedia":[{"embeddable":true,"href":"https:\/\/www.europesays.com\/fr\/wp-json\/wp\/v2\/media\/439845"}],"wp:attachment":[{"href":"https:\/\/www.europesays.com\/fr\/wp-json\/wp\/v2\/media?parent=439844"}],"wp:term":[{"taxonomy":"category","embeddable":true,"href":"https:\/\/www.europesays.com\/fr\/wp-json\/wp\/v2\/categories?post=439844"},{"taxonomy":"post_tag","embeddable":true,"href":"https:\/\/www.europesays.com\/fr\/wp-json\/wp\/v2\/tags?post=439844"}],"curies":[{"name":"wp","href":"https:\/\/api.w.org\/{rel}","templated":true}]}}