{"id":439846,"date":"2025-10-05T02:21:19","date_gmt":"2025-10-05T02:21:19","guid":{"rendered":"https:\/\/www.europesays.com\/fr\/439846\/"},"modified":"2025-10-05T02:21:19","modified_gmt":"2025-10-05T02:21:19","slug":"video-gala-enorme-surprise-meghan-markle-a-paris-pour-la-fashion-week-sa-divine-apparition-au-defile-balenciaga","status":"publish","type":"post","link":"https:\/\/www.europesays.com\/fr\/439846\/","title":{"rendered":"VID\u00c9O GALA \u2013 \u00c9norme surprise ! Meghan Markle \u00e0 Paris pour la Fashion Week, sa divine apparition au d\u00e9fil\u00e9 Balenciaga"},"content":{"rendered":"<p>    Meghan Markle \u00e0 Paris, le 4 octobre 2025.<br \/>\n                Vid\u00e9o Gala<\/p>\n<p class=\"fig-standfirst\">C\u2019est une apparition \u00e0 laquelle personne ne s\u2019attendait\u00a0! Meghan Markle a \u00e9t\u00e9 aper\u00e7ue dans la capitale fran\u00e7aise ce samedi 4 octobre pour assister au d\u00e9fil\u00e9 Balenciaga. Une grande premi\u00e8re pour la femme du prince Harry qui &#8211; malgr\u00e9 sa grande app\u00e9tence mode &#8211; n\u2019avait encore jamais assist\u00e9 \u00e0 la Fashion Week de Paris.<\/p>\n<p class=\"fig-paragraph\">Une silhouette divine, qui nous questionne\u00a0: serions-nous en train de r\u00eaver\u00a0? Pas le moins du monde, c\u2019est bien elle\u00a0: Meghan Markle est \u00e0 Paris\u00a0! Les cheveux tir\u00e9s en chignon, v\u00eatue d\u2019une cape blanche port\u00e9e sur un costume oversize du m\u00eame coloris, l\u2019\u00e9pouse du prince Harry a fait une apparition on ne peut plus remarqu\u00e9e ce samedi 4 octobre dans la capitale fran\u00e7aise. La raison de sa venue, dans notre tr\u00e8s ch\u00e8re ville\u00a0<a href=\"https:\/\/www.gala.fr\/l_actu\/news_de_stars\/maison-de-stars-harry-et-meghan-markle-visite-guidee-de-leur-villa-de-montecito_554179\" target=\"_blank\" data-fig-type=\"Article\" rel=\"sponsored noopener\" data-gtm-custom-categorie=\"navigation\" data-gtm-custom-action=\"crossclick\" data-gtm-custom-label=\"Contextuel\" data-gtm-event=\"customEventSPE\" data-fig-domain=\"GALA\">situ\u00e9e \u00e0 des milliers de kilom\u00e8tres de Montecito<\/a>\u00a0? La Fashion Week, et plus pr\u00e9cis\u00e9ment le show Balenciaga.\u00a0<br \/>\u00a0<br \/>\u00c0 la surprise g\u00e9n\u00e9rale, Meghan Markle est venue \u00ab soutenir Pierpaolo Piccioli, qui a r\u00e9cemment assum\u00e9 le r\u00f4le de directeur cr\u00e9atif de la maison\u00a0\u00bb, a d\u00e9clar\u00e9 un porte-parole de Meghan\u00a0Markle\u00a0<a href=\"https:\/\/www.hellomagazine.com\/royalty\/859714\/meghan-markle-attends-balenciaga-show-in-paris-fashion-week-exclusive\/\" target=\"_blank\" rel=\"sponsored noopener\" data-gtm-custom-categorie=\"navigation\" data-gtm-custom-action=\"crossclick\" data-gtm-custom-label=\"Contextuel\" data-gtm-event=\"customEventSPE\">au magazine HELLO!<\/a> \u00a0. Et d\u2019ajouter\u00a0: \u00ab Au fil des ans, la duchesse a port\u00e9 de nombreuses cr\u00e9ations de Pierpaolo. Ils ont travaill\u00e9 en \u00e9troite collaboration sur des cr\u00e9ations pour des \u00e9v\u00e9nements cl\u00e9s de la sc\u00e8ne mondiale. Elle admire depuis longtemps son savoir-faire et son \u00e9l\u00e9gance moderne, et ce soir ne faisait pas exception\u00a0\u00bb.<\/p>\n<p>En effet, on se souvient notamment de\u00a0<a href=\"https:\/\/www.gala.fr\/l_actu\/news_de_stars\/photos-meghan-markle-glamour-en-robe-rouge-en-hommage-au-maroc_426163\" target=\"_blank\" data-fig-type=\"Article\" rel=\"sponsored noopener\" data-gtm-custom-categorie=\"navigation\" data-gtm-custom-action=\"crossclick\" data-gtm-custom-label=\"Contextuel\" data-gtm-event=\"customEventSPE\" data-fig-domain=\"GALA\">sa robe cape rouge tr\u00e8s glamour port\u00e9e lors d\u2019une visite officielle \u00e0 Casablanca au Maroc en 2018\u00a0<\/a>ou encore de\u00a0<a href=\"https:\/\/www.gala.fr\/mode\/les_stars_et_la_mode\/photos-invictus-games-meghan-markle-sublimissime-en-costume-blanc-valentino-porte-a-meme-la-peau_491678\" target=\"_blank\" data-fig-type=\"Article\" rel=\"sponsored noopener\" data-gtm-custom-categorie=\"navigation\" data-gtm-custom-action=\"crossclick\" data-gtm-custom-label=\"Contextuel\" data-gtm-event=\"customEventSPE\" data-fig-domain=\"GALA\">son sublimissime costume blanc port\u00e9 lors des Invictus Games 2022<\/a>. Deux cr\u00e9ations sign\u00e9es Pierpaolo Piccioli pour Valentino, maison dont il a \u00e9t\u00e9 la figure embl\u00e9matique pendant 25 ans avant de la quitter en mars 2024.<\/p>\n<p><strong>Meghan Markle \u00e0 Paris\u00a0: pourquoi son apparition est loin d\u2019\u00eatre anodine\u00a0<\/strong><\/p>\n<p class=\"fig-paragraph\">Cette apparition surprise est un \u00e9v\u00e9nement \u00e0 part enti\u00e8re \u00e0 bien des \u00e9gards\u00a0! En effet, si Meghan Markle fut, du temps de ses ann\u00e9es Suits, une habitu\u00e9e des front row new-yorkais et canadiens, c\u2019est en revanche la premi\u00e8re fois qu\u2019elle se rend \u00e0 la Fashion Week de Paris. Mais au-del\u00e0 de la sph\u00e8re mode, il s\u2019agit \u00e9galement de la \u00abvraie\u00bb premi\u00e8re visite de Meghan Markle en Europe depuis les fun\u00e9railles de la reine Elizabeth II en 2022. Contrairement \u00e0 son mari le prince Harry qui s\u2019est lui rendu \u00e0 plusieurs reprises sur le vieux continent ces derni\u00e8res ann\u00e9es (notamment en septembre dernier\u00a0<a href=\"https:\/\/www.gala.fr\/royautes\/charles-iii-et-harry-rencontre-de-moins-d-une-heure-the-ce-que-l-on-sait-de-leurs-retrouvailles-20250910\" target=\"_blank\" data-fig-type=\"Article\" rel=\"sponsored noopener\" data-gtm-custom-categorie=\"navigation\" data-gtm-custom-action=\"crossclick\" data-gtm-custom-label=\"Contextuel\" data-gtm-event=\"customEventSPE\" data-fig-domain=\"GALA\">pour rencontrer son p\u00e8re le roi Charles III)<\/a>,\u00a0elle n\u2019y a fait escale que bri\u00e8vement en mai 2024\u00a0pour\u00a0<a href=\"https:\/\/www.gala.fr\/l_actu\/news_de_stars\/meghan-markle-a-londres-tout-ce-que-lon-sait-sur-ses-retrouvailles-secretes-avec-harry_543194\" target=\"_blank\" data-fig-type=\"Article\" rel=\"nofollow noopener\" data-gtm-custom-categorie=\"navigation\" data-gtm-custom-action=\"crossclick\" data-gtm-custom-label=\"Contextuel\" data-gtm-event=\"customEventSPE\" data-fig-domain=\"GALA\">une correspondance \u00e0 l\u2019a\u00e9roport londonien d\u2019Heathrow<\/a>, avant un long vol en direction du Nigeria.<\/p>\n","protected":false},"excerpt":{"rendered":"Meghan Markle \u00e0 Paris, le 4 octobre 2025. Vid\u00e9o Gala C\u2019est une apparition \u00e0 laquelle personne ne s\u2019attendait\u00a0!&hellip;\n","protected":false},"author":2,"featured_media":439847,"comment_status":"","ping_status":"","sticky":false,"template":"","format":"standard","meta":{"footnotes":""},"categories":[1888],"tags":[11,1777,674,992,1011,27,908,12,626,267,56675,25],"class_list":{"0":"post-439846","1":"post","2":"type-post","3":"status-publish","4":"format-standard","5":"has-post-thumbnail","7":"category-paris","8":"tag-actualites","9":"tag-eu","10":"tag-europe","11":"tag-fashion-week","12":"tag-fr","13":"tag-france","14":"tag-meghan-markle","15":"tag-news","16":"tag-paris","17":"tag-prince-harry","18":"tag-prince-harry-dangleterre","19":"tag-republique-francaise"},"share_on_mastodon":{"url":"https:\/\/pubeurope.com\/@fr\/115319176108945246","error":""},"_links":{"self":[{"href":"https:\/\/www.europesays.com\/fr\/wp-json\/wp\/v2\/posts\/439846","targetHints":{"allow":["GET"]}}],"collection":[{"href":"https:\/\/www.europesays.com\/fr\/wp-json\/wp\/v2\/posts"}],"about":[{"href":"https:\/\/www.europesays.com\/fr\/wp-json\/wp\/v2\/types\/post"}],"author":[{"embeddable":true,"href":"https:\/\/www.europesays.com\/fr\/wp-json\/wp\/v2\/users\/2"}],"replies":[{"embeddable":true,"href":"https:\/\/www.europesays.com\/fr\/wp-json\/wp\/v2\/comments?post=439846"}],"version-history":[{"count":0,"href":"https:\/\/www.europesays.com\/fr\/wp-json\/wp\/v2\/posts\/439846\/revisions"}],"wp:featuredmedia":[{"embeddable":true,"href":"https:\/\/www.europesays.com\/fr\/wp-json\/wp\/v2\/media\/439847"}],"wp:attachment":[{"href":"https:\/\/www.europesays.com\/fr\/wp-json\/wp\/v2\/media?parent=439846"}],"wp:term":[{"taxonomy":"category","embeddable":true,"href":"https:\/\/www.europesays.com\/fr\/wp-json\/wp\/v2\/categories?post=439846"},{"taxonomy":"post_tag","embeddable":true,"href":"https:\/\/www.europesays.com\/fr\/wp-json\/wp\/v2\/tags?post=439846"}],"curies":[{"name":"wp","href":"https:\/\/api.w.org\/{rel}","templated":true}]}}