{"id":439852,"date":"2025-10-05T02:24:14","date_gmt":"2025-10-05T02:24:14","guid":{"rendered":"https:\/\/www.europesays.com\/fr\/439852\/"},"modified":"2025-10-05T02:24:14","modified_gmt":"2025-10-05T02:24:14","slug":"la-maison-blanche-annonce-lenvoi-de-300-gardes-nationaux-a-chicago","status":"publish","type":"post","link":"https:\/\/www.europesays.com\/fr\/439852\/","title":{"rendered":"La Maison Blanche annonce l&rsquo;envoi de 300 gardes nationaux \u00e0 Chicago"},"content":{"rendered":"<p>Donald Trump a sign\u00e9 samedi un d\u00e9cret pour l\u2019envoi de 300 gardes nationaux \u00e0 Chicago, au moment o\u00f9 une juge f\u00e9d\u00e9rale a bloqu\u00e9 celui qu\u2019il a ordonn\u00e9 \u00e0 Portland, deux villes d\u00e9mocrates cibl\u00e9es par le pr\u00e9sident am\u00e9ricain.<\/p>\n<p>\u00ab\u00a0Le pr\u00e9sident Trump a autoris\u00e9 300 gardes nationaux \u00e0 prot\u00e9ger les agents et biens f\u00e9d\u00e9raux\u00a0\u00bb \u00e0 Chicago, a annonc\u00e9 sa porte-parole Abigail Jackson, ajoutant que le dirigeant r\u00e9publicain \u00ab\u00a0ne d\u00e9tournera pas le regard de l\u2019\u00e9tat de non-droit qui affecte les villes am\u00e9ricaines\u00a0\u00bb.<\/p>\n<p>Cette m\u00e9gapole du nord du pays est la cinqui\u00e8me ville d\u00e9mocrate o\u00f9 le pr\u00e9sident Trump a ordonn\u00e9 le d\u00e9ploiement de la Garde nationale, une mesure jusqu\u2019alors tout \u00e0 fait exceptionnelle.<\/p>\n<p>Les gardes nationaux ont d\u00e9j\u00e0 \u00e9t\u00e9 d\u00e9ploy\u00e9s ces derniers mois \u00e0 Los Angeles, Washington et Memphis, \u00e0 chaque fois malgr\u00e9 l\u2019opposition des responsables locaux qui ont estim\u00e9 qu\u2019une telle mesure ne se justifiait aucunement.<\/p>\n<p>Un d\u00e9ploiement similaire \u00e0 Portland a toutefois \u00e9t\u00e9 bloqu\u00e9 samedi \u00e0 titre temporaire par une juge f\u00e9d\u00e9rale.<\/p>\n<p>M. Trump a assur\u00e9 que la ville de l\u2019Oregon, o\u00f9 des manifestations contre la police de l\u2019immigration ont lieu depuis des mois, est \u00ab\u00a0ravag\u00e9e par la guerre\u00a0\u00bb.<\/p>\n<p>Mais dans un document de 33 pages, la juge Karin J. Immergut souligne que ces mouvements de protestation ne pr\u00e9sentent pas de \u00ab\u00a0danger de r\u00e9bellion\u00a0\u00bb et peuvent \u00eatre g\u00e9r\u00e9s par les \u00ab\u00a0forces de l\u2019ordre r\u00e9guli\u00e8res\u00a0\u00bb.<\/p>\n<p>Les fonctionnaires f\u00e9d\u00e9raux ont en cons\u00e9quence \u00ab\u00a0temporairement interdiction\u00a0\u00bb d\u2019y d\u00e9ployer la Garde nationale, a-t-elle statu\u00e9. Cette d\u00e9cision expire le 18 octobre.<\/p>\n<p>\u00ab\u00a0Pas besoin de troupes militaires\u00a0\u00bb        <\/p>\n<p>    <img decoding=\"async\" src=\"https:\/\/www.europesays.com\/fr\/wp-content\/uploads\/2025\/10\/2216791-un-membre-des-forces-de-l-ordre-a-chicago-le-4-oct.jpg\" alt=\"Un membre des forces de l'ordre \u00e0 Chicago, le 4 octobre 2025\"   class=\"article-media__image\" loading=\"lazy\" style=\"aspect-ratio:2048\/1365\"\/><\/p>\n<p>\n                    Un membre des forces de l&rsquo;ordre \u00e0 Chicago, le 4 octobre 2025<\/p>\n<p>                            OCTAVIO JONES \/ AFP<\/p>\n<p>Donald Trump a fait de la lutte contre l\u2019immigration clandestine une priorit\u00e9 absolue de son second mandat depuis son retour \u00e0 la Maison Blanche en janvier.<\/p>\n<p>Il estime que les Etats-Unis sont victimes d\u2019une \u00ab\u00a0invasion\u00a0\u00bb de \u00ab\u00a0criminels venus de l\u2019\u00e9tranger\u00a0\u00bb et communique abondamment sur les expulsions.<\/p>\n<p>Plusieurs manifestations et actions contre la police de l\u2019immigration (ICE) ont eu lieu dans le pays derni\u00e8rement, notamment dans les villes dites \u00ab\u00a0sanctuaires\u00a0\u00bb telles que Portland ou Chicago, o\u00f9 les migrants en situation irr\u00e9guli\u00e8re et menac\u00e9s d\u2019expulsions sont prot\u00e9g\u00e9s.<\/p>\n<p>\u00ab\u00a0Il n\u2019y a pas d\u2019insurrection, il n\u2019y a pas de menace pour la s\u00e9curit\u00e9 nationale, et il n\u2019y a pas besoin de troupes militaires dans notre grande ville\u00a0\u00bb, a clam\u00e9 la gouverneure de l\u2019Oregon, Tina Kotek, avant d\u2019appeler le public \u00e0 \u00ab\u00a0ne pas mordre \u00e0 l\u2019hame\u00e7on\u00a0\u00bb en s\u2019engageant dans des violences ou des d\u00e9gradations.<\/p>\n<p>Saluant la d\u00e9cision judiciaire, le s\u00e9nateur d\u00e9mocrate de l\u2019Oregon Ron Wyden estime qu\u2019elle vient confirmer \u00ab\u00a0ce que les habitants de l\u2019Oregon savent d\u00e9j\u00e0: nous ne voulons pas que Donald Trump provoque la violence en d\u00e9ployant des troupes f\u00e9d\u00e9rales dans notre Etat\u00a0\u00bb.<\/p>\n<p>Les d\u00e9mocrates pr\u00e9sentent un front uni contre de tels d\u00e9ploiements.<\/p>\n<p>Les gardes nationaux, r\u00e9servistes de l\u2019arm\u00e9e, sont form\u00e9s pour intervenir sur des catastrophes naturelles mais ils peuvent \u00e9galement combattre \u00e0 l\u2019\u00e9tranger.<\/p>\n<p>Donald Trump menace d\u2019envoyer des militaires \u00e9galement \u00e0 New York ou Baltimore, d\u2019autres grandes villes d\u00e9mocrates.<\/p>\n<p>    <img decoding=\"async\" src=\"https:\/\/www.europesays.com\/fr\/wp-content\/uploads\/2025\/10\/2216792-un-homme-filme-les-forces-de-l-ordre-a-chicago-le-.jpg\" alt=\"Un homme filme les forces de l'ordre \u00e0 Chicago, le 4 octobre 2025\"   class=\"article-media__image\" loading=\"lazy\" style=\"aspect-ratio:2048\/1365\"\/><\/p>\n<p>\n                    Un homme filme les forces de l&rsquo;ordre \u00e0 Chicago, le 4 octobre 2025<\/p>\n<p>                            OCTAVIO JONES \/ AFP<\/p>\n<p>A Chicago, des forces du D\u00e9partement de la s\u00e9curit\u00e9 int\u00e9rieure (DHS) ont dit samedi avoir \u00e9t\u00e9 contraintes d\u2019ouvrir le feu sur une automobiliste \u00ab\u00a0arm\u00e9e\u00a0\u00bb qui avait embouti leur fourgon, la blessant. <\/p>\n","protected":false},"excerpt":{"rendered":"Donald Trump a sign\u00e9 samedi un d\u00e9cret pour l\u2019envoi de 300 gardes nationaux \u00e0 Chicago, au moment o\u00f9&hellip;\n","protected":false},"author":2,"featured_media":439853,"comment_status":"","ping_status":"","sticky":false,"template":"","format":"standard","meta":{"footnotes":""},"categories":[1589],"tags":[11,73,1866,12,1864,1865,1863,308],"class_list":{"0":"post-439852","1":"post","2":"type-post","3":"status-publish","4":"format-standard","5":"has-post-thumbnail","7":"category-etats-unis","8":"tag-actualites","9":"tag-etats-unis","10":"tag-etats-unis-damerique","11":"tag-news","12":"tag-united-states","13":"tag-united-states-of-america","14":"tag-us","15":"tag-usa"},"share_on_mastodon":{"url":"https:\/\/pubeurope.com\/@fr\/115319188421476240","error":""},"_links":{"self":[{"href":"https:\/\/www.europesays.com\/fr\/wp-json\/wp\/v2\/posts\/439852","targetHints":{"allow":["GET"]}}],"collection":[{"href":"https:\/\/www.europesays.com\/fr\/wp-json\/wp\/v2\/posts"}],"about":[{"href":"https:\/\/www.europesays.com\/fr\/wp-json\/wp\/v2\/types\/post"}],"author":[{"embeddable":true,"href":"https:\/\/www.europesays.com\/fr\/wp-json\/wp\/v2\/users\/2"}],"replies":[{"embeddable":true,"href":"https:\/\/www.europesays.com\/fr\/wp-json\/wp\/v2\/comments?post=439852"}],"version-history":[{"count":0,"href":"https:\/\/www.europesays.com\/fr\/wp-json\/wp\/v2\/posts\/439852\/revisions"}],"wp:featuredmedia":[{"embeddable":true,"href":"https:\/\/www.europesays.com\/fr\/wp-json\/wp\/v2\/media\/439853"}],"wp:attachment":[{"href":"https:\/\/www.europesays.com\/fr\/wp-json\/wp\/v2\/media?parent=439852"}],"wp:term":[{"taxonomy":"category","embeddable":true,"href":"https:\/\/www.europesays.com\/fr\/wp-json\/wp\/v2\/categories?post=439852"},{"taxonomy":"post_tag","embeddable":true,"href":"https:\/\/www.europesays.com\/fr\/wp-json\/wp\/v2\/tags?post=439852"}],"curies":[{"name":"wp","href":"https:\/\/api.w.org\/{rel}","templated":true}]}}