{"id":43986,"date":"2025-04-22T12:52:12","date_gmt":"2025-04-22T12:52:12","guid":{"rendered":"https:\/\/www.europesays.com\/fr\/43986\/"},"modified":"2025-04-22T12:52:12","modified_gmt":"2025-04-22T12:52:12","slug":"metropole-de-lyon-vous-souffrez-dallergies-voici-une-carte-interactive-pour-eviter-les-pollens","status":"publish","type":"post","link":"https:\/\/www.europesays.com\/fr\/43986\/","title":{"rendered":"M\u00e9tropole de Lyon. Vous souffrez d\u2019allergies\u00a0? Voici une carte interactive pour \u00e9viter les pollens"},"content":{"rendered":"<p>Avec le printemps, la M\u00e9tropole de Lyon innove en lan\u00e7ant une carte num\u00e9rique destin\u00e9e \u00e0 guider les habitants sur les chemins les moins expos\u00e9s aux pollens allergisants. D\u00e9velopp\u00e9e par le laboratoire d\u2019innovation Erasme, cette exp\u00e9rimentation, unique \u00e0 l\u2019\u00e9chelle d\u2019une m\u00e9tropole fran\u00e7aise, vise \u00e0 faciliter les d\u00e9placements quotidiens des personnes sensibles aux allergies, alors que la p\u00e9riode de floraison bat son plein.<\/p>\n<p>En pratique, il suffit de renseigner un point de d\u00e9part et une destination pour que la plateforme propose un itin\u00e9raire optimis\u00e9, limitant l\u2019exposition aux pollens selon la saison et les essences d\u2019arbres rencontr\u00e9es.<\/p>\n<p>De f\u00e9vrier \u00e0 mai, la r\u00e9duction moyenne d\u2019exposition atteint 29\u00a0%, tandis qu\u2019elle est de 26\u00a0% de juin \u00e0 janvier par rapport \u00e0 un trajet classique, chiffre la collectivit\u00e9. La carte couvre l\u2019ensemble des 58 communes de la M\u00e9tropole et s\u2019appuie sur plus de 32\u00a0000\u00a0km de lin\u00e9aires pi\u00e9tons et 17\u00a0000 hectares analys\u00e9s (soit 32\u00a0% du territoire).<\/p>\n<p>  Un contexte marqu\u00e9 par la fin du RNSA<\/p>\n<p>Cette initiative intervient alors que le R\u00e9seau national de surveillance a\u00e9robiologique (RNSA), bas\u00e9 \u00e0 Brussieu dans l Rh\u00f4ne, <a href=\"https:\/\/www.leprogres.fr\/sante\/2025\/03\/27\/surveillance-des-pollens-le-rnsa-place-en-liquidation-judiciaire\" target=\"_blank\" rel=\"nofollow noopener\">a \u00e9t\u00e9 plac\u00e9 en liquidation judiciaire<\/a> fin mars\u00a02025. Depuis 30 ans, le RNSA fournissait des indices polliniques hebdomadaires pr\u00e9cieux pour les allergiques, mais la fin de ses subventions publiques a mis un terme \u00e0 son activit\u00e9. <a href=\"https:\/\/www.atmo-france.org\/indiceatmo?bbox=-4.537354%252C43.444943%252C5.943604%252C46.950262&amp;ind=pollen\" target=\"_blank\" rel=\"nofollow noopener\">Un nouvel indice national<\/a>, port\u00e9 par Atmo France, a \u00e9t\u00e9 lanc\u00e9 d\u00e9but avril.<\/p>\n<p>  Un outil \u00e9volutif et des donn\u00e9es \u00e9largies<\/p>\n<p>Fruit d\u2019une collaboration entre la Direction de l\u2019innovation num\u00e9rique, la Direction des mobilit\u00e9s et l\u2019Open data des communes, la carte s\u2019inscrit dans une d\u00e9marche de sant\u00e9 environnementale et d\u2019ouverture des donn\u00e9es publiques. Les utilisateurs peuvent contribuer \u00e0 son am\u00e9lioration <a href=\"https:\/\/form.typeform.com\/to\/yP5LDsXk\" target=\"_blank\" rel=\"nofollow noopener\">via un formulaire int\u00e9gr\u00e9<\/a>, permettant d\u2019adapter les itin\u00e9raires ou d\u2019ajouter de nouveaux crit\u00e8res.<\/p>\n<p><a href=\"https:\/\/www.leprogres.fr\/environnement\/2024\/06\/30\/ils-surveillent-les-pollens-de-toute-la-france-depuis-les-monts-du-lyonnais\" target=\"_blank\" rel=\"nofollow noopener\">Au-del\u00e0 des pollens<\/a>, la plateforme propose \u00e9galement des itin\u00e9raires prenant en compte la chaleur, le bruit, ou la proximit\u00e9 de lieux touristiques. Les utilisateurs peuvent aussi localiser fontaines d\u2019eau potable, toilettes et bancs publics, rendant la carte utile \u00e0 tous, allergiques ou non.<\/p>\n<p>L\u2019exp\u00e9rimentation se poursuivra jusqu\u2019en septembre, p\u00e9riode durant laquelle les retours des habitants seront essentiels pour affiner ce service.<\/p>\n<p class=\"note\">La carte est disponible via\u00a0: <a href=\"https:\/\/parcours-a-la-carte.datagora.erasme.org\/\" target=\"_blank\" rel=\"nofollow noopener\">parcours-a-la-carte.datagora.erasme.org<\/a>.<\/p>\n","protected":false},"excerpt":{"rendered":"Avec le printemps, la M\u00e9tropole de Lyon innove en lan\u00e7ant une carte num\u00e9rique destin\u00e9e \u00e0 guider les habitants&hellip;\n","protected":false},"author":2,"featured_media":43987,"comment_status":"","ping_status":"","sticky":false,"template":"","format":"standard","meta":{"footnotes":""},"categories":[1889],"tags":[1111,11,2430,4523,3152,2757,3153,3154,1777,674,107,1011,27,2428,2756,12,25,2429,71,3151,104],"class_list":{"0":"post-43986","1":"post","2":"type-post","3":"status-publish","4":"format-standard","5":"has-post-thumbnail","7":"category-lyon","8":"tag-actu","9":"tag-actualites","10":"tag-auvergne-rhone-alpes","11":"tag-conseils-pratiques","12":"tag-edition-est-lyonnais","13":"tag-edition-lyon-villeurbanne","14":"tag-edition-ouest-lyonnais","15":"tag-edition-sud-lyonnais","16":"tag-eu","17":"tag-europe","18":"tag-fil-info","19":"tag-fr","20":"tag-france","21":"tag-lyon","22":"tag-lyon-bassin","23":"tag-news","24":"tag-republique-francaise","25":"tag-rhone","26":"tag-sante","27":"tag-selection-de-la-redaction-69","28":"tag-societe"},"share_on_mastodon":{"url":"https:\/\/pubeurope.com\/@fr\/114381713940860712","error":""},"_links":{"self":[{"href":"https:\/\/www.europesays.com\/fr\/wp-json\/wp\/v2\/posts\/43986","targetHints":{"allow":["GET"]}}],"collection":[{"href":"https:\/\/www.europesays.com\/fr\/wp-json\/wp\/v2\/posts"}],"about":[{"href":"https:\/\/www.europesays.com\/fr\/wp-json\/wp\/v2\/types\/post"}],"author":[{"embeddable":true,"href":"https:\/\/www.europesays.com\/fr\/wp-json\/wp\/v2\/users\/2"}],"replies":[{"embeddable":true,"href":"https:\/\/www.europesays.com\/fr\/wp-json\/wp\/v2\/comments?post=43986"}],"version-history":[{"count":0,"href":"https:\/\/www.europesays.com\/fr\/wp-json\/wp\/v2\/posts\/43986\/revisions"}],"wp:featuredmedia":[{"embeddable":true,"href":"https:\/\/www.europesays.com\/fr\/wp-json\/wp\/v2\/media\/43987"}],"wp:attachment":[{"href":"https:\/\/www.europesays.com\/fr\/wp-json\/wp\/v2\/media?parent=43986"}],"wp:term":[{"taxonomy":"category","embeddable":true,"href":"https:\/\/www.europesays.com\/fr\/wp-json\/wp\/v2\/categories?post=43986"},{"taxonomy":"post_tag","embeddable":true,"href":"https:\/\/www.europesays.com\/fr\/wp-json\/wp\/v2\/tags?post=43986"}],"curies":[{"name":"wp","href":"https:\/\/api.w.org\/{rel}","templated":true}]}}