{"id":439870,"date":"2025-10-05T02:37:12","date_gmt":"2025-10-05T02:37:12","guid":{"rendered":"https:\/\/www.europesays.com\/fr\/439870\/"},"modified":"2025-10-05T02:37:12","modified_gmt":"2025-10-05T02:37:12","slug":"ca-met-les-boules-de-ne-pas-avoir-de-performances","status":"publish","type":"post","link":"https:\/\/www.europesays.com\/fr\/439870\/","title":{"rendered":"\u00ab \u00c7a met les boules de ne pas avoir de performances \u00bb"},"content":{"rendered":"<p>&#13;<\/p>\n<p><strong>Johann Zarco a v\u00e9cu une nouvelle d\u00e9sillusion lors du Sprint \u00e0 Mandalika, conclu par une chute dans le dernier virage. <\/strong><\/p>\n<p>Malgr\u00e9 un bon d\u00e9part et quelques d\u00e9passements en d\u00e9but de course, Johann n\u2019a pas trouv\u00e9 le rythme pour suivre le groupe de t\u00eate et de dit d\u00e9\u00e7u notamment en termes de confiance. \u00ab On ne progresse pas sur ce point, a-t-il confi\u00e9. Mais je reste vraiment serein, le plus calme possible pour travailler et donner des informations claires, sans me mettre en doute. C\u2019est un exercice int\u00e9ressant, mais \u00e7a met les boules de ne pas avoir de performance. Hier, j\u2019\u00e9tais tr\u00e8s d\u00e9\u00e7u de la chute, et aujourd\u2019hui la confiance sur le train avant ne s\u2019est pas am\u00e9lior\u00e9e. \u00bb<\/p>\n<p>Le pilote LCR souligne toutefois quelques points positifs : \u00ab J\u2019ai fait mon meilleur d\u00e9part de l\u2019ann\u00e9e. On progresse l\u00e0-dessus, c&rsquo;est une bonne chose. J\u2019ai pu me faufiler en \u00e9tant malin et gagner des places. Mais ensuite, je bloque en 1\u201931, alors que Mir devant roulait en 30.5. Je ne pouvais pas prendre ce rythme sans risquer de tomber, et finalement je chute au dernier virage. \u00bb<\/p>\n<p>Zarco garde malgr\u00e9 tout un certain recul : \u00ab On bosse avec l\u2019\u00e9quipe, on va encore se voir ce soir. J\u2019essaie de prendre \u00e7a avec philosophie. Lucio (Cecchinello) est vraiment tr\u00e8s investi pour qu\u2019on comprenne ensemble. Mais c\u2019est vrai que l\u00e0, il n\u2019y a pas de r\u00e9sultat. \u00bb<\/p>\n<p>&#13;<br \/>\n           &#13;<br \/>\n&#13;<br \/>\n    &#13;<br \/>\n    &#13;<\/p>\n","protected":false},"excerpt":{"rendered":"&#13; Johann Zarco a v\u00e9cu une nouvelle d\u00e9sillusion lors du Sprint \u00e0 Mandalika, conclu par une chute dans&hellip;\n","protected":false},"author":2,"featured_media":439871,"comment_status":"","ping_status":"","sticky":false,"template":"","format":"standard","meta":{"footnotes":""},"categories":[1413],"tags":[1011,27,1457,1456,60],"class_list":{"0":"post-439870","1":"post","2":"type-post","3":"status-publish","4":"format-standard","5":"has-post-thumbnail","7":"category-moto","8":"tag-fr","9":"tag-france","10":"tag-moto","11":"tag-motocycle","12":"tag-sports"},"share_on_mastodon":{"url":"https:\/\/pubeurope.com\/@fr\/115319239022551053","error":""},"_links":{"self":[{"href":"https:\/\/www.europesays.com\/fr\/wp-json\/wp\/v2\/posts\/439870","targetHints":{"allow":["GET"]}}],"collection":[{"href":"https:\/\/www.europesays.com\/fr\/wp-json\/wp\/v2\/posts"}],"about":[{"href":"https:\/\/www.europesays.com\/fr\/wp-json\/wp\/v2\/types\/post"}],"author":[{"embeddable":true,"href":"https:\/\/www.europesays.com\/fr\/wp-json\/wp\/v2\/users\/2"}],"replies":[{"embeddable":true,"href":"https:\/\/www.europesays.com\/fr\/wp-json\/wp\/v2\/comments?post=439870"}],"version-history":[{"count":0,"href":"https:\/\/www.europesays.com\/fr\/wp-json\/wp\/v2\/posts\/439870\/revisions"}],"wp:featuredmedia":[{"embeddable":true,"href":"https:\/\/www.europesays.com\/fr\/wp-json\/wp\/v2\/media\/439871"}],"wp:attachment":[{"href":"https:\/\/www.europesays.com\/fr\/wp-json\/wp\/v2\/media?parent=439870"}],"wp:term":[{"taxonomy":"category","embeddable":true,"href":"https:\/\/www.europesays.com\/fr\/wp-json\/wp\/v2\/categories?post=439870"},{"taxonomy":"post_tag","embeddable":true,"href":"https:\/\/www.europesays.com\/fr\/wp-json\/wp\/v2\/tags?post=439870"}],"curies":[{"name":"wp","href":"https:\/\/api.w.org\/{rel}","templated":true}]}}