{"id":439872,"date":"2025-10-05T02:38:15","date_gmt":"2025-10-05T02:38:15","guid":{"rendered":"https:\/\/www.europesays.com\/fr\/439872\/"},"modified":"2025-10-05T02:38:15","modified_gmt":"2025-10-05T02:38:15","slug":"max-verstappen-toujours-a-la-chasse-aux-mclaren","status":"publish","type":"post","link":"https:\/\/www.europesays.com\/fr\/439872\/","title":{"rendered":"Max Verstappen toujours \u00e0 la chasse aux McLaren"},"content":{"rendered":"\n<p>\u00ab\u00a0Je crois que j&rsquo;ai encore progress\u00e9 dans mon pilotage\u00a0\u00bb\u00a0: Max Verstappen toujours \u00e0 la chasse aux McLaren<\/p>\n<p>Max Verstappen, fort de ses deux victoires cons\u00e9cutives et d&rsquo;une Red Bull en pleine renaissance, pourrait, gr\u00e2ce \u00e0 sa premi\u00e8re ligne \u00e0 Singapour, enfin vaincre la mal\u00e9diction sur le trac\u00e9 de Marina Bay o\u00f9 il n&rsquo;a jamais gagn\u00e9. Et en profiter pour grignoter son retard au Championnat sur les deux McLaren.<\/p>\n","protected":false},"excerpt":{"rendered":"\u00ab\u00a0Je crois que j&rsquo;ai encore progress\u00e9 dans mon pilotage\u00a0\u00bb\u00a0: Max Verstappen toujours \u00e0 la chasse aux McLaren Max&hellip;\n","protected":false},"author":2,"featured_media":439873,"comment_status":"","ping_status":"","sticky":false,"template":"","format":"standard","meta":{"footnotes":""},"categories":[1412],"tags":[1451,1452,1453,1454,1455,1011,27,60],"class_list":{"0":"post-439872","1":"post","2":"type-post","3":"status-publish","4":"format-standard","5":"has-post-thumbnail","7":"category-f1","8":"tag-f1","9":"tag-formula-1","10":"tag-formula1","11":"tag-formule-1","12":"tag-formule1","13":"tag-fr","14":"tag-france","15":"tag-sports"},"share_on_mastodon":{"url":"https:\/\/pubeurope.com\/@fr\/115319242996805155","error":""},"_links":{"self":[{"href":"https:\/\/www.europesays.com\/fr\/wp-json\/wp\/v2\/posts\/439872","targetHints":{"allow":["GET"]}}],"collection":[{"href":"https:\/\/www.europesays.com\/fr\/wp-json\/wp\/v2\/posts"}],"about":[{"href":"https:\/\/www.europesays.com\/fr\/wp-json\/wp\/v2\/types\/post"}],"author":[{"embeddable":true,"href":"https:\/\/www.europesays.com\/fr\/wp-json\/wp\/v2\/users\/2"}],"replies":[{"embeddable":true,"href":"https:\/\/www.europesays.com\/fr\/wp-json\/wp\/v2\/comments?post=439872"}],"version-history":[{"count":0,"href":"https:\/\/www.europesays.com\/fr\/wp-json\/wp\/v2\/posts\/439872\/revisions"}],"wp:featuredmedia":[{"embeddable":true,"href":"https:\/\/www.europesays.com\/fr\/wp-json\/wp\/v2\/media\/439873"}],"wp:attachment":[{"href":"https:\/\/www.europesays.com\/fr\/wp-json\/wp\/v2\/media?parent=439872"}],"wp:term":[{"taxonomy":"category","embeddable":true,"href":"https:\/\/www.europesays.com\/fr\/wp-json\/wp\/v2\/categories?post=439872"},{"taxonomy":"post_tag","embeddable":true,"href":"https:\/\/www.europesays.com\/fr\/wp-json\/wp\/v2\/tags?post=439872"}],"curies":[{"name":"wp","href":"https:\/\/api.w.org\/{rel}","templated":true}]}}