{"id":439880,"date":"2025-10-05T02:43:21","date_gmt":"2025-10-05T02:43:21","guid":{"rendered":"https:\/\/www.europesays.com\/fr\/439880\/"},"modified":"2025-10-05T02:43:21","modified_gmt":"2025-10-05T02:43:21","slug":"bretagne-comment-trouver-labondance-et-sepanouir-isabelle-a-la-solution","status":"publish","type":"post","link":"https:\/\/www.europesays.com\/fr\/439880\/","title":{"rendered":"Bretagne. Comment trouver l\u2019abondance et s\u2019\u00e9panouir, Isabelle a la solution"},"content":{"rendered":"<p>            Par<br \/>\n        <strong><br \/>\n            <a href=\"https:\/\/actu.fr\/auteur\/journaliste-lt\" title=\"Consulter tous les articles de R\u00e9daction Lannion\" target=\"_blank\" rel=\"noopener\">R\u00e9daction Lannion<\/a><br \/>\n        <\/strong><\/p>\n<p>        Publi\u00e9 le<\/p>\n<p>            4 oct. 2025 \u00e0 16h16        <\/p>\n<p>\u00ab Je suis une id\u00e9aliste ! \u00bb aime r\u00e9p\u00e9ter <b>Isabelle Pomart<\/b>, de Tr\u00e9gastel (<a href=\"https:\/\/actu.fr\/tag\/cote-de-granit-rose\" target=\"_blank\" rel=\"noopener\">C\u00f4te de Granit rose<\/a>), \u00e0 l\u2019heure de sortir son premier livre, intitul\u00e9 L\u2019abondance pour tous.<\/p>\n<p class=\" wall-content\">L\u2019autrice, qui a \u00ab envie d\u2019un monde meilleur \u00bb, pr\u00e9sente des outils pour aider les lecteurs \u00e0 trouver l\u2019abondance et \u00e0 s\u2019\u00e9panouir sur le plan financier, mais aussi humain et personnel.<\/p>\n<p>Une enfance pr\u00e9caire<\/p>\n<blockquote class=\"ac-article-quote wall-content\">\n<p>\u00ab J\u2019ai connu la pr\u00e9carit\u00e9 durant mon enfance. Ma m\u00e8re \u00e9levait seule ses trois enfants, et les fins de mois \u00e9taient difficiles \u00bb.<\/p>\n<p>Isabelle Pomart, auteure.<\/p><\/blockquote>\n<p class=\" wall-content\">Originaire du <b>nord de la France<\/b>, sa m\u00e8re \u00e9tait aide-soignante en g\u00e9riatrie, ses grands-parents agriculteurs et mineurs de fond.<\/p>\n<p class=\" wall-content\">Isabelle parle de programmation inconsciente et d\u2019h\u00e9ritage re\u00e7u, dans son propre cas le sens du devoir, le travail et m\u00eame le labeur, qui l\u2019ont en quelque sorte conditionn\u00e9e d\u00e8s le plus jeune \u00e2ge.<\/p>\n<p class=\" wall-content\">\u00ab Quand j\u2019\u00e9tais enfant la vie \u00e9tait tr\u00e8s difficile mais <b>je suis tr\u00e8s fi\u00e8re de l\u00e0 o\u00f9 je viens<\/b> \u00bb affirme Isabelle en \u00e9voquant notamment son grand-p\u00e8re maternel qui l\u2019a en partie \u00e9lev\u00e9e, pr\u00e8s de Lille.<\/p>\n<p>Vid\u00e9os : en ce moment sur ActuAbondance mat\u00e9rielle<\/p>\n<p class=\" wall-content\">Pour avoir un avenir meilleur, Isabelle fait <b>des \u00e9tudes de commerce<\/b>, elle doit contracter un gros pr\u00eat pour payer les frais de scolarit\u00e9, et \u00e0 24 ans elle est responsable d\u2019une agence d\u2019assurances.<\/p>\n<p class=\" wall-content\">Ensuite elle travaille pendant une dizaine d\u2019ann\u00e9es dans l\u2019industrie pharmaceutique, l\u2019abondance financi\u00e8re est bien l\u00e0, mais sa derni\u00e8re exp\u00e9rience pour un laboratoire tourne mal.<\/p>\n<p>Votre r\u00e9gion, votre actu !<\/p>\n<p>Recevez chaque jour les infos qui comptent pour vous.<\/p>\n<p>\t<a href=\"https:\/\/actu.fr\/newsletter\" class=\"ac-btn ac-btn--corner ac-btn--medium ac-btn--blue800\" target=\"_blank\" rel=\"noopener\">S&rsquo;incrire<\/a><\/p>\n<p class=\" wall-content\">\u00ab J\u2019ai d\u00e9cid\u00e9 de <b>ne plus jamais travailler pour personne<\/b>, alors j\u2019ai cr\u00e9\u00e9 mon agence d\u2019\u00e9v\u00e9nementiel sur Lille en 2012 \u00bb relate l\u2019entrepreneuse. H\u00e9las l\u2019aventure tourne court, et son entreprise fait faillite, \u00ab un vrai cr\u00e8ve-c\u0153ur \u00bb confie-elle.<\/p>\n<p>Burn-out et AVC<\/p>\n<p class=\" wall-content\">Isabelle a connu d\u2019autres accidents de vie, <b>un burn-out, <\/b>puis un accident vasculaire c\u00e9r\u00e9bral (AVC) en mai 2024. Elle \u00e9tait alors devenue coach professionnelle certifi\u00e9e et accompagnait de nombreuses personnes.<\/p>\n<blockquote class=\"ac-article-quote wall-content\">\n<p>\u00ab J\u2019ai soudain perdu l\u2019usage de la parole et de mon bras gauche alors que je suis gauch\u00e8re. Je me suis dit : qu\u2019est-ce que je vais faire ? \u00bb<\/p>\n<\/blockquote>\n<p class=\" wall-content\">Isabelle a vite retrouv\u00e9 ses facult\u00e9s, mais garde une fatigue importante depuis. Elle est ressortie de cet \u00e9pisode avec une \u00e9vidence : \u00ab Il fallait que je finisse mon livre commenc\u00e9 quelques ann\u00e9es auparavant, je ne pouvais plus reporter. \u00bb<\/p>\n<p class=\" wall-content\">L\u2019autrice qui pr\u00e9f\u00e8re <b>toujours voir le bon c\u00f4t\u00e9 des choses<\/b>, d\u00e9crit sa maladie comme \u00ab un cadeau cach\u00e9, mal emball\u00e9 \u00bb qui lui a donn\u00e9 la volont\u00e9 de continuer \u00e0 \u00e9crire son livre.<\/p>\n<p>R\u00e9aliser ses r\u00eaves<\/p>\n<p class=\" wall-content\">De son parcours chaotique, Isabelle Pomart retient le positif, et se sert de son exp\u00e9rience pour tenter d\u2019aider les autres.<\/p>\n<blockquote class=\"ac-article-quote wall-content\">\n<p>\u00ab J\u2019ai commenc\u00e9 \u00e0 \u00e9crire \u00e0 l\u2019adolescence, sur une machine \u00e0 \u00e9crire. Je composais des po\u00e8mes inspir\u00e9s, je pr\u00e9parais des expos\u00e9s pour l\u2019\u00e9cole. \u00bb<\/p>\n<\/blockquote>\n<p class=\" wall-content\">Son r\u00eave \u00e0 l\u2019\u00e9poque ? \u00ab J\u2019aurais aim\u00e9 travailler \u00e0 l\u2019ONU, sur la charte des Droits de l\u2019Homme. \u00bb\u00a0On lui dit qu\u2019elle est trop id\u00e9aliste, trop sensible, mais il y a un r\u00eave qu\u2019elle a r\u00e9alis\u00e9 : s\u2019installer en Bretagne.<\/p>\n<p class=\" wall-content\">\u00ab J\u2019ai pass\u00e9 des vacances \u00e0 Crozon, j\u2019ai ador\u00e9 ! se souvient Isabelle. Apr\u00e8s mon divorce, je me suis sentie libre de vivre o\u00f9 je voulais. \u00bb<\/p>\n<p class=\" wall-content\">Arriv\u00e9e il y a 9 ans dans les C\u00f4tes-d\u2019Armor, elle a pos\u00e9 ses valises \u00e0 Tr\u00e9gastel il y a 3 ans, \u00ab un endroit magique \u00bb selon ses mots.<\/p>\n<p>Des solutions pour s\u2019en sortir<\/p>\n<p class=\" wall-content\">Avec son livre, Isabelle propose <b>des outils concrets, <\/b>des cl\u00e9s pour s\u2019en sortir. \u00ab J\u2019\u00e9cris pour moi, pour mon fils et pour les lecteurs. Je pense que tout est \u00e9nergie, quand tu as connu le tr\u00e8s bas, tu peux conna\u00eetre le tr\u00e8s haut, tout est possible. \u00bb<\/p>\n<p class=\" wall-content\">Pour appuyer ses propos, l\u2019autrice parle de son v\u00e9cu pour aider les gens : \u00ab J\u2019ai quitt\u00e9 une vie confortable financi\u00e8rement pour trouver quelque chose de diff\u00e9rent. \u00bb<\/p>\n<p class=\" wall-content\">Isabelle Pomart appr\u00e9cie l\u2019\u00e9criture, qui lui permet de toucher plus de personnes que lors de coachings individualis\u00e9s, et alors que le premier vient tout juste de para\u00eetre, elle pr\u00e9pare d\u00e9j\u00e0 un deuxi\u00e8me livre.<\/p>\n<blockquote class=\"ac-article-quote wall-content\">\n<p>\u00ab Quelque chose en moi s\u2019est d\u00e9bloqu\u00e9. Le prochain livre sera dans la m\u00eame lign\u00e9e, et parlera notamment d\u2019h\u00e9ritage transg\u00e9n\u00e9rationnel. \u00bb<\/p>\n<\/blockquote>\n<p>\u00ab Prendre soin des gens \u00bb<\/p>\n<p class=\" wall-content\">Isabelle envisage d\u2019aller \u00e0 la rencontre de ses lecteurs, son souhait \u00e9tant d\u2019<b>aider le plus de gens possible<\/b>. Pour cela, elle a \u00e9t\u00e9 \u00e0 bonne \u00e9cole, prenant exemple sur sa m\u00e8re : \u00ab \u00c0 77\u00a0ans, ma m\u00e8re est toujours b\u00e9n\u00e9vole dans l\u2019h\u00f4pital o\u00f9 elle a travaill\u00e9. Comme elle, je souhaite continuer \u00e0 prendre soin des gens. \u00bb<\/p>\n<p class=\" wall-content\"><b>Nicoles Besnard<\/b><\/p>\n<p>L\u2019abondance pour tous, aux \u00c9ditions du Panth\u00e9on. 200 pages, prix 20,50\u20ac. Disponible sur commande en librairie et sur internet.<\/p>\n<p class=\" wall-content\">Personnalisez votre actualit\u00e9 en ajoutant vos villes et m\u00e9dias en favori avec <a href=\"https:\/\/moncompte.actu.fr\" title=\"D\u00e9couvez Mon Actu\" rel=\"nofollow noopener\" data-trk=\"{&quot;cta&quot;:{&quot;action&quot;:&quot;https:\\\/\\\/moncompte.actu.fr&quot;,&quot;category&quot;:&quot;mon compte&quot;,&quot;from&quot;:&quot;article footer&quot;,&quot;name&quot;:&quot;Mon actu&quot;,&quot;type&quot;:&quot;cta&quot;}}\" target=\"_blank\">Mon Actu<\/a>.<\/p>\n","protected":false},"excerpt":{"rendered":"Par R\u00e9daction Lannion Publi\u00e9 le 4 oct. 2025 \u00e0 16h16 \u00ab Je suis une id\u00e9aliste ! \u00bb aime&hellip;\n","protected":false},"author":2,"featured_media":439881,"comment_status":"","ping_status":"","sticky":false,"template":"","format":"standard","meta":{"footnotes":""},"categories":[1357],"tags":[4983,1379,40738,58,59,1011,27,1380,104],"class_list":{"0":"post-439880","1":"post","2":"type-post","3":"status-publish","4":"format-standard","5":"has-post-thumbnail","7":"category-livres","8":"tag-bien-etre","9":"tag-books","10":"tag-cote-de-granit-rose","11":"tag-divertissement","12":"tag-entertainment","13":"tag-fr","14":"tag-france","15":"tag-livres","16":"tag-societe"},"share_on_mastodon":{"url":"https:\/\/pubeurope.com\/@fr\/115319262666155904","error":""},"_links":{"self":[{"href":"https:\/\/www.europesays.com\/fr\/wp-json\/wp\/v2\/posts\/439880","targetHints":{"allow":["GET"]}}],"collection":[{"href":"https:\/\/www.europesays.com\/fr\/wp-json\/wp\/v2\/posts"}],"about":[{"href":"https:\/\/www.europesays.com\/fr\/wp-json\/wp\/v2\/types\/post"}],"author":[{"embeddable":true,"href":"https:\/\/www.europesays.com\/fr\/wp-json\/wp\/v2\/users\/2"}],"replies":[{"embeddable":true,"href":"https:\/\/www.europesays.com\/fr\/wp-json\/wp\/v2\/comments?post=439880"}],"version-history":[{"count":0,"href":"https:\/\/www.europesays.com\/fr\/wp-json\/wp\/v2\/posts\/439880\/revisions"}],"wp:featuredmedia":[{"embeddable":true,"href":"https:\/\/www.europesays.com\/fr\/wp-json\/wp\/v2\/media\/439881"}],"wp:attachment":[{"href":"https:\/\/www.europesays.com\/fr\/wp-json\/wp\/v2\/media?parent=439880"}],"wp:term":[{"taxonomy":"category","embeddable":true,"href":"https:\/\/www.europesays.com\/fr\/wp-json\/wp\/v2\/categories?post=439880"},{"taxonomy":"post_tag","embeddable":true,"href":"https:\/\/www.europesays.com\/fr\/wp-json\/wp\/v2\/tags?post=439880"}],"curies":[{"name":"wp","href":"https:\/\/api.w.org\/{rel}","templated":true}]}}