{"id":439882,"date":"2025-10-05T02:44:36","date_gmt":"2025-10-05T02:44:36","guid":{"rendered":"https:\/\/www.europesays.com\/fr\/439882\/"},"modified":"2025-10-05T02:44:36","modified_gmt":"2025-10-05T02:44:36","slug":"il-y-a-des-tetes-de-cons-quand-meme","status":"publish","type":"post","link":"https:\/\/www.europesays.com\/fr\/439882\/","title":{"rendered":"\u00ab\u00a0Il y a des t\u00eates de cons quand m\u00eame\u201d"},"content":{"rendered":"<p class=\"mb-4 text-lg md:leading-8 break-words\">Michel Cymes poss\u00e8de une actualit\u00e9 charg\u00e9e. Le 1 er  septembre dernier, le c\u00e9l\u00e8bre m\u00e9decin a lanc\u00e9 sa cha\u00eene de t\u00e9l\u00e9vision Mieux , disponible sur les box et en ligne. En parall\u00e8le, l&rsquo;animateur t\u00e9l\u00e9 est \u00e0 l&rsquo;affiche depuis le 25 septembre de la pi\u00e8ce de th\u00e9\u00e2tre\u00a0 Secret(s) m\u00e9dical , mise en sc\u00e8ne par\u00a0Philippe Leli\u00e8vre.<\/p>\n<p>Michel Cymes agac\u00e9 par certains de ses invit\u00e9s<\/p>\n<p class=\"mb-4 text-lg md:leading-8 break-words\">Ce samedi 27 septembre, Michel Cymes \u00e9tait pr\u00e9sent dans l&rsquo;\u00e9mission On refait la t\u00e9l\u00e9  pr\u00e9sent\u00e9e par \u00c9ric Dussart sur <a href=\"https:\/\/www.rtl.fr\/culture\/medias-people\/michel-cymes-atteint-de-tdh-pendant-le-magazine-de-la-sante-il-m-arrivait-de-ne-plus-etre-la-7900545986\" rel=\"nofollow noopener\" target=\"_blank\" data-ylk=\"slk:RTL;elm:context_link;itc:0;sec:content-canvas\" class=\"link \"> RTL  <\/a>. L&rsquo;occasion pour le journaliste d&rsquo;interroger son invit\u00e9 sur certaines de ses m\u00e9saventures sur le petit \u00e9cran : \u00a0\u00bb Est-ce que vous avez crois\u00e9 des vrais fous dans le domaine de la t\u00e9l\u00e9 qui ne sont plus sur le m\u00eame sol que nous ? \u00ab\u00a0, a ainsi demand\u00e9 \u00c9ric Dussart. Ce \u00e0 quoi Michel Cymes a r\u00e9pondu \u00e0 sa mani\u00e8re: \u00a0\u00bb Oui, j\u2019en ai crois\u00e9, mais c\u2019est plut\u00f4t du domaine de la m\u00e9galomanie surtout. Une hypertrophie du p\u00e9rim\u00e8tre cr\u00e2nien, j\u2019en ai crois\u00e9 quelques-uns, oui. Et j\u2019ai crois\u00e9 aussi des gens qui ont v\u00e9ritablement p\u00e9t\u00e9 les plombs, c\u2019est-\u00e0-dire que c\u2019\u00e9taient des gens normaux au d\u00e9but, et le succ\u00e8s les a fait basculer sur une autre plan\u00e8te. \u00ab\u00a0<\/p>\n<p class=\"mb-4 text-lg md:leading-8 break-words\">\u00a0\u00bb La t\u00e9l\u00e9 peut rendre fou, j\u2019ai connu \u00e7a oui \u00ab\u00a0, poursuit Michel Cymes, qui a m\u00eame expliqu\u00e9 ensuite ne pas avoir appr\u00e9ci\u00e9 le comportement de certains de ses invit\u00e9s par le pass\u00e9 : \u00a0\u00bb Ils ne jouaient pas le jeu. Quand on venait dans mon \u00e9mission le soir, il fallait jouer le jeu. Il fallait accepter de r\u00e9pondre aux interviews, \u00e0 ma &lsquo;consultation&rsquo;, aux questions que je posais et il y en a qui n\u2019ont pas jou\u00e9 le jeu. \u00a0\u00bb Sans citer de nom, Michel Cymes a ajout\u00e9 : \u00a0\u00bb Je ne vous dirais pas qui, j\u2019ai failli en virer deux qui \u00e9taient limite d\u00e9sagr\u00e9ables. Ils ne r\u00e9pondaient pas aux questions, ils n\u2019\u00e9taient pas tr\u00e8s sympathiques. J\u2019ai failli les virer en leur disant : &lsquo;On va arr\u00eater l\u00e0, merci et au revoir&rsquo;. \u00ab\u00a0<\/p>\n<p>\u00a0\u00bb Je n\u2019irai plus jamais dans une \u00e9mission qu\u2019elle pr\u00e9sente \u00ab\u00a0<\/p>\n<p class=\"mb-4 text-lg md:leading-8 break-words\">Ainsi, Michel Cymes a m\u00eame \u00e9t\u00e9 jusqu&rsquo;\u00e0 couper les ponts avec un animateur dont l&rsquo;identit\u00e9 est rest\u00e9e secr\u00e8te : \u00a0\u00bb Et puis, je me suis dit qu\u2019on ne pouvait pas se permettre de faire \u00e7a. Mais, il y a des t\u00eates de cons quand m\u00eame. Je pense \u00e0 une personne en particulier, qui m\u2019a invit\u00e9 dans des \u00e9missions qu\u2019elle pr\u00e9sentait et je n\u2019irai plus jamais dans une \u00e9mission qu\u2019elle pr\u00e9sente. \u00ab\u00a0<\/p>\n<p class=\"mb-4 text-lg md:leading-8 break-words\"><a href=\"https:\/\/www.programme-television.org\/news\/tv\/actualites-audiovisuel\/michel-cymes-regle-ses-comptes-avec-d-anciens-invites-de-ses-emissions-il-y-a-des-tetes-de-cons-quand-meme-4745736\" rel=\"nofollow noopener\" target=\"_blank\" data-ylk=\"slk:Voir l&#039;article original sur T\u00e9l\u00e9 7 jours;elm:context_link;itc:0;sec:content-canvas\" class=\"link \">Voir l&rsquo;article original sur T\u00e9l\u00e9 7 jours<\/a><\/p>\n","protected":false},"excerpt":{"rendered":"Michel Cymes poss\u00e8de une actualit\u00e9 charg\u00e9e. Le 1 er septembre dernier, le c\u00e9l\u00e8bre m\u00e9decin a lanc\u00e9 sa cha\u00eene&hellip;\n","protected":false},"author":2,"featured_media":439883,"comment_status":"","ping_status":"","sticky":false,"template":"","format":"standard","meta":{"footnotes":""},"categories":[1356],"tags":[56678,12446,58,59,11889,1011,27,11712,30016,252,1364],"class_list":{"0":"post-439882","1":"post","2":"type-post","3":"status-publish","4":"format-standard","5":"has-post-thumbnail","7":"category-television","8":"tag-1-er-septembre","9":"tag-chaine-de-television","10":"tag-divertissement","11":"tag-entertainment","12":"tag-eric-dussart","13":"tag-fr","14":"tag-france","15":"tag-michel-cymes","16":"tag-piece-de-theatre","17":"tag-television","18":"tag-tv"},"share_on_mastodon":{"url":"https:\/\/pubeurope.com\/@fr\/115319266544219644","error":""},"_links":{"self":[{"href":"https:\/\/www.europesays.com\/fr\/wp-json\/wp\/v2\/posts\/439882","targetHints":{"allow":["GET"]}}],"collection":[{"href":"https:\/\/www.europesays.com\/fr\/wp-json\/wp\/v2\/posts"}],"about":[{"href":"https:\/\/www.europesays.com\/fr\/wp-json\/wp\/v2\/types\/post"}],"author":[{"embeddable":true,"href":"https:\/\/www.europesays.com\/fr\/wp-json\/wp\/v2\/users\/2"}],"replies":[{"embeddable":true,"href":"https:\/\/www.europesays.com\/fr\/wp-json\/wp\/v2\/comments?post=439882"}],"version-history":[{"count":0,"href":"https:\/\/www.europesays.com\/fr\/wp-json\/wp\/v2\/posts\/439882\/revisions"}],"wp:featuredmedia":[{"embeddable":true,"href":"https:\/\/www.europesays.com\/fr\/wp-json\/wp\/v2\/media\/439883"}],"wp:attachment":[{"href":"https:\/\/www.europesays.com\/fr\/wp-json\/wp\/v2\/media?parent=439882"}],"wp:term":[{"taxonomy":"category","embeddable":true,"href":"https:\/\/www.europesays.com\/fr\/wp-json\/wp\/v2\/categories?post=439882"},{"taxonomy":"post_tag","embeddable":true,"href":"https:\/\/www.europesays.com\/fr\/wp-json\/wp\/v2\/tags?post=439882"}],"curies":[{"name":"wp","href":"https:\/\/api.w.org\/{rel}","templated":true}]}}