{"id":439884,"date":"2025-10-05T02:46:11","date_gmt":"2025-10-05T02:46:11","guid":{"rendered":"https:\/\/www.europesays.com\/fr\/439884\/"},"modified":"2025-10-05T02:46:11","modified_gmt":"2025-10-05T02:46:11","slug":"letranger-le-film-cinemas-le-telegramme-quotidien-regional-de-bretagne","status":"publish","type":"post","link":"https:\/\/www.europesays.com\/fr\/439884\/","title":{"rendered":"L&rsquo;\u00c9tranger le film &#8211; Cin\u00e9mas &#8211; Le T\u00e9l\u00e9gramme : quotidien regional de Bretagne"},"content":{"rendered":"<p>Alger, 1938. Meursault, un jeune homme d&rsquo;une trentaine d&rsquo;ann\u00e9es, modeste employ\u00e9, enterre sa m\u00e8re sans manifester la moindre \u00e9motion. Le lendemain, il entame une liaison avec Marie, une coll\u00e8gue de bureau. Puis il reprend sa vie de tous les jours. Mais son voisin, Raymond Sint\u00e8s vient perturber son quotidien en l&rsquo;entra\u00eenant dans des histoires louches jusqu&rsquo;\u00e0 un drame sur une plage, sous un soleil de plomb&#8230;<\/p>\n<p>Date de sortie : 29\/10\/2025De : Fran\u00e7ois OzonActeurs : <\/p>\n<ul>\n<li>Benjamin Voisin<\/li>\n<li>Rebecca Marder<\/li>\n<li>Pierre Lottin<\/li>\n<li>Denis Lavant<\/li>\n<li>Swann Arlaud<\/li>\n<li>Christophe Malavoy<\/li>\n<li>Nicolas Vaude<\/li>\n<li>Jean-Charles Clichet<\/li>\n<\/ul>\n<p>2h00 &#8211; Drame &#8211; France, Belgique, Maroc<\/p>\n","protected":false},"excerpt":{"rendered":"Alger, 1938. Meursault, un jeune homme d&rsquo;une trentaine d&rsquo;ann\u00e9es, modeste employ\u00e9, enterre sa m\u00e8re sans manifester la moindre&hellip;\n","protected":false},"author":2,"featured_media":40399,"comment_status":"","ping_status":"","sticky":false,"template":"","format":"standard","meta":{"footnotes":""},"categories":[1354],"tags":[12458,58,59,1346,1011,27,12457,1360],"class_list":{"0":"post-439884","1":"post","2":"type-post","3":"status-publish","4":"format-standard","5":"has-post-thumbnail","7":"category-films","8":"tag-cinemas","9":"tag-divertissement","10":"tag-entertainment","11":"tag-films","12":"tag-fr","13":"tag-france","14":"tag-homes","15":"tag-movies"},"share_on_mastodon":{"url":"https:\/\/pubeurope.com\/@fr\/115319274385938930","error":""},"_links":{"self":[{"href":"https:\/\/www.europesays.com\/fr\/wp-json\/wp\/v2\/posts\/439884","targetHints":{"allow":["GET"]}}],"collection":[{"href":"https:\/\/www.europesays.com\/fr\/wp-json\/wp\/v2\/posts"}],"about":[{"href":"https:\/\/www.europesays.com\/fr\/wp-json\/wp\/v2\/types\/post"}],"author":[{"embeddable":true,"href":"https:\/\/www.europesays.com\/fr\/wp-json\/wp\/v2\/users\/2"}],"replies":[{"embeddable":true,"href":"https:\/\/www.europesays.com\/fr\/wp-json\/wp\/v2\/comments?post=439884"}],"version-history":[{"count":0,"href":"https:\/\/www.europesays.com\/fr\/wp-json\/wp\/v2\/posts\/439884\/revisions"}],"wp:featuredmedia":[{"embeddable":true,"href":"https:\/\/www.europesays.com\/fr\/wp-json\/wp\/v2\/media\/40399"}],"wp:attachment":[{"href":"https:\/\/www.europesays.com\/fr\/wp-json\/wp\/v2\/media?parent=439884"}],"wp:term":[{"taxonomy":"category","embeddable":true,"href":"https:\/\/www.europesays.com\/fr\/wp-json\/wp\/v2\/categories?post=439884"},{"taxonomy":"post_tag","embeddable":true,"href":"https:\/\/www.europesays.com\/fr\/wp-json\/wp\/v2\/tags?post=439884"}],"curies":[{"name":"wp","href":"https:\/\/api.w.org\/{rel}","templated":true}]}}