{"id":439886,"date":"2025-10-05T02:49:12","date_gmt":"2025-10-05T02:49:12","guid":{"rendered":"https:\/\/www.europesays.com\/fr\/439886\/"},"modified":"2025-10-05T02:49:12","modified_gmt":"2025-10-05T02:49:12","slug":"isabelle-ithurburu-vivement-critiquee-apres-son-interview-de-dorothee","status":"publish","type":"post","link":"https:\/\/www.europesays.com\/fr\/439886\/","title":{"rendered":"Isabelle Ithurburu vivement critiqu\u00e9e apr\u00e8s son interview de Doroth\u00e9e"},"content":{"rendered":"<p>    Isabelle Ithurburu et Doroth\u00e9e sur TF1<br \/>\n                Capture \u00e9cran.<\/p>\n<p>La pr\u00e9sentatrice de \u00ab50 minutes inside\u00bb sur TF1 a interrog\u00e9 l\u2019animatrice vedette sur sa vie priv\u00e9e. Pour certains internautes, sa question sur le fait de ne pas avoir eu d\u2019enfant \u00e9tait d\u00e9plac\u00e9e.<\/p>\n<p class=\"fig-paragraph\">Une s\u00e9quence qui a fait vivement r\u00e9agir ce samedi 4 octobre sur TF1.\u00a0<a href=\"http:\/\/tvmag.lefigaro.fr\/programme-tv\/actu-tele\/ca-ne-sert-a-rien-les-regrets-dorothee-se-confie-avec-emotion-sur-le-fait-de-ne-jamais-avoir-eu-d-enfants-20251004\" target=\"_blank\" data-fig-type=\"Article\" rel=\"noopener nofollow\" data-gtm-custom-categorie=\"navigation\" data-gtm-custom-action=\"crossclick\" data-gtm-custom-label=\"Contextuel\" data-gtm-event=\"customEventSPE\" data-fig-domain=\"TVMAG\"><strong>Doroth\u00e9e<\/strong><\/a>, \u00abla plus grande nounou de France\u00bb, comme la d\u00e9finit<a href=\"http:\/\/tvmag.lefigaro.fr\/programme-tv\/actu-tele\/isabelle-ithurburu-tire-le-bilan-de-ses-debuts-au-13-heures-de-tf1-je-suis-soulagee-que-le-public-soit-reste-20250816\" target=\"_blank\" data-fig-type=\"Article\" rel=\"noopener nofollow\" data-gtm-custom-categorie=\"navigation\" data-gtm-custom-action=\"crossclick\" data-gtm-custom-label=\"Contextuel\" data-gtm-event=\"customEventSPE\" data-fig-domain=\"TVMAG\">\u00a0Isabelle Ithurburu<\/a>\u00a0a \u00e9t\u00e9 confront\u00e9e \u00e0 une question jug\u00e9e \u00abhorrible\u00bb ou encore \u00abintrusive\u00bb par plusieurs t\u00e9l\u00e9spectateurs de \u00ab50 minutes inside\u00bb.<\/p>\n<p class=\"fig-paragraph\">Doroth\u00e9e n\u2019a pas eu d\u2019enfant et la journaliste profite de son interview pour la questionner\u00a0: \u00abC\u2019\u00e9tait un choix personnel ou un choix impos\u00e9 par votre rythme\u00a0?\u00bb. Un long silence. La principale int\u00e9ress\u00e9e refuse de r\u00e9pondre. M\u00eame si elle affiche un sourire, celle qui a pr\u00e9sent\u00e9 \u00abLe Club Doroth\u00e9e\u00bb entre 1987 et 1997 secoue la t\u00eate et fait un geste de rejet de la main.<\/p>\n<p>                                    <a class=\"fig-a11y-skip a11y-hidden\" href=\"#fig-a11y-skip-main-inarticle\"><br \/>\n        Passer la publicit\u00e9<br \/>\n    <\/a><\/p>\n<p class=\"fig-paragraph\">\u00abSon regard \u00e0 la premi\u00e8re question&#8230;\u00bb, souligne un internaute sur le compte Instagram de l\u2019\u00e9mission. \u00abSon regard parle pour elle. Il y a des questions qu\u2019il vaut mieux \u00e9viter de poser\u00bb, estime une autre. L\u2019actrice\u00a0<a href=\"http:\/\/tvmag.lefigaro.fr\/programme-tv\/series\/marilou-berry-fiere-d-incarner-quelqu-un-qui-assume-son-independance-et-son-celibat-20220907\" target=\"_blank\" data-fig-type=\"Article\" rel=\"noopener nofollow\" data-gtm-custom-categorie=\"navigation\" data-gtm-custom-action=\"crossclick\" data-gtm-custom-label=\"Contextuel\" data-gtm-event=\"customEventSPE\" data-fig-domain=\"TVMAG\">Marilou Berry\u00a0<\/a>commente quant \u00e0 elle avec panache\u00a0: \u00abSi on pouvait arr\u00eater en 2025 ces questions \u00e0 la con&#8230;\u00bb<\/p>\n<p class=\"fig-paragraph\">Au fil de la diffusion ce soir sur la premi\u00e8re cha\u00eene, les commentaires fusent. \u00abCette question est tellement intime et d\u00e9montre bien toute la souffrance cach\u00e9e qu\u2019une femme peut endurer en silence\u00bb, \u00abL\u2019envie de sensationnalisme a des limites. Celles de la possibilit\u00e9 d\u2019une douleur chez l\u2019interview\u00e9e\u00bb, peut-on lire sur les r\u00e9seaux sociaux. De nombreux t\u00e9l\u00e9spectateurs se disent \u00abd\u00e9\u00e7us\u00bb d\u2019Isabelle Ithurburu qui \u00abmanque de bienveillance et d\u2019empathie\u00bb.<\/p>\n<p class=\"fig-paragraph\">\u00abJ\u2019ai cru que la question venait de L\u00e9a Salam\u00e9\u00bb, poste un autre plus incisif. Pour beaucoup, la s\u00e9quence fait \u00e9cho \u00e0\u00a0<a href=\"https:\/\/video.lefigaro.fr\/figaro\/merci-ca-va-une-question-sur-guillaume-canet-provoque-une-gene-entre-lea-salame-et-marion-cotillard-20250916\" target=\"_blank\" data-fig-type=\"Video\" rel=\"noopener nofollow\" data-gtm-custom-categorie=\"navigation\" data-gtm-custom-action=\"crossclick\" data-gtm-custom-label=\"Contextuel\" data-gtm-event=\"customEventSPE\" data-fig-domain=\"LEFIGARO\">celle de Marion Cotillard<\/a>\u00a0dans le JT de France 2, le 16 septembre dernier. L\u00e9a Salam\u00e9 avait questionn\u00e9 l\u2019actrice oscaris\u00e9e sur son r\u00e9cent divorce avec Guillaume Canet. Un malaise en direct, qui ne cesse depuis d\u2019\u00eatre critiqu\u00e9 ou d\u00e9tourn\u00e9.\u00a0<\/p>\n","protected":false},"excerpt":{"rendered":"Isabelle Ithurburu et Doroth\u00e9e sur TF1 Capture \u00e9cran. La pr\u00e9sentatrice de \u00ab50 minutes inside\u00bb sur TF1 a interrog\u00e9&hellip;\n","protected":false},"author":2,"featured_media":439887,"comment_status":"","ping_status":"","sticky":false,"template":"","format":"standard","meta":{"footnotes":""},"categories":[8],"tags":[58,59,1011,27,6975,199],"class_list":{"0":"post-439886","1":"post","2":"type-post","3":"status-publish","4":"format-standard","5":"has-post-thumbnail","7":"category-divertissement","8":"tag-divertissement","9":"tag-entertainment","10":"tag-fr","11":"tag-france","12":"tag-isabelle-ithurburu","13":"tag-tf1"},"share_on_mastodon":{"url":"https:\/\/pubeurope.com\/@fr\/115319286297529823","error":""},"_links":{"self":[{"href":"https:\/\/www.europesays.com\/fr\/wp-json\/wp\/v2\/posts\/439886","targetHints":{"allow":["GET"]}}],"collection":[{"href":"https:\/\/www.europesays.com\/fr\/wp-json\/wp\/v2\/posts"}],"about":[{"href":"https:\/\/www.europesays.com\/fr\/wp-json\/wp\/v2\/types\/post"}],"author":[{"embeddable":true,"href":"https:\/\/www.europesays.com\/fr\/wp-json\/wp\/v2\/users\/2"}],"replies":[{"embeddable":true,"href":"https:\/\/www.europesays.com\/fr\/wp-json\/wp\/v2\/comments?post=439886"}],"version-history":[{"count":0,"href":"https:\/\/www.europesays.com\/fr\/wp-json\/wp\/v2\/posts\/439886\/revisions"}],"wp:featuredmedia":[{"embeddable":true,"href":"https:\/\/www.europesays.com\/fr\/wp-json\/wp\/v2\/media\/439887"}],"wp:attachment":[{"href":"https:\/\/www.europesays.com\/fr\/wp-json\/wp\/v2\/media?parent=439886"}],"wp:term":[{"taxonomy":"category","embeddable":true,"href":"https:\/\/www.europesays.com\/fr\/wp-json\/wp\/v2\/categories?post=439886"},{"taxonomy":"post_tag","embeddable":true,"href":"https:\/\/www.europesays.com\/fr\/wp-json\/wp\/v2\/tags?post=439886"}],"curies":[{"name":"wp","href":"https:\/\/api.w.org\/{rel}","templated":true}]}}