{"id":439891,"date":"2025-10-05T02:52:12","date_gmt":"2025-10-05T02:52:12","guid":{"rendered":"https:\/\/www.europesays.com\/fr\/439891\/"},"modified":"2025-10-05T02:52:12","modified_gmt":"2025-10-05T02:52:12","slug":"andrej-babis-trumpiste-poursuivi-pour-fraude-largement-en-tete-des-legislatives","status":"publish","type":"post","link":"https:\/\/www.europesays.com\/fr\/439891\/","title":{"rendered":"Andrej Babis, \u00ab\u00a0trumpiste\u00a0\u00bb poursuivi pour fraude, largement en t\u00eate des l\u00e9gislatives"},"content":{"rendered":"<p>        <img decoding=\"async\" loading=\"lazy\" src=\"https:\/\/www.europesays.com\/fr\/wp-content\/uploads\/2025\/10\/9b9647b_upload-1-tsonemzxqv9j-afp-20251004-77pr2tx-v3-midres-topshotczechpoliticselectionvoteparliam.jpeg\"  width=\"728\" height=\"410\" alt=\"R\u00e9publique Tch\u00e8que\u00a0: Andrej Babis, \u00ab\u00a0trumpiste\u00a0\u00bb poursuivi pour fraude, largement en t\u00eate des l\u00e9gislatives\"\/>  <\/p>\n<p>MICHAL CIZEK \/ AFP<\/p>\n<p>R\u00e9publique Tch\u00e8que\u00a0: Andrej Babis, \u00ab\u00a0trumpiste\u00a0\u00bb poursuivi pour fraude, largement en t\u00eate des l\u00e9gislatives<\/p>\n<p class=\"asset asset-text\">INTERNATIONAL &#8211; La revanche pour Babis. Le parti de l\u2019ancien Premier ministre Andrej Babis est arriv\u00e9 largement en t\u00eate des l\u00e9gislatives <a href=\"https:\/\/www.huffingtonpost.fr\/international\/article\/tourisme-a-prague-comment-la-ville-veut-faire-venir-des-touristes-plus-cultives-qui-boivent-moins_240889.html\" target=\"_blank\" rel=\"noopener\">tch\u00e8ques<\/a> ce samedi 4\u00a0octobre, un retour gagnant pour ce milliardaire autoproclam\u00e9 trumpiste, qui avait perdu de peu le pouvoir il y a quatre ans.<\/p>\n<p class=\"asset asset-text\">Le mouvement ANO (\u00ab\u00a0Action des citoyens m\u00e9contents\u00a0\u00bb, \u00ab\u00a0OUI\u00a0\u00bb en tch\u00e8que) d\u2019Adrej Babis, 71\u00a0ans, a obtenu 34,6\u00a0% des voix, selon des r\u00e9sultats portant sur 99,5\u00a0% des bulletins d\u00e9pouill\u00e9s. Ce qui lui promet autour de 80 des 200 si\u00e8ges de l\u2019assembl\u00e9e tch\u00e8que.<\/p>\n<p class=\"asset asset-text\">Triomphant, les bras lev\u00e9s et tout sourire, il a salu\u00e9 un \u00ab\u00a0r\u00e9sultat historique\u00a0\u00bb, \u00ab\u00a0le summum absolu\u00a0\u00bb de sa carri\u00e8re politique.<\/p>\n<p> La lecture de ce contenu est susceptible d\u2019entra\u00eener un d\u00e9p\u00f4t de cookies de la part de l\u2019op\u00e9rateur tiers qui l\u2019h\u00e9berge. Compte-tenu des choix que vous avez exprim\u00e9s en mati\u00e8re de d\u00e9p\u00f4t de cookies, nous avons bloqu\u00e9 l\u2019affichage de ce contenu. Si vous souhaitez y acc\u00e9der, vous devez accepter la cat\u00e9gorie de cookies \u201cContenus tiers\u201d en cliquant sur le bouton ci-dessous. <\/p>\n<p> Lire la Vid\u00e9o        <\/p>\n<p class=\"asset asset-text\">Il devance largement le mouvement \u00ab\u00a0Ensemble\u00a0\u00bb du chef du gouvernement de centre droit sortant Petr Fiala, qui a rassembl\u00e9 23,3\u00a0% des suffrages dans ce scrutin ayant vu une participation en hausse \u00e0 68,89\u00a0% contre 65,43\u00a0% en 2021. Les lib\u00e9raux de STAN, pr\u00e9sents dans la coalition de M. Fiala, sont troisi\u00e8mes avec 11,2\u00a0% des voix.<\/p>\n<p>                     Gouverner avec son seul parti    <\/p>\n<p class=\"asset asset-text\">Sans majorit\u00e9, Andrej Babis aura besoin de partenaires pour gouverner le pays d\u2019Europe centrale, membre de l\u2019Otan et de l\u2019Union europ\u00e9enne. Mais il a annonc\u00e9 vouloir former un gouvernement avec son seul parti, tout en cherchant des appuis.<\/p>\n<p class=\"asset asset-text\">\u00ab\u00a0Nous chercherons \u00e0 former un gouvernement avec un seul parti dirig\u00e9 par ANO\u00a0\u00bb, a-t-il d\u00e9clar\u00e9 samedi soir, soulignant qu\u2019il discuterait imm\u00e9diatement d\u2019alliances avec le parti d\u2019extr\u00eame droite SPD, qui a obtenu 7,8\u00a0% des voix, et le parti de droite \u00ab\u00a0La Voix des automobilistes\u00a0\u00bb (6,8\u00a0%).<\/p>\n<p class=\"asset asset-text\">\u00ab\u00a0Je f\u00e9licite le vainqueur des \u00e9lections Andrej Babis,\u00a0\u00bb a d\u00e9clar\u00e9 de son c\u00f4t\u00e9 Fiala, rejetant l\u2019id\u00e9e de tenter de reconstruire la coalition gouvernementale sortante.<\/p>\n<p>                     \u00ab\u00a0Un grand pas pour la R\u00e9publique tch\u00e8que\u00a0\u00bb    <\/p>\n<p class=\"asset asset-text\">Andrej Babis, qui avait d\u00e9j\u00e0 dirig\u00e9 la R\u00e9publique tch\u00e8que de 2017 et 2021, a fait campagne sur la promesse d\u2019augmenter les prestations sociales et de r\u00e9duire l\u2019aide apport\u00e9e \u00e0 l\u2019Ukraine, pour faire passer les Tch\u00e8ques d\u2019abord. Il dit vouloir r\u00e9examiner l\u2019initiative internationale dirig\u00e9e par son pays pour fournir des obus d\u2019artillerie \u00e0 l\u2019Ukraine, et qu\u2019il en \u00ab\u00a0discuterait\u00a0\u00bb avec le pr\u00e9sident ukrainien Volodymyr Zelensky si n\u00e9cessaire.<\/p>\n<p class=\"asset asset-text\">Son retour au pouvoir pourrait signifier un rapprochement avec la Hongrie et la Slovaquie, qui ont refus\u00e9 toute aide militaire \u00e0 l\u2019Ukraine et entravent les sanctions contre la Russie.<\/p>\n<p class=\"asset asset-text\">Andrej Babis a cofond\u00e9 avec Viktor Orban le groupe parlementaire eurosceptique \u00ab\u00a0Patriotes pour l\u2019Europe\u00a0\u00bb et le Premier ministre hongrois l\u2019a tr\u00e8s vite f\u00e9licit\u00e9 sur X\u00a0: \u00ab\u00a0la v\u00e9rit\u00e9 a pr\u00e9valu\u00a0!\u00a0\u00bb a-t-il \u00e9crit. \u00ab\u00a0Un grand pas pour la R\u00e9publique tch\u00e8que, une bonne nouvelle pour l\u2019Europe. F\u00e9licitations, Andrej\u00a0!\u00a0\u00bb<\/p>\n<p class=\"asset asset-text\">Marine Le Pen a \u00e9galement salu\u00e9 son score sur X, estimant que \u00ab\u00a0partout en Europe, les partis patriotes sont appel\u00e9s au pouvoir par les peuples, d\u00e9sireux de retrouver leur libert\u00e9 et leur prosp\u00e9rit\u00e9\u00a0!\u00a0\u00bb.<\/p>\n<p> La lecture de ce contenu est susceptible d\u2019entra\u00eener un d\u00e9p\u00f4t de cookies de la part de l\u2019op\u00e9rateur tiers qui l\u2019h\u00e9berge. Compte-tenu des choix que vous avez exprim\u00e9s en mati\u00e8re de d\u00e9p\u00f4t de cookies, nous avons bloqu\u00e9 l\u2019affichage de ce contenu. Si vous souhaitez y acc\u00e9der, vous devez accepter la cat\u00e9gorie de cookies \u201cContenus tiers\u201d en cliquant sur le bouton ci-dessous. <\/p>\n<p> Lire la Vid\u00e9o        <\/p>\n<p class=\"asset asset-text\">Le SPD, son alli\u00e9 potentiel, r\u00e9clame un r\u00e9f\u00e9rendum sur la sortie de l\u2019Union europ\u00e9enne, ce que Babis a cependant cat\u00e9goriquement rejet\u00e9. \u00ab\u00a0Nous sommes clairement pro-europ\u00e9ens et pro-Otan\u00a0\u00bb, a-t-il martel\u00e9 samedi soir.<\/p>\n<p>    Milliardaire et poursuivi pour fraude    <\/p>\n<p class=\"asset asset-text\"><a href=\"https:\/\/www.huffingtonpost.fr\/international\/article\/qui-est-petr-pavel-ancien-general-et-nouveau-president-de-la-republique-tcheque_213375.html\" target=\"_blank\" rel=\"noopener\">Le pr\u00e9sident tch\u00e8que Petr Pavel,<\/a> qui nommera le prochain Premier ministre conform\u00e9ment \u00e0 la Constitution, a annonc\u00e9 qu\u2019il entamerait les discussions avec les chefs de parti \u00e9lus d\u00e8s dimanche. Cet ancien chef des forces de l\u2019Otan, r\u00e9solument pro-europ\u00e9en, a rencontr\u00e9 M. Babis en d\u00e9but de semaine pour \u00e9voquer les risques de conflit d\u2019int\u00e9r\u00eats avec ses activit\u00e9s d\u2019homme d\u2019affaires.<\/p>\n<p class=\"asset asset-text\">Le milliardaire est \u00e0 la t\u00eate d\u2019un conglom\u00e9rat chimique et alimentaire et des poursuites sont engag\u00e9es contre lui pour fraude aux subventions europ\u00e9ennes.<\/p>\n<p class=\"asset asset-text\">Josef Mlejnek, un analyste \u00e0 l\u2019Universit\u00e9 Charles de Prague, a d\u00e9clar\u00e9 \u00e0 l\u2019AFP qu\u2019il ne s\u2019attendait pas \u00e0 \u00ab\u00a0un changement fondamental\u00a0\u00bb dans la politique \u00e9trang\u00e8re tch\u00e8que sous Babis, qui a des int\u00e9r\u00eats commerciaux en Europe occidentale. \u00ab\u00a0Babis est un homme d\u2019affaires pragmatique et la seule chose qui l\u2019int\u00e9resse est d\u2019\u00eatre Premier ministre\u00a0\u00bb.<\/p>\n<p class=\"asset asset-text\">Mais Peter Just, de l\u2019Universit\u00e9 m\u00e9tropolitaine de Prague, pense, lui, qu\u2019il \u00ab\u00a0n\u2019est pas certain que la rh\u00e9torique (de l\u2019ANO) restera pro-occidentale tr\u00e8s longtemps\u00a0\u00bb.<\/p>\n<p class=\"asset asset-text\">Comme r\u00e9cemment en Roumanie et en Moldavie, la campagne a suscit\u00e9 l\u2019int\u00e9r\u00eat de r\u00e9seaux prorusses. Le Centre tch\u00e8que de recherche sur les risques en ligne a signal\u00e9 une activit\u00e9 accrue sur TikTok, avec des contenus favorables aux partis antisyst\u00e8me.<\/p>\n","protected":false},"excerpt":{"rendered":"MICHAL CIZEK \/ AFP R\u00e9publique Tch\u00e8que\u00a0: Andrej Babis, \u00ab\u00a0trumpiste\u00a0\u00bb poursuivi pour fraude, largement en t\u00eate des l\u00e9gislatives INTERNATIONAL&hellip;\n","protected":false},"author":2,"featured_media":439892,"comment_status":"","ping_status":"","sticky":false,"template":"","format":"standard","meta":{"footnotes":""},"categories":[5],"tags":[11,8513,1011,27,14,12,11790,28],"class_list":{"0":"post-439891","1":"post","2":"type-post","3":"status-publish","4":"format-standard","5":"has-post-thumbnail","7":"category-international","8":"tag-actualites","9":"tag-elections-legislatives","10":"tag-fr","11":"tag-france","12":"tag-international","13":"tag-news","14":"tag-republique-tcheque","15":"tag-world"},"share_on_mastodon":{"url":"https:\/\/pubeurope.com\/@fr\/115319298461591990","error":""},"_links":{"self":[{"href":"https:\/\/www.europesays.com\/fr\/wp-json\/wp\/v2\/posts\/439891","targetHints":{"allow":["GET"]}}],"collection":[{"href":"https:\/\/www.europesays.com\/fr\/wp-json\/wp\/v2\/posts"}],"about":[{"href":"https:\/\/www.europesays.com\/fr\/wp-json\/wp\/v2\/types\/post"}],"author":[{"embeddable":true,"href":"https:\/\/www.europesays.com\/fr\/wp-json\/wp\/v2\/users\/2"}],"replies":[{"embeddable":true,"href":"https:\/\/www.europesays.com\/fr\/wp-json\/wp\/v2\/comments?post=439891"}],"version-history":[{"count":0,"href":"https:\/\/www.europesays.com\/fr\/wp-json\/wp\/v2\/posts\/439891\/revisions"}],"wp:featuredmedia":[{"embeddable":true,"href":"https:\/\/www.europesays.com\/fr\/wp-json\/wp\/v2\/media\/439892"}],"wp:attachment":[{"href":"https:\/\/www.europesays.com\/fr\/wp-json\/wp\/v2\/media?parent=439891"}],"wp:term":[{"taxonomy":"category","embeddable":true,"href":"https:\/\/www.europesays.com\/fr\/wp-json\/wp\/v2\/categories?post=439891"},{"taxonomy":"post_tag","embeddable":true,"href":"https:\/\/www.europesays.com\/fr\/wp-json\/wp\/v2\/tags?post=439891"}],"curies":[{"name":"wp","href":"https:\/\/api.w.org\/{rel}","templated":true}]}}