{"id":439901,"date":"2025-10-05T03:01:14","date_gmt":"2025-10-05T03:01:14","guid":{"rendered":"https:\/\/www.europesays.com\/fr\/439901\/"},"modified":"2025-10-05T03:01:14","modified_gmt":"2025-10-05T03:01:14","slug":"patience-puis-maturite-et-efficacite-montpellier-enchaine-un-deuxieme-succes-face-a-toulon-et-reste-invaincu-en-championnat","status":"publish","type":"post","link":"https:\/\/www.europesays.com\/fr\/439901\/","title":{"rendered":"Patience puis maturit\u00e9 et efficacit\u00e9, Montpellier encha\u00eene un deuxi\u00e8me succ\u00e8s face \u00e0 Toulon et reste invaincu en championnat"},"content":{"rendered":"<p>\n                                                                En battant son adversaire du soir sur le score de 3-0, le MMF a prouv\u00e9 qu\u2019il faudra compter sur lui pour l\u2019une des places en haut de tableau, cette saison.\n                            <\/p>\n<p>Le MMF grandit \u00e0 vue d\u2019\u0153il. D\u00e9j\u00e0 impressionnante de talent la saison derni\u00e8re, l\u2019\u00e9quipe montpelli\u00e9raine montre, depuis l\u2019entame du championnat, une maturit\u00e9 qui lui a fait d\u00e9faut \u00e0 certains moments par le pass\u00e9.<\/p>\n<p>Face \u00e0 Toulon, s\u00e8chement battu par Goal FC la semaine pr\u00e9c\u00e9dente (0-4), Khalid Kouri et ses co\u00e9quipiers ont d\u2019abord d\u00fb se montrer patients. En premi\u00e8re mi-temps, conclue sur le score de 0-0, ils ont eu le ballon pendant la majeure partie du temps. Mais cette domination territoriale et en termes de possession n\u2019\u00e9tait pas valid\u00e9e par l\u2019ouverture du score.<\/p>\n<p>Les H\u00e9raultais avaient m\u00eame du mal \u00e0 mettre en danger leurs adversaires. \u00c0 la 14e minute de jeu, l\u2019international alg\u00e9rien Selim Meziani s\u2019offrait la meilleure occasion des 20 premi\u00e8res minutes mais son tir heurtait le poteau du portier toulonnais.<\/p>\n<p>Absolument pas mis en danger depuis le d\u00e9but de la rencontre, le MMF se faisait une frayeur en fin de premi\u00e8re mi-temps mais le gardien br\u00e9silien Stefano d\u00e9tournait du visage la frappe du Toulonnais Ordonez (19e).<\/p>\n<p>Aberkan voit double<\/p>\n<p>Apr\u00e8s la patience, les H\u00e9raultais faisaient preuve d\u2019efficacit\u00e9. Bien aid\u00e9s par un changement de tactique et un rel\u00e2chement coupable des visiteurs, ils inscrivaient trois buts en seconde mi-temps. Naoufel Aberkan y allait de son doubl\u00e9. Il ouvrait le score au retour des vestiaires (1-0, 21e) et se montrait opportuniste pour reprendre un ballon d\u00e9tourn\u00e9 par le gardien du TEF \u00e0 la 31e minute de jeu (2-0). Pour son premier match \u00e0 domicile de la saison, le Br\u00e9silien Jhonatan mettait fin aux espoirs varois (3-0, 34e).<\/p>\n<p>Montpellier d\u00e9crochait ainsi un succ\u00e8s lors d\u2019une partie parfaitement ma\u00eetris\u00e9e. Le MMF encha\u00eene un deuxi\u00e8me succ\u00e8s de rang et reste invaincu en championnat. Il devra confirmer, samedi (21h) dans le nord de la France face \u00e0 Avion.<\/p>\n<p>    Fiche technique<\/p>\n<p>MONTPELLIER\u2026 3<br \/>TOULON\u2026 0<br \/>Palais des sports Coubertin<br \/>Arbitre\u00a0: Julien Lang<br \/>Mi-temps\u00a0: 0-0<br \/>Buts\u00a0: Aberkan (21e, 31e), Jhonatan (34e) pour Montpellier<br \/>Montpellier\u00a0: Stefano, Bouktab \u2013 Joaquin, Rezzoug, Gueddoura, Kouri, Meziani, Aberkan, Jhonatan, Diaoune, Edimar, Diop. Ent.\u00a0: Nezlioui.<br \/>Toulon\u00a0: Quiles, Charnot \u2013 Pasquier, Pupa, Ordonez, Villaverde, Ramada, Sambague, Caio, Boutaleb, Gustavo, Gomez. Ent.\u00a0: Padalinski.<\/p>\n","protected":false},"excerpt":{"rendered":"En battant son adversaire du soir sur le score de 3-0, le MMF a prouv\u00e9 qu\u2019il faudra compter&hellip;\n","protected":false},"author":2,"featured_media":439902,"comment_status":"","ping_status":"","sticky":false,"template":"","format":"standard","meta":{"footnotes":""},"categories":[9619],"tags":[1111,11,1777,674,1011,27,12,882,25,2310],"class_list":{"0":"post-439901","1":"post","2":"type-post","3":"status-publish","4":"format-standard","5":"has-post-thumbnail","7":"category-toulon","8":"tag-actu","9":"tag-actualites","10":"tag-eu","11":"tag-europe","12":"tag-fr","13":"tag-france","14":"tag-news","15":"tag-provence-alpes-cote-dazur","16":"tag-republique-francaise","17":"tag-toulon"},"share_on_mastodon":{"url":"https:\/\/pubeurope.com\/@fr\/115319333415618501","error":""},"_links":{"self":[{"href":"https:\/\/www.europesays.com\/fr\/wp-json\/wp\/v2\/posts\/439901","targetHints":{"allow":["GET"]}}],"collection":[{"href":"https:\/\/www.europesays.com\/fr\/wp-json\/wp\/v2\/posts"}],"about":[{"href":"https:\/\/www.europesays.com\/fr\/wp-json\/wp\/v2\/types\/post"}],"author":[{"embeddable":true,"href":"https:\/\/www.europesays.com\/fr\/wp-json\/wp\/v2\/users\/2"}],"replies":[{"embeddable":true,"href":"https:\/\/www.europesays.com\/fr\/wp-json\/wp\/v2\/comments?post=439901"}],"version-history":[{"count":0,"href":"https:\/\/www.europesays.com\/fr\/wp-json\/wp\/v2\/posts\/439901\/revisions"}],"wp:featuredmedia":[{"embeddable":true,"href":"https:\/\/www.europesays.com\/fr\/wp-json\/wp\/v2\/media\/439902"}],"wp:attachment":[{"href":"https:\/\/www.europesays.com\/fr\/wp-json\/wp\/v2\/media?parent=439901"}],"wp:term":[{"taxonomy":"category","embeddable":true,"href":"https:\/\/www.europesays.com\/fr\/wp-json\/wp\/v2\/categories?post=439901"},{"taxonomy":"post_tag","embeddable":true,"href":"https:\/\/www.europesays.com\/fr\/wp-json\/wp\/v2\/tags?post=439901"}],"curies":[{"name":"wp","href":"https:\/\/api.w.org\/{rel}","templated":true}]}}