{"id":439911,"date":"2025-10-05T03:11:24","date_gmt":"2025-10-05T03:11:24","guid":{"rendered":"https:\/\/www.europesays.com\/fr\/439911\/"},"modified":"2025-10-05T03:11:24","modified_gmt":"2025-10-05T03:11:24","slug":"ligue-1-le-defenseur-du-racing-soumaila-coulibaly-prete-a-brest","status":"publish","type":"post","link":"https:\/\/www.europesays.com\/fr\/439911\/","title":{"rendered":"Ligue 1. Le d\u00e9fenseur du Racing Souma\u00efla Coulibaly pr\u00eat\u00e9 \u00e0 Brest"},"content":{"rendered":"<p>Alors qu&rsquo;il a \u00e9t\u00e9 l&rsquo;un des premiers joueurs \u00e0 rejoindre le Racing cet \u00e9t\u00e9, paraphant le 7 juillet un contrat jusqu&rsquo;en juin 2029, Souma\u00efla Coulibaly (21 ans) est celui qui a le moins jou\u00e9.<\/p>\n<p>Le transfuge de Dortmund (pour un transfert \u00e9valu\u00e9 \u00e0 7,5M\u20ac) s&rsquo;est d&rsquo;abord bless\u00e9 \u00e0 un mollet, ce qui a grandement affect\u00e9 sa pr\u00e9paration. Appel\u00e9 dans le groupe une premi\u00e8re fois, il est rest\u00e9 sur le banc contre Le Havre le 14 septembre.<\/p>\n<p>D\u00e9j\u00e0 pr\u00eat\u00e9 l&rsquo;an dernier dans la cit\u00e9 du Ponant<\/p>\n<p>Jeudi, lors du premier match de la phase de ligue de la C4, le d\u00e9fenseur franco-malien a, enfin, disput\u00e9 ses premi\u00e8res minutes avec le Racing, entrant en jeu \u00e0 la 87e au relais de Kendry Paez afin d&rsquo;aider \u00e0 s\u00e9curiser <a href=\"https:\/\/www.dna.fr\/sport\/2025\/10\/02\/ces-bleus-la-ont-l-etoffe\" target=\"_blank\" rel=\"noopener\">la victoire du Racing sur la pelouse du Slovan Bratislava (1-2)<\/a>.<\/p>\n<p>Ce seront finalement les seules minutes sous le maillot strasbourgeois de Souma\u00efla Coulibaly cette saison. Ce midi en conf\u00e9rence de presse avant la r\u00e9ception d&rsquo;Angers (dimanche, 17h15), son coach Liam Rosenior a confirm\u00e9 qu&rsquo;il part en pr\u00eat en tant que joker \u00e0 Brest, l\u00e0 o\u00f9 Dortmund l&rsquo;a d\u00e9j\u00e0 pr\u00eat\u00e9 la saison pass\u00e9e.<\/p>\n<p>\u00ab Je pense que c&rsquo;est une bonne chose pour lui. Il y a beaucoup de concurrence chez nous en d\u00e9fense et c&rsquo;\u00e9tait difficile pour lui de jouer ici. Je n&rsquo;aime pas garder quelqu&rsquo;un qui se dit qu&rsquo;il doit aller ailleurs pour trouver du temps de jeu. C&rsquo;est un bon joueur et je lui souhaite le meilleur pour le reste de la saison\u00a0\u00bb, a expliqu\u00e9 le technicien anglais.<\/p>\n","protected":false},"excerpt":{"rendered":"Alors qu&rsquo;il a \u00e9t\u00e9 l&rsquo;un des premiers joueurs \u00e0 rejoindre le Racing cet \u00e9t\u00e9, paraphant le 7 juillet&hellip;\n","protected":false},"author":2,"featured_media":439912,"comment_status":"","ping_status":"","sticky":false,"template":"","format":"standard","meta":{"footnotes":""},"categories":[2820],"tags":[1111,11,1777,674,107,63,1011,27,775,12,41281,25,517,640],"class_list":{"0":"post-439911","1":"post","2":"type-post","3":"status-publish","4":"format-standard","5":"has-post-thumbnail","7":"category-strasbourg","8":"tag-actu","9":"tag-actualites","10":"tag-eu","11":"tag-europe","12":"tag-fil-info","13":"tag-football","14":"tag-fr","15":"tag-france","16":"tag-grand-est","17":"tag-news","18":"tag-racing-club-strasbourg-masculin","19":"tag-republique-francaise","20":"tag-sport","21":"tag-strasbourg"},"share_on_mastodon":{"url":"https:\/\/pubeurope.com\/@fr\/115319372749814275","error":""},"_links":{"self":[{"href":"https:\/\/www.europesays.com\/fr\/wp-json\/wp\/v2\/posts\/439911","targetHints":{"allow":["GET"]}}],"collection":[{"href":"https:\/\/www.europesays.com\/fr\/wp-json\/wp\/v2\/posts"}],"about":[{"href":"https:\/\/www.europesays.com\/fr\/wp-json\/wp\/v2\/types\/post"}],"author":[{"embeddable":true,"href":"https:\/\/www.europesays.com\/fr\/wp-json\/wp\/v2\/users\/2"}],"replies":[{"embeddable":true,"href":"https:\/\/www.europesays.com\/fr\/wp-json\/wp\/v2\/comments?post=439911"}],"version-history":[{"count":0,"href":"https:\/\/www.europesays.com\/fr\/wp-json\/wp\/v2\/posts\/439911\/revisions"}],"wp:featuredmedia":[{"embeddable":true,"href":"https:\/\/www.europesays.com\/fr\/wp-json\/wp\/v2\/media\/439912"}],"wp:attachment":[{"href":"https:\/\/www.europesays.com\/fr\/wp-json\/wp\/v2\/media?parent=439911"}],"wp:term":[{"taxonomy":"category","embeddable":true,"href":"https:\/\/www.europesays.com\/fr\/wp-json\/wp\/v2\/categories?post=439911"},{"taxonomy":"post_tag","embeddable":true,"href":"https:\/\/www.europesays.com\/fr\/wp-json\/wp\/v2\/tags?post=439911"}],"curies":[{"name":"wp","href":"https:\/\/api.w.org\/{rel}","templated":true}]}}