{"id":439913,"date":"2025-10-05T03:12:27","date_gmt":"2025-10-05T03:12:27","guid":{"rendered":"https:\/\/www.europesays.com\/fr\/439913\/"},"modified":"2025-10-05T03:12:27","modified_gmt":"2025-10-05T03:12:27","slug":"alpes-maritimes-pourquoi-les-sirenes-vont-retentir-a-nice-et-dans-plusieurs-villes-ce-mercredi","status":"publish","type":"post","link":"https:\/\/www.europesays.com\/fr\/439913\/","title":{"rendered":"Alpes-Maritimes. Pourquoi les sir\u00e8nes vont retentir \u00e0 Nice et dans plusieurs villes ce mercredi\u00a0?"},"content":{"rendered":"<p>            Par<br \/>\n        <strong><br \/>\n            <a href=\"https:\/\/actu.fr\/auteur\/arthur-frand\" title=\"Consulter tous les articles de Arthur Frand\" rel=\"nofollow noopener\" target=\"_blank\">Arthur Frand<\/a><br \/>\n        <\/strong><\/p>\n<p>        Publi\u00e9 le<\/p>\n<p>            30 sept. 2025 \u00e0 15h33        <\/p>\n<p>Ce mercredi 1er\u00a0octobre, vous entendrez s\u00fbrement l\u2019une de <strong>ces sir\u00e8nes<\/strong> si vous habitez ou travaillez \u00e0 <a href=\"https:\/\/actu.fr\/nice\/\" rel=\"nofollow noopener\" target=\"_blank\">Nice<\/a> et plus globalement dans les <a href=\"https:\/\/actu.fr\/provence-alpes-cote-d-azur\/alpes-maritimes_06\" rel=\"nofollow noopener\" target=\"_blank\">Alpes-Maritimes<\/a>. Mais pas de panique \u00e0 avoir, il ne s\u2019agit que d\u2019un exercice.<\/p>\n<p class=\" wall-content\">\u00ab\u2009Le test mensuel des sir\u00e8nes du <strong>syst\u00e8me d\u2019alerte et d\u2019information<\/strong> des populations (SAIP) aura lieu ce mercredi 1er\u00a0octobre 2025\u2009\u00bb, pr\u00e9cise la pr\u00e9fecture des Alpes-Maritimes.<\/p>\n<p>V\u00e9rifier que les sir\u00e8nes sont op\u00e9rationnelles<\/p>\n<p class=\" wall-content\">Ce test sera effectu\u00e9 en un <strong>cycle unique<\/strong> \u00e0 12h15 pr\u00e9cises. \u00c0 Nice, les sir\u00e8nes d\u2019alertes feront du <strong>bruit<\/strong> pendant 1 minute et 41 secondes exactement (avec 5 modulations), sans signal de fin d\u2019alerte afin de s\u2019assurer que toutes les sir\u00e8nes sont <strong>op\u00e9rationnelles<\/strong>.<\/p>\n<p class=\" wall-content\">\u00ab\u2009S\u2019agissant d\u2019un test, aucune mesure r\u00e9flexe ne sera \u00e0 mettre en \u0153uvre par la population\u2009\u00bb, souligne la pr\u00e9fecture des Alpes-Maritimes.<\/p>\n<p>47 sir\u00e8nes dans le d\u00e9partement, 19 \u00e0 Nice<\/p>\n<p class=\" wall-content\"><strong>47 sir\u00e8nes<\/strong> sont pr\u00e9sentes dans le d\u00e9partement. Elles retentiront toutes en m\u00eame temps, dans <strong>plusieurs communes <\/strong>dont\u00a0Antibes et Cannes.<br \/>Voici \u00e0 quels endroits.<\/p>\n<p>Nice\u2009:<\/p>\n<ul class=\" wall-content\">\n<li>\u00c9glise Saint-Isidore<\/li>\n<li>\u00c9cole Jean Mac\u00e9<\/li>\n<li>Groupe scolaire Sainte-H\u00e9l\u00e8ne<\/li>\n<li>\u00c9cole de la Madeleine sup\u00e9rieure<\/li>\n<li>HLM Saint-Roch<\/li>\n<li>\u00c9cole les Magnolias<\/li>\n<li>Caserne Magnan<\/li>\n<li>Caserne Fod\u00e9r\u00e9<\/li>\n<li>Colline du Ch\u00e2teau<\/li>\n<li>\u00c9cole des Oliviers<\/li>\n<li>\u00c9cole Jacques Pr\u00e9vert<\/li>\n<li>\u00c9cole Digue des Fran\u00e7ais<\/li>\n<li>Caserne des pompiers Bon Voyage<\/li>\n<li>\u00c9cole Th\u00e9r\u00e8se Rom\u00e9o<\/li>\n<li>\u00c9cole Bischoffheim<\/li>\n<li>Biblioth\u00e8que municipale rue Lamartine<\/li>\n<li>Palais des sports Jean Bouin \u2013 Esplanade de Lattre de Tassigny<\/li>\n<li>\u00c9glise Saint-Pierre d\u2019Ar\u00e8ne<br \/><strong>Nice (a\u00e9roport)\u2009:<\/strong><\/li>\n<li>d\u00e9p\u00f4t hydrocarbure. Depuis le d\u00e9but d\u2019ann\u00e9e 2025, la sir\u00e8ne du d\u00e9p\u00f4t d\u2019hydrocarbures de l\u2019a\u00e9roport de Nice C\u00f4te d\u2019Azur est int\u00e9gr\u00e9e \u00e0 ce test.<\/li>\n<\/ul>\n<p>Antibes\u2009:<\/p>\n<ul class=\" wall-content\">\n<li>H\u00f4tel de Ville \u2013 Place Mass\u00e9na<\/li>\n<li>Caserne des pompiers \u2013 Avenue Jules Grec<\/li>\n<li>Palais des Congr\u00e8s<\/li>\n<li>Pyl\u00f4ne de Marineland \u2013 Chemin des Groules<\/li>\n<\/ul>\n<p>Votre r\u00e9gion, votre actu !<\/p>\n<p>Recevez chaque jour les infos qui comptent pour vous.<\/p>\n<p>\t<a href=\"https:\/\/actu.fr\/newsletter\" class=\"ac-btn ac-btn--corner ac-btn--medium ac-btn--blue800\" rel=\"nofollow noopener\" target=\"_blank\">S&rsquo;incrire<\/a><\/p>\n<p class=\" wall-content\"><strong>Auribeau-sur-Siagne\u2009:<\/strong><\/p>\n<p>Beaulieu-sur-Mer\u2009:Cannes\u2009:<\/p>\n<ul class=\" wall-content\">\n<li>\u00c9cole Mont Chevalier, 11 rue Jean Hibert<\/li>\n<li>Palais des Victoires, 2 Avenue Maurice Chevalier<\/li>\n<li>Palais des Festivals, boulevard de la Croisette<\/li>\n<li>Notre-Dame des Pins<\/li>\n<li>Ch\u00e2teau de la mer<\/li>\n<li>Tour Ranguin<\/li>\n<li>Centre de secours \u2013 \u00cele Sainte-Marguerite<\/li>\n<li>Site du ch\u00e2teau d\u2019eau \u2013 Californie-P\u00e9zou<\/li>\n<\/ul>\n<p>Cap-d\u2019Ail\u2009:Grasse\u2009:<\/p>\n<ul class=\" wall-content\">\n<li>Mairie \u2013 Place du Petit Puy<\/li>\n<li>Le Trinquet<\/li>\n<li>\u00c9glise Plascassier<\/li>\n<\/ul>\n<p>Le\u00a0Cannet\u2009:<\/p>\n<ul class=\" wall-content\">\n<li>Mairie boulevard Sadi Carnot<\/li>\n<li>Gymnase Maillan<\/li>\n<li>Mairie Annexe Rocheville<\/li>\n<\/ul>\n<p>Mandelieu-la-Napoule\u2009:<\/p>\n<ul class=\" wall-content\">\n<li>Centre culturel Esterel Gallery<\/li>\n<li>Village vacances AGECROFT<\/li>\n<li>Coll\u00e8ge Albert Camus<\/li>\n<\/ul>\n<p class=\" wall-content\"><strong>Saint-Laurent-du-Var\u2009:<\/strong><\/p>\n<ul class=\" wall-content\">\n<li>Conservatoire de Musique et d\u2019Art dramatique<\/li>\n<\/ul>\n<p class=\" wall-content\"><strong>Saint-C\u00e9zaire-sur-Siagne\u2009:<\/strong><\/p>\n<p class=\" wall-content\"><strong>Valbonne\u2009:<\/strong><\/p>\n<p class=\" wall-content\"><strong>Villars-sur-Var\u2009:<\/strong><\/p>\n<p class=\" wall-content\">Personnalisez votre actualit\u00e9 en ajoutant vos villes et m\u00e9dias en favori avec <a href=\"https:\/\/moncompte.actu.fr\" title=\"D\u00e9couvez Mon Actu\" rel=\"nofollow noopener\" data-trk=\"{&quot;cta&quot;:{&quot;action&quot;:&quot;https:\\\/\\\/moncompte.actu.fr&quot;,&quot;category&quot;:&quot;mon compte&quot;,&quot;from&quot;:&quot;article footer&quot;,&quot;name&quot;:&quot;Mon actu&quot;,&quot;type&quot;:&quot;cta&quot;}}\" target=\"_blank\">Mon Actu<\/a>.<\/p>\n","protected":false},"excerpt":{"rendered":"Par Arthur Frand Publi\u00e9 le 30 sept. 2025 \u00e0 15h33 Ce mercredi 1er\u00a0octobre, vous entendrez s\u00fbrement l\u2019une de&hellip;\n","protected":false},"author":2,"featured_media":439914,"comment_status":"","ping_status":"","sticky":false,"template":"","format":"standard","meta":{"footnotes":""},"categories":[2819],"tags":[1111,11,898,1777,674,1011,27,1757,12,2401,882,25],"class_list":{"0":"post-439913","1":"post","2":"type-post","3":"status-publish","4":"format-standard","5":"has-post-thumbnail","7":"category-nice","8":"tag-actu","9":"tag-actualites","10":"tag-alerte","11":"tag-eu","12":"tag-europe","13":"tag-fr","14":"tag-france","15":"tag-insolite","16":"tag-news","17":"tag-nice","18":"tag-provence-alpes-cote-dazur","19":"tag-republique-francaise"},"share_on_mastodon":{"url":"https:\/\/pubeurope.com\/@fr\/115319376677319254","error":""},"_links":{"self":[{"href":"https:\/\/www.europesays.com\/fr\/wp-json\/wp\/v2\/posts\/439913","targetHints":{"allow":["GET"]}}],"collection":[{"href":"https:\/\/www.europesays.com\/fr\/wp-json\/wp\/v2\/posts"}],"about":[{"href":"https:\/\/www.europesays.com\/fr\/wp-json\/wp\/v2\/types\/post"}],"author":[{"embeddable":true,"href":"https:\/\/www.europesays.com\/fr\/wp-json\/wp\/v2\/users\/2"}],"replies":[{"embeddable":true,"href":"https:\/\/www.europesays.com\/fr\/wp-json\/wp\/v2\/comments?post=439913"}],"version-history":[{"count":0,"href":"https:\/\/www.europesays.com\/fr\/wp-json\/wp\/v2\/posts\/439913\/revisions"}],"wp:featuredmedia":[{"embeddable":true,"href":"https:\/\/www.europesays.com\/fr\/wp-json\/wp\/v2\/media\/439914"}],"wp:attachment":[{"href":"https:\/\/www.europesays.com\/fr\/wp-json\/wp\/v2\/media?parent=439913"}],"wp:term":[{"taxonomy":"category","embeddable":true,"href":"https:\/\/www.europesays.com\/fr\/wp-json\/wp\/v2\/categories?post=439913"},{"taxonomy":"post_tag","embeddable":true,"href":"https:\/\/www.europesays.com\/fr\/wp-json\/wp\/v2\/tags?post=439913"}],"curies":[{"name":"wp","href":"https:\/\/api.w.org\/{rel}","templated":true}]}}