{"id":439915,"date":"2025-10-05T03:13:16","date_gmt":"2025-10-05T03:13:16","guid":{"rendered":"https:\/\/www.europesays.com\/fr\/439915\/"},"modified":"2025-10-05T03:13:16","modified_gmt":"2025-10-05T03:13:16","slug":"haise-prend-une-forte-decision-avant-lasm-et-il-annonce-clairement-la-couleur","status":"publish","type":"post","link":"https:\/\/www.europesays.com\/fr\/439915\/","title":{"rendered":"Haise prend une forte d\u00e9cision avant l&rsquo;ASM et il annonce clairement la couleur\u00a0!"},"content":{"rendered":"<p>Nice conna\u00eet un d\u00e9but de saison difficile, marqu\u00e9 par une s\u00e9rie de d\u00e9faites \u00e0 l\u2019ext\u00e9rieur. <strong>Les Ni\u00e7ois, toujours sans victoire loin de leurs bases apr\u00e8s quatre rencontres,<\/strong> esp\u00e8rent inverser la tendance \u00e0 l\u2019occasion de leur court d\u00e9placement sur le terrain de Monaco, leur plus proche voisin. Cette rencontre, qui marque le 131e derby entre les deux clubs de la C\u00f4te d\u2019Azur, intervient dans un contexte d\u00e9licat pour le Gym, qui reste sur une nouvelle d\u00e9convenue en Ligue Europa sur la pelouse de Fenerbah\u00e7e, battu 2-1.<\/p>\n<p>La rivalit\u00e9 avec l\u2019AS Monaco a souvent jou\u00e9 un r\u00f4le important dans la dynamique des deux formations lors des saisons pr\u00e9c\u00e9dentes. Cette fois, la donne sera particuli\u00e8re puisque <strong>les ultras ni\u00e7ois ont d\u00e9cid\u00e9 de boycotter ce d\u00e9placement. Malgr\u00e9 leur absence,<\/strong> d\u2019autres supporters devraient tout de m\u00eame tenter d\u2019assister \u00e0 la rencontre.<\/p>\n<p>Sur le plan de la s\u00e9curit\u00e9, les autorit\u00e9s ont pris des mesures strictes. La pr\u00e9fecture des Alpes-Maritimes a interdit l\u2019acc\u00e8s \u00e0 une partie de la commune du Cap-d\u2019Ail aux supporters ni\u00e7ois pour \u00e9viter tout incident potentiel en marge du match, une d\u00e9cision qui t\u00e9moigne de la tension entourant ce derby.<\/p>\n<p>C\u00f4t\u00e9 effectif, Nice doit composer avec des absences importantes. <strong>Dante, bless\u00e9 aux genoux, et Hicham Boudaoui, touch\u00e9 \u00e0 la cr\u00eate iliaque, sont incertains pour la rencontre.<\/strong> Cette situation complique la t\u00e2che de Franck Haise, qui cherche encore la meilleure formule pour son \u00e9quipe.<\/p>\n<p>Le technicien ni\u00e7ois pourrait \u00eatre amen\u00e9 \u00e0 revoir ses choix tactiques pour ce rendez-vous sur le Rocher. Apr\u00e8s avoir tent\u00e9 un dispositif en 4-3-3 lors du dernier match, <strong>il envisage un retour \u00e0 une d\u00e9fense \u00e0 cinq pour stabiliser son \u00e9quipe et contrer les offensives mon\u00e9gasques.<\/strong><\/p>\n<p>Si ce derby n\u2019arrive pas au meilleur moment pour Nice, il pourrait n\u00e9anmoins servir de d\u00e9clic en cas de r\u00e9sultat positif, alors que le club azur\u00e9en cherche d\u00e9sesp\u00e9r\u00e9ment \u00e0 relancer sa saison.<\/p>\n","protected":false},"excerpt":{"rendered":"Nice conna\u00eet un d\u00e9but de saison difficile, marqu\u00e9 par une s\u00e9rie de d\u00e9faites \u00e0 l\u2019ext\u00e9rieur. Les Ni\u00e7ois, toujours&hellip;\n","protected":false},"author":2,"featured_media":439916,"comment_status":"","ping_status":"","sticky":false,"template":"","format":"standard","meta":{"footnotes":""},"categories":[2819],"tags":[1111,11,1777,674,1011,27,12,2401,882,25],"class_list":{"0":"post-439915","1":"post","2":"type-post","3":"status-publish","4":"format-standard","5":"has-post-thumbnail","7":"category-nice","8":"tag-actu","9":"tag-actualites","10":"tag-eu","11":"tag-europe","12":"tag-fr","13":"tag-france","14":"tag-news","15":"tag-nice","16":"tag-provence-alpes-cote-dazur","17":"tag-republique-francaise"},"share_on_mastodon":{"url":"https:\/\/pubeurope.com\/@fr\/115319380560392819","error":""},"_links":{"self":[{"href":"https:\/\/www.europesays.com\/fr\/wp-json\/wp\/v2\/posts\/439915","targetHints":{"allow":["GET"]}}],"collection":[{"href":"https:\/\/www.europesays.com\/fr\/wp-json\/wp\/v2\/posts"}],"about":[{"href":"https:\/\/www.europesays.com\/fr\/wp-json\/wp\/v2\/types\/post"}],"author":[{"embeddable":true,"href":"https:\/\/www.europesays.com\/fr\/wp-json\/wp\/v2\/users\/2"}],"replies":[{"embeddable":true,"href":"https:\/\/www.europesays.com\/fr\/wp-json\/wp\/v2\/comments?post=439915"}],"version-history":[{"count":0,"href":"https:\/\/www.europesays.com\/fr\/wp-json\/wp\/v2\/posts\/439915\/revisions"}],"wp:featuredmedia":[{"embeddable":true,"href":"https:\/\/www.europesays.com\/fr\/wp-json\/wp\/v2\/media\/439916"}],"wp:attachment":[{"href":"https:\/\/www.europesays.com\/fr\/wp-json\/wp\/v2\/media?parent=439915"}],"wp:term":[{"taxonomy":"category","embeddable":true,"href":"https:\/\/www.europesays.com\/fr\/wp-json\/wp\/v2\/categories?post=439915"},{"taxonomy":"post_tag","embeddable":true,"href":"https:\/\/www.europesays.com\/fr\/wp-json\/wp\/v2\/tags?post=439915"}],"curies":[{"name":"wp","href":"https:\/\/api.w.org\/{rel}","templated":true}]}}