{"id":439917,"date":"2025-10-05T03:15:14","date_gmt":"2025-10-05T03:15:14","guid":{"rendered":"https:\/\/www.europesays.com\/fr\/439917\/"},"modified":"2025-10-05T03:15:14","modified_gmt":"2025-10-05T03:15:14","slug":"previsions-du-dimanche-5-octobre-2025-14","status":"publish","type":"post","link":"https:\/\/www.europesays.com\/fr\/439917\/","title":{"rendered":"pr\u00e9visions du dimanche 5 octobre 2025"},"content":{"rendered":"<p class=\"mb-4 text-lg md:leading-8 break-words\"><strong>M\u00e9t\u00e9o &#8211; Un bel ensoleillement est pr\u00e9vu aujourd&rsquo;hui. Les temp\u00e9ratures seront de 13\u00b0C le matin et de 18\u00b0C l&rsquo;apr\u00e8s-midi&#8230;<\/strong><\/p>\n<p class=\"mb-4 text-lg md:leading-8 break-words\">\u00c0 Nantes les temp\u00e9ratures s&rsquo;\u00e9chelonneront de 8 \u00e0 19\u00b0C sur l&rsquo;ensemble de la journ\u00e9e. Un vent de nord-ouest soufflera un peu, avec 14 km\/h. On pr\u00e9voit des \u00e9claircies pour cette matin\u00e9e. Il fera 13\u00b0C en moyenne. L&rsquo;apr\u00e8s-midi, un grand soleil rayonnera. Le temps va se r\u00e9chauffer avec une hausse de plusieurs degr\u00e9s. Les valeurs seront de 16\u00b0C au plus bas et de 19\u00b0C au maximum. Le ciel va quelque peu se d\u00e9gager dans la soir\u00e9e avec des \u00e9claircies. Les temp\u00e9ratures avoisineront les 12\u00b0C. Entre dimanche et lundi, la nuit sera claire.<\/p>\n<p class=\"mb-4 text-lg md:leading-8 break-words\">C&rsquo;est un soleil splendide qui va se montrer demain sur Nantes. Il va faire en moyenne 14\u00b0C. Un vent de nord-est rafra\u00eechira sensiblement l&rsquo;atmosph\u00e8re. Les temp\u00e9ratures vont enregistrer une augmentation de plusieurs degr\u00e9s dans l&rsquo;apr\u00e8s-midi. Les maximales atteindront les 20\u00b0C et les minimales seront de 18\u00b0C. La m\u00e9t\u00e9o devrait s&rsquo;am\u00e9liorer pendant la soir\u00e9e.<\/p>\n<p class=\"mb-4 text-lg md:leading-8 break-words\">Peu de changements au fil des jours. Comptez sur 17\u00b0C en moyenne qui accompagneront des journ\u00e9es ensoleill\u00e9es.<\/p>\n<p class=\"mb-4 text-lg md:leading-8 break-words\"><a href=\"https:\/\/www.20minutes.fr\/planete\/previsions-meteo\/4177187-20251005-meteo-nantes-previsions-dimanche-5-octobre-2025?at_medium=RSS%20feed&amp;at_campaign=ynews&amp;utm_source=yahoo&amp;utm_medium=rss&amp;utm_campaign=news_feed&amp;utm_content=read_more_link&quot;\" rel=\"nofollow noopener\" target=\"_blank\" data-ylk=\"slk:Lire la suite sur 20minutes;elm:context_link;itc:0;sec:content-canvas\" class=\"link \">Lire la suite sur 20minutes<\/a><\/p>\n","protected":false},"excerpt":{"rendered":"M\u00e9t\u00e9o &#8211; Un bel ensoleillement est pr\u00e9vu aujourd&rsquo;hui. Les temp\u00e9ratures seront de 13\u00b0C le matin et de 18\u00b0C&hellip;\n","protected":false},"author":2,"featured_media":439918,"comment_status":"","ping_status":"","sticky":false,"template":"","format":"standard","meta":{"footnotes":""},"categories":[2818],"tags":[1111,11,1777,674,1011,27,2487,766,12,2636,25],"class_list":{"0":"post-439917","1":"post","2":"type-post","3":"status-publish","4":"format-standard","5":"has-post-thumbnail","7":"category-nantes","8":"tag-actu","9":"tag-actualites","10":"tag-eu","11":"tag-europe","12":"tag-fr","13":"tag-france","14":"tag-meteo","15":"tag-nantes","16":"tag-news","17":"tag-pays-de-la-loire","18":"tag-republique-francaise"},"share_on_mastodon":{"url":"https:\/\/pubeurope.com\/@fr\/115319388524660180","error":""},"_links":{"self":[{"href":"https:\/\/www.europesays.com\/fr\/wp-json\/wp\/v2\/posts\/439917","targetHints":{"allow":["GET"]}}],"collection":[{"href":"https:\/\/www.europesays.com\/fr\/wp-json\/wp\/v2\/posts"}],"about":[{"href":"https:\/\/www.europesays.com\/fr\/wp-json\/wp\/v2\/types\/post"}],"author":[{"embeddable":true,"href":"https:\/\/www.europesays.com\/fr\/wp-json\/wp\/v2\/users\/2"}],"replies":[{"embeddable":true,"href":"https:\/\/www.europesays.com\/fr\/wp-json\/wp\/v2\/comments?post=439917"}],"version-history":[{"count":0,"href":"https:\/\/www.europesays.com\/fr\/wp-json\/wp\/v2\/posts\/439917\/revisions"}],"wp:featuredmedia":[{"embeddable":true,"href":"https:\/\/www.europesays.com\/fr\/wp-json\/wp\/v2\/media\/439918"}],"wp:attachment":[{"href":"https:\/\/www.europesays.com\/fr\/wp-json\/wp\/v2\/media?parent=439917"}],"wp:term":[{"taxonomy":"category","embeddable":true,"href":"https:\/\/www.europesays.com\/fr\/wp-json\/wp\/v2\/categories?post=439917"},{"taxonomy":"post_tag","embeddable":true,"href":"https:\/\/www.europesays.com\/fr\/wp-json\/wp\/v2\/tags?post=439917"}],"curies":[{"name":"wp","href":"https:\/\/api.w.org\/{rel}","templated":true}]}}