{"id":439924,"date":"2025-10-05T03:19:13","date_gmt":"2025-10-05T03:19:13","guid":{"rendered":"https:\/\/www.europesays.com\/fr\/439924\/"},"modified":"2025-10-05T03:19:13","modified_gmt":"2025-10-05T03:19:13","slug":"lyon-toulouse-a-quelle-heure-et-sur-quelle-chaine-tv-voir-le-match-de-la-7e-journee-de-ligue-1","status":"publish","type":"post","link":"https:\/\/www.europesays.com\/fr\/439924\/","title":{"rendered":"Lyon-Toulouse : \u00e0 quelle heure et sur quelle cha\u00eene TV voir le match de la 7e journ\u00e9e de Ligue 1 ?"},"content":{"rendered":"<p class=\"paragraph text_align_left lp-f-body-02\">Dauphin du <a href=\"https:\/\/www.leparisien.fr\/sports\/football\/psg\/\" target=\"_blank\" rel=\"nofollow noopener\">Paris Saint-Germain<\/a> en t\u00eate de la <a href=\"https:\/\/www.leparisien.fr\/sports\/football\/ligue-1\/\" target=\"_self\" rel=\"nofollow noopener\">Ligue 1<\/a> avec le m\u00eame nombre de points que le club de la capitale, l\u2019Olympique Lyonnais tentera de poursuivre sur sa lanc\u00e9e lors de la r\u00e9ception de Toulouse ce dimanche.<\/p>\n<p class=\"paragraph text_align_left lp-f-body-02\">Auteur d\u2019un d\u00e9but de saison convaincant, l\u2019OL reste sur deux victoires \u00e9triqu\u00e9es sur le score de 1-0 face \u00e0 Angers lors de la 5e journ\u00e9e et <a href=\"https:\/\/www.leparisien.fr\/sports\/football\/ligue-1\/lille-lyon-0-1-tous-les-week-ends-il-y-a-des-problemes-olivier-letang-fustige-larbitrage-28-09-2025-WQUKQC75OVEC3IAPRGTECL6KVI.php\" target=\"_self\" rel=\"nofollow noopener\">Lille <\/a>\u00e0 l\u2019occasion de la 6e journ\u00e9e. <a href=\"https:\/\/www.leparisien.fr\/sports\/football\/ligue-1\/football-lyon-finalement-maintenu-en-ligue-1-apres-son-appel-devant-la-dncg-09-07-2025-OLZKJGOEYVD5HECPMITGUJDIBE.php\" target=\"_self\" rel=\"nofollow noopener\">Maintenu in extremis en Ligue 1<\/a> le 9 juillet apr\u00e8s un appel aupr\u00e8s de la DNCG, qui l\u2019avait intialement <a href=\"https:\/\/www.leparisien.fr\/sports\/football\/ligue-1\/football-coup-de-tonnerre-lolympique-lyonnais-relegue-en-ligue-2-par-la-dncg-24-06-2025-RFBIOIV4XNCS3HKSY5MDJIEQPY.php\" target=\"_self\" rel=\"nofollow noopener\">r\u00e9trograd\u00e9 administrativement en Ligue 2<\/a>, le club rhodanien affrontera ce week-end des Toulousains dixi\u00e8mes du Championnat et toujours \u00e0 la recherche de leur premier point \u00e0 l\u2019ext\u00e9rieur. <\/p>\n<p class=\"paragraph text_align_left lp-f-body-02\"><b>Le coup d\u2019envoi de Lyon &#8211; Toulouse est pr\u00e9vu ce dimanche 5 octobre \u00e0 15h. La rencontre sera \u00e0 suivre en direct sur Ligue 1 +. <\/b><\/p>\n","protected":false},"excerpt":{"rendered":"Dauphin du Paris Saint-Germain en t\u00eate de la Ligue 1 avec le m\u00eame nombre de points que le&hellip;\n","protected":false},"author":2,"featured_media":439925,"comment_status":"","ping_status":"","sticky":false,"template":"","format":"standard","meta":{"footnotes":""},"categories":[2816],"tags":[1111,11,1777,674,63,1011,27,66,12,2680,25,60,2312],"class_list":{"0":"post-439924","1":"post","2":"type-post","3":"status-publish","4":"format-standard","5":"has-post-thumbnail","7":"category-toulouse","8":"tag-actu","9":"tag-actualites","10":"tag-eu","11":"tag-europe","12":"tag-football","13":"tag-fr","14":"tag-france","15":"tag-ligue-1","16":"tag-news","17":"tag-occitanie","18":"tag-republique-francaise","19":"tag-sports","20":"tag-toulouse"},"share_on_mastodon":{"url":"https:\/\/pubeurope.com\/@fr\/115319404140534966","error":""},"_links":{"self":[{"href":"https:\/\/www.europesays.com\/fr\/wp-json\/wp\/v2\/posts\/439924","targetHints":{"allow":["GET"]}}],"collection":[{"href":"https:\/\/www.europesays.com\/fr\/wp-json\/wp\/v2\/posts"}],"about":[{"href":"https:\/\/www.europesays.com\/fr\/wp-json\/wp\/v2\/types\/post"}],"author":[{"embeddable":true,"href":"https:\/\/www.europesays.com\/fr\/wp-json\/wp\/v2\/users\/2"}],"replies":[{"embeddable":true,"href":"https:\/\/www.europesays.com\/fr\/wp-json\/wp\/v2\/comments?post=439924"}],"version-history":[{"count":0,"href":"https:\/\/www.europesays.com\/fr\/wp-json\/wp\/v2\/posts\/439924\/revisions"}],"wp:featuredmedia":[{"embeddable":true,"href":"https:\/\/www.europesays.com\/fr\/wp-json\/wp\/v2\/media\/439925"}],"wp:attachment":[{"href":"https:\/\/www.europesays.com\/fr\/wp-json\/wp\/v2\/media?parent=439924"}],"wp:term":[{"taxonomy":"category","embeddable":true,"href":"https:\/\/www.europesays.com\/fr\/wp-json\/wp\/v2\/categories?post=439924"},{"taxonomy":"post_tag","embeddable":true,"href":"https:\/\/www.europesays.com\/fr\/wp-json\/wp\/v2\/tags?post=439924"}],"curies":[{"name":"wp","href":"https:\/\/api.w.org\/{rel}","templated":true}]}}