{"id":439926,"date":"2025-10-05T03:21:24","date_gmt":"2025-10-05T03:21:24","guid":{"rendered":"https:\/\/www.europesays.com\/fr\/439926\/"},"modified":"2025-10-05T03:21:24","modified_gmt":"2025-10-05T03:21:24","slug":"psg-luis-enrique-evoque-le-retour-de-chevalier-a-lille-et-veut-encore-ameliorer-son-equipe","status":"publish","type":"post","link":"https:\/\/www.europesays.com\/fr\/439926\/","title":{"rendered":"PSG : Luis Enrique \u00e9voque le retour de Chevalier \u00e0 Lille et veut encore am\u00e9liorer son \u00e9quipe"},"content":{"rendered":"<p><strong>Les mots de Luis Enrique avant le d\u00e9placement du PSG sur la pelouse du LOSC.<\/strong><\/p>\n<p>Ce samedi, \u00e0 la veille d\u2019un d\u00e9placement toujours pi\u00e9geux sur la pelouse du LOSC, dimanche soir (20h45), Luis Enrique \u00e9tait pr\u00e9sent en conf\u00e9rence de presse. L\u2019occasion pour lui de revenir sur l\u2019attraction principale de cette rencontre : Lucas Chevalier, qui retrouvera son club formateur. Mais pour le coach parisien, inutile d\u2019en faire un \u00e9v\u00e9nement particulier.<\/p>\n<p>\u00ab Un vrai test pour Chevalier\u00a0? Non, rien. Le seul test que je vois, c\u2019est sur le plan sentimental pour lui. Il revient chez lui, c\u2019est un peu diff\u00e9rent, mais quand nous signons un joueur, c\u2019est que nous pensons qu\u2019il pourra \u00eatre important sur le long terme. Ce n\u2019est pas un test, ni un examen pour lui. \u00bb<\/p>\n<p>\u00ab\u00a0Il y a beaucoup de choses \u00e0 am\u00e9liorer pendant les matches\u00a0\u00bb<\/p>\n<p>Le PSG sait qu\u2019il devra faire face \u00e0 une \u00e9quipe lilloise capable de hausser son niveau, m\u00eame apr\u00e8s deux d\u00e9faites de suite en Ligue 1. Luis Enrique a rappel\u00e9 que le danger restait r\u00e9el : \u00ab Je peux dire qu\u2019ils sont forts et nous les connaissons, car nous avons jou\u00e9 contre eux la saison derni\u00e8re. On conna\u00eet la difficult\u00e9. On s\u2019est pr\u00e9par\u00e9s comme d\u2019habitude, avec peu de temps, mais sans chercher d\u2019excuse. On pense \u00e0 continuer \u00e0 progresser. \u00bb<\/p>\n<p>Interrog\u00e9 sur l\u2019\u00e9volution de son \u00e9quipe, qui vient de signer un succ\u00e8s h\u00e9ro\u00efque face au FC Barcelone en LDC, Luis Enrique a reconnu que le PSG avait encore une marge de progression, mais aussi une force mentale rare : \u00ab Il y a beaucoup de choses \u00e0 am\u00e9liorer pendant les matches. Mais nos standards sont tr\u00e8s \u00e9lev\u00e9s. Il y a des moments o\u00f9 l\u2019adversaire joue mieux que nous, mais on a ce caract\u00e8re qui nous permet de rester dans le match tout le temps. C\u2019est difficile \u00e0 faire, mais si vous regardez les statistiques, le nombre de matches que nous avons r\u00e9ussi \u00e0 renverser\u2026 on l\u2019a encore fait cette ann\u00e9e\u2026 C\u2019est une mentalit\u00e9 o\u00f9 l\u2019on ne l\u00e2che rien du d\u00e9but \u00e0 la fin. Quand la difficult\u00e9 arrive, cette \u00e9quipe est pr\u00eate \u00e0 surmonter tous les obstacles. \u00bb<\/p>\n<p>Luis Enrique et les bless\u00e9s appel\u00e9s en s\u00e9lection<\/p>\n<p>Du c\u00f4t\u00e9 des internationaux, Neves et Kvaratskhelia, appel\u00e9s en s\u00e9lection malgr\u00e9 leur convalescence, suscitent des interrogations. L\u2019entra\u00eeneur du PSG a pr\u00e9f\u00e9r\u00e9 rester prudent : \u00ab Je ne sais pas si je dois entrer dans les d\u00e9tails. C\u2019est difficile en fran\u00e7ais. Je pense toujours \u00e0 la sant\u00e9 de mes joueurs et \u00e0 \u00e9viter tout risque. Pour aucun joueur, je ne veux prendre de risque. Neves s\u2019est \u00e9chauff\u00e9 avec l\u2019\u00e9quipe parce qu\u2019on pensait qu\u2019il pourrait jouer, mais il s\u2019est bless\u00e9. Et je ne veux prendre aucun risque. C\u2019est tr\u00e8s important. Apr\u00e8s avoir dit cela, je comprends les s\u00e9lectionneurs, car je l\u2019ai \u00e9t\u00e9. Je pense que tous les entra\u00eeneurs essaient de faire la m\u00eame chose. Je n\u2019ai rien \u00e0 ajouter. \u00bb<\/p>\n<p>Enfin, la convocation de Warren Za\u00efre-Emery en \u00e9quipe de France Espoirs n\u2019a pas donn\u00e9 lieu \u00e0 de grandes envol\u00e9es. Luis Enrique a pr\u00e9f\u00e9r\u00e9 rappeler que ce type de d\u00e9cision restait avant tout individuel : \u00ab Cela d\u00e9pend de la mentalit\u00e9 de chaque joueur. Il faut poser cette question \u00e0 Warren. C\u2019est tr\u00e8s personnel. Cela d\u00e9pend de chacun. \u00bb<\/p>\n<p><strong>Propos rapport\u00e9s par <a href=\"https:\/\/www.lequipe.fr\/Football\/Actualites\/-pas-un-test-ni-un-examen-pour-chevalier-luis-enrique-au-sujet-de-son-gardien-qui-va-affronter-lille-son-ancienne-equipe\/1598967\" rel=\"noreferrer noopener\" target=\"_blank\">L\u2019\u00c9quipe<\/a>.<\/strong><\/p>\n","protected":false},"excerpt":{"rendered":"Les mots de Luis Enrique avant le d\u00e9placement du PSG sur la pelouse du LOSC. Ce samedi, \u00e0&hellip;\n","protected":false},"author":2,"featured_media":439927,"comment_status":"","ping_status":"","sticky":false,"template":"","format":"standard","meta":{"footnotes":""},"categories":[2815],"tags":[1111,11,448,1777,674,63,1011,27,811,66,1307,3388,12,25,10662],"class_list":{"0":"post-439926","1":"post","2":"type-post","3":"status-publish","4":"format-standard","5":"has-post-thumbnail","7":"category-lille","8":"tag-actu","9":"tag-actualites","10":"tag-champions-league","11":"tag-eu","12":"tag-europe","13":"tag-football","14":"tag-fr","15":"tag-france","16":"tag-hauts-de-france","17":"tag-ligue-1","18":"tag-lille","19":"tag-matchs","20":"tag-news","21":"tag-republique-francaise","22":"tag-transferts"},"share_on_mastodon":{"url":"https:\/\/pubeurope.com\/@fr\/115319412271920346","error":""},"_links":{"self":[{"href":"https:\/\/www.europesays.com\/fr\/wp-json\/wp\/v2\/posts\/439926","targetHints":{"allow":["GET"]}}],"collection":[{"href":"https:\/\/www.europesays.com\/fr\/wp-json\/wp\/v2\/posts"}],"about":[{"href":"https:\/\/www.europesays.com\/fr\/wp-json\/wp\/v2\/types\/post"}],"author":[{"embeddable":true,"href":"https:\/\/www.europesays.com\/fr\/wp-json\/wp\/v2\/users\/2"}],"replies":[{"embeddable":true,"href":"https:\/\/www.europesays.com\/fr\/wp-json\/wp\/v2\/comments?post=439926"}],"version-history":[{"count":0,"href":"https:\/\/www.europesays.com\/fr\/wp-json\/wp\/v2\/posts\/439926\/revisions"}],"wp:featuredmedia":[{"embeddable":true,"href":"https:\/\/www.europesays.com\/fr\/wp-json\/wp\/v2\/media\/439927"}],"wp:attachment":[{"href":"https:\/\/www.europesays.com\/fr\/wp-json\/wp\/v2\/media?parent=439926"}],"wp:term":[{"taxonomy":"category","embeddable":true,"href":"https:\/\/www.europesays.com\/fr\/wp-json\/wp\/v2\/categories?post=439926"},{"taxonomy":"post_tag","embeddable":true,"href":"https:\/\/www.europesays.com\/fr\/wp-json\/wp\/v2\/tags?post=439926"}],"curies":[{"name":"wp","href":"https:\/\/api.w.org\/{rel}","templated":true}]}}