{"id":439928,"date":"2025-10-05T03:22:18","date_gmt":"2025-10-05T03:22:18","guid":{"rendered":"https:\/\/www.europesays.com\/fr\/439928\/"},"modified":"2025-10-05T03:22:18","modified_gmt":"2025-10-05T03:22:18","slug":"des-kurdes-condamnes-a-2-ans-de-prison-pour-avoir-lance-des-cocktails-molotov-sur-le-consulat-turc-a-marseille","status":"publish","type":"post","link":"https:\/\/www.europesays.com\/fr\/439928\/","title":{"rendered":"Des Kurdes condamn\u00e9s \u00e0 2 ans de prison pour avoir lanc\u00e9 des cocktails molotov sur le consulat turc \u00e0 Marseille"},"content":{"rendered":"<p>Dans la province turque de Mus, le 5\u00a0janvier\u00a02023 avait \u00e9t\u00e9 une journ\u00e9e de violence\u00a0; elle aurait d\u00fb, pourtant, \u00eatre d\u00e9di\u00e9e au recueillement. Mais les fun\u00e9railles du chanteur traditionnel Mir Perwer, militant <a href=\"https:\/\/www.laprovence.com\/article\/france-monde\/33903876349786\/la-turquie-face-au-dilemme-kurde-en-syrie\" target=\"_blank\" rel=\"nofollow noopener\">de la cause kurde<\/a> <a href=\"https:\/\/www.laprovence.com\/article\/france-monde\/1282540310147416\/plusieurs-blesses-apres-des-coups-de-feu-a-paris-un-homme-interpelle\" target=\"_blank\" rel=\"nofollow noopener\">assassin\u00e9 le 23\u00a0d\u00e9cembre\u00a02022 dans la rue d\u2019Enghien \u00e0 Paris<\/a> par un criminel raciste, avaient \u00e9t\u00e9 marqu\u00e9es par de nombreux incidents, alors que les forces de l\u2019ordre turques emp\u00eachaient des proches et militants de se joindre \u00e0 la c\u00e9r\u00e9monie.<\/p>\n<p>Effet papillon, c\u2019est \u00e0 <a href=\"https:\/\/www.laprovence.com\/bouches-du-rhone\/marseille-13055\" target=\"_blank\" rel=\"nofollow noopener\">Marseille<\/a> qu\u2019un peu de cette violence, dans la nuit du 5 au 6\u00a0janvier\u00a02023, s\u2019\u00e9tait r\u00e9percut\u00e9e\u00a0: vers 2h du matin, un groupe de six hommes avait rejoint le consulat de Turquie, au 363 de l\u2019avenue du Prado, et <a href=\"https:\/\/www.laprovence.com\/actu\/en-direct\/1405258730220616\/marseille-deux-kurdes-arretes-apres-avoir-jete-des-cocktails-molotov-contre-le-consulat-de-turquie\" target=\"_blank\" rel=\"nofollow noopener\">l\u2019avait cibl\u00e9 d\u2019une quinzaine de cocktails molotov artisanaux<\/a>, d\u00e9gradant le b\u00e2timent diplomatique. Presque deux ans plus tard, quatre des auteurs ont \u00e9t\u00e9 jug\u00e9s et condamn\u00e9s ce mercredi 1er\u00a0octobre par le tribunal correctionnel de Marseille\u00a0: tous Kurdes entre 25 et 40\u00a0ans, aux casiers judiciaires vierges, venus en France par crainte du pouvoir turc pour la plupart et install\u00e9s dans un foyer \u00e0 <a href=\"https:\/\/www.laprovence.com\/bouches-du-rhone\/marignane-13054\" target=\"_blank\" rel=\"nofollow noopener\">Marignane<\/a>.<\/p>\n<p>Quatre auteurs identifi\u00e9s<\/p>\n<p>La nuit des faits, une enqu\u00eate avait \u00e9t\u00e9 confi\u00e9e \u00e0 la brigade criminelle, second\u00e9e par la sous-direction antiterroriste, signe que l\u2019affaire \u00e9tait prise tr\u00e8s au s\u00e9rieux par les autorit\u00e9s. Deux des auteurs avaient \u00e9t\u00e9 interpell\u00e9s dans la foul\u00e9e gr\u00e2ce \u00e0 la description de leurs v\u00eatements\u00a0; deux autres avaient \u00e9t\u00e9 remont\u00e9s gr\u00e2ce \u00e0 leur bornage t\u00e9l\u00e9phonique quelques semaines plus tard. Les deux ultimes membres d\u2019un groupe qui comptait six personnes selon les images des cam\u00e9ras de vid\u00e9osurveillance n\u2019avaient pas pu \u00eatre rattrap\u00e9s.<\/p>\n<p>Au tribunal ce mercredi, ils \u00e9taient trois. Le quatri\u00e8me, signal\u00e9 sur un vol entre Zurich et Istanbul plusieurs mois auparavant, n\u2019avait pas donn\u00e9 signe de vie depuis. \u00c0 ces pr\u00e9venus un peu diff\u00e9rents des autres, la pr\u00e9sidente Mandana Samii a adress\u00e9 d\u2019entr\u00e9e de jeu ce rappel\u00a0: \u00ab\u00a0Nous sommes une juridiction correctionnelle, pas politique\u00a0\u00bb.<\/p>\n<p>\u00ab\u00a0Un coup de col\u00e8re\u00a0\u00bb<\/p>\n<p>\u00c0 la barre, ils ont reconnu les faits, invoquant \u00ab\u00a0un coup de col\u00e8re\u00a0\u00bb, \u00e0 la suite des fun\u00e9railles perturb\u00e9es de Mir Perwer, leur cousin assassin\u00e9 en plein Paris dix ans presque jour pour jour apr\u00e8s un attentat au cours duquel trois militantes kurdes avaient, d\u00e9j\u00e0, \u00e9t\u00e9 abattues dans la capitale fran\u00e7aise\u2026 Ils ont en revanche contest\u00e9 tout lien avec <a href=\"https:\/\/www.laprovence.com\/article\/france-monde\/17016222342484\/pourquoi-le-pkk-met-il-fin-a-plus-de-quatre-decennies-de-guerilla\" target=\"_blank\" rel=\"nofollow noopener\">un groupe politique arm\u00e9<\/a> ou pr\u00f4nant des actions violentes.<\/p>\n<p>\u00c0 l\u2019heure de requ\u00e9rir, la procureure Audrey Jouaneton s\u2019est livr\u00e9e \u00e0 un r\u00e9quisitoire d\u2019\u00e9quilibriste. \u00ab\u00a0Ce dossier s\u2019inscrit dans une r\u00e9alit\u00e9 \u00e0 la fois politique et \u00e9motionnelle\u00a0\u00bb, a-t-elle d\u00e9clar\u00e9 en pr\u00e9ambule, rappelant le double traumatisme des attaques parisiennes pour la communaut\u00e9 kurde, et le fait que, m\u00eame si \u00ab\u00a0les faits \u00e9taient graves\u00a0\u00bb, la justice avait choisi d\u2019\u00e9carter la qualification terroriste pour les jets de cocktail molotov. Elle a requis 2\u00a0ans de prison \u00e0 l\u2019encontre de chacun, dont un ferme ex\u00e9cutable sous bracelet \u00e9lectronique.<\/p>\n<p>La crainte de la main de l\u2019\u00c9tat turc<\/p>\n<p>\u00c0 leur tour, les deux avocats de la d\u00e9fense ont tent\u00e9 de d\u00e9crire le contexte, Me Olivier Kuhn-Massot rappelant notamment que \u00ab\u00a0l\u2019implication de la main de l\u2019\u00c9tat turc (qu\u2019aucune preuve ne vient corroborer \u00e0 cette heure, Ndlr), 10\u00a0ans presque jour pour jour apr\u00e8s le triple assassinat de militantes kurdes, ne faisait aucun doute pour eux\u00a0\u00bb dans l\u2019assassinat de Mir Perwer rue d\u2019Enghien, g\u00e9n\u00e9rant une nouvelle blessure.<\/p>\n<p>Les juges du si\u00e8ge ont semble-t-il entendu la voix de la d\u00e9fense. Les quatre pr\u00e9venus ont \u00e9t\u00e9 condamn\u00e9s ce mercredi en d\u00e9but de soir\u00e9e \u00e0 2\u00a0ans de prison avec sursis.<\/p>\n","protected":false},"excerpt":{"rendered":"Dans la province turque de Mus, le 5\u00a0janvier\u00a02023 avait \u00e9t\u00e9 une journ\u00e9e de violence\u00a0; elle aurait d\u00fb, pourtant,&hellip;\n","protected":false},"author":2,"featured_media":439929,"comment_status":"","ping_status":"","sticky":false,"template":"","format":"standard","meta":{"footnotes":""},"categories":[2814],"tags":[17,1111,11,1764,6661,16087,154,1777,674,274,1011,27,38913,884,12,471,806,882,25],"class_list":{"0":"post-439928","1":"post","2":"type-post","3":"status-publish","4":"format-standard","5":"has-post-thumbnail","7":"category-marseille","8":"tag-17","9":"tag-actu","10":"tag-actualites","11":"tag-ans","12":"tag-avoir","13":"tag-condamnes","14":"tag-des","15":"tag-eu","16":"tag-europe","17":"tag-faits-divers-justice","18":"tag-fr","19":"tag-france","20":"tag-kurdes","21":"tag-marseille","22":"tag-news","23":"tag-pour","24":"tag-prison","25":"tag-provence-alpes-cote-dazur","26":"tag-republique-francaise"},"share_on_mastodon":{"url":"https:\/\/pubeurope.com\/@fr\/115319416221933979","error":""},"_links":{"self":[{"href":"https:\/\/www.europesays.com\/fr\/wp-json\/wp\/v2\/posts\/439928","targetHints":{"allow":["GET"]}}],"collection":[{"href":"https:\/\/www.europesays.com\/fr\/wp-json\/wp\/v2\/posts"}],"about":[{"href":"https:\/\/www.europesays.com\/fr\/wp-json\/wp\/v2\/types\/post"}],"author":[{"embeddable":true,"href":"https:\/\/www.europesays.com\/fr\/wp-json\/wp\/v2\/users\/2"}],"replies":[{"embeddable":true,"href":"https:\/\/www.europesays.com\/fr\/wp-json\/wp\/v2\/comments?post=439928"}],"version-history":[{"count":0,"href":"https:\/\/www.europesays.com\/fr\/wp-json\/wp\/v2\/posts\/439928\/revisions"}],"wp:featuredmedia":[{"embeddable":true,"href":"https:\/\/www.europesays.com\/fr\/wp-json\/wp\/v2\/media\/439929"}],"wp:attachment":[{"href":"https:\/\/www.europesays.com\/fr\/wp-json\/wp\/v2\/media?parent=439928"}],"wp:term":[{"taxonomy":"category","embeddable":true,"href":"https:\/\/www.europesays.com\/fr\/wp-json\/wp\/v2\/categories?post=439928"},{"taxonomy":"post_tag","embeddable":true,"href":"https:\/\/www.europesays.com\/fr\/wp-json\/wp\/v2\/tags?post=439928"}],"curies":[{"name":"wp","href":"https:\/\/api.w.org\/{rel}","templated":true}]}}