{"id":439930,"date":"2025-10-05T03:23:17","date_gmt":"2025-10-05T03:23:17","guid":{"rendered":"https:\/\/www.europesays.com\/fr\/439930\/"},"modified":"2025-10-05T03:23:17","modified_gmt":"2025-10-05T03:23:17","slug":"metz-marseille-0-3-large-victoire-de-lom-qui-prend-provisoirement-la-tete-des-incidents-en-tribunes","status":"publish","type":"post","link":"https:\/\/www.europesays.com\/fr\/439930\/","title":{"rendered":"Metz &#8211; Marseille (0-3)\u00a0: large victoire de l\u2019OM qui prend provisoirement la t\u00eate, des incidents en tribunes"},"content":{"rendered":"<p class=\"paragraph text_align_left lp-f-body-02\">Histoire de bien mettre la pression sur le <a href=\"https:\/\/www.leparisien.fr\/sports\/football\/psg\/\" target=\"_self\" rel=\"nofollow noopener\">PSG <\/a>et l\u2019Olympique Lyonnais, l\u2019<a href=\"https:\/\/www.leparisien.fr\/sports\/football\/ligue-des-champions\/om-ajax-4-0-les-marseillais-en-demonstration-au-velodrome-pour-leur-premier-succes-en-ligue-des-champions-30-09-2025-ZWQML3FJABAPRDH36EQLGMXHSE.php\" target=\"_self\" rel=\"nofollow noopener\">OM<\/a> s\u2019est d\u00e9barrass\u00e9, non sans difficult\u00e9, du FC Metz lors de cette 7e Journ\u00e9e de <a href=\"https:\/\/www.leparisien.fr\/sports\/football\/ligue-1\/\" target=\"_self\" rel=\"nofollow noopener\">Ligue 1<\/a>. Gr\u00e2ce au troisi\u00e8me but de la semaine pour Igor Paixao, au premier \u00e0 Marseille pour Matthew O\u2019Riley et au premier cette saison d\u2019Amine Gouiri, les joueurs de Roberto de Zerbi se sont impos\u00e9s 3-0.<\/p>\n<p class=\"paragraph text_align_left lp-f-body-02\">Ils avaient pourtant d\u00e9marr\u00e9 sur les chapeaux de roues ces Phoc\u00e9ens, encha\u00eenant les frappes par Greenwood (5e), Gomes (9e) et Pavard (11e). Mais personne ne s\u2019\u00e9tait montr\u00e9 vraiment dangereux en cette premi\u00e8re p\u00e9riode, si ce n\u2019est l\u2019ailier anglais. Il trouvait en effet le poteau \u00e0 la 30e minute, cr\u00e9ant ainsi la plus belle occasion du match.<\/p>\n<p>Premi\u00e8res pour Vaz et O\u2019Riley<\/p>\n<p class=\"paragraph text_align_left lp-f-body-02\">La pression \u00e9tait encore plus forte au retour du vestiaire. Paixao frappait mais tombait sur Fischer (48e) et Greenwood trouvait la barre transversale sur un encha\u00eenement parfait (50e). Alors le premier des deux prenait sa revanche une minute plus tard et servi par Vaz, marquait son troisi\u00e8me but avec l\u2019OM (1-0, 51e).<\/p>\n<p class=\"paragraph text_align_left lp-f-body-02\">Le jeune Robinio Vaz, passeur d\u00e9cisif pour sa premi\u00e8re titularisation de la saison, sortait bless\u00e9 \u00e0 la 62e minute. Amine Gouiri le rempla\u00e7ait et profitait des largesses d\u00e9fensives messines pour s\u2019infiltrer sur la gauche de la surface des Grenats. En retrait il trouvait O\u2019Riley et en une touche le milieu pr\u00eat\u00e9 par Brighton marquait son premier but sous ses nouvelles couleurs (2-0, 69e).<\/p>\n<p>Tensions en tribunes<\/p>\n<p class=\"paragraph text_align_left lp-f-body-02\">La d\u00e9b\u00e2cle se profilait alors pour le FC Metz qui avait pourtant tenu en premi\u00e8re p\u00e9riode. Gouiri, entr\u00e9 pour faire la diff\u00e9rence, noircissait sa feuille de match et apr\u00e8s la passe d\u00e9cisive, il inscrivait le troisi\u00e8me but olympien, 3-0 (76e).<\/p>\n<p class=\"paragraph text_align_left lp-f-body-02\">En fin de rencontre (81e), des tensions \u00e9clataient entre supporters en tribunes, et quelques projectiles tombaient sur la pelouse. L\u2019arbitre, Cl\u00e9ment Turpin, arr\u00eatait la rencontre quelques minutes, le temps de calmer les ardeurs. Gauthier Hein, capitaine messin, y allait m\u00eame de ses mots envers la tribune. Quelques petites minutes apr\u00e8s, le jeu reprenait tranquillement jusqu\u2019\u00e0 la fin du match : 3-0.<\/p>\n<blockquote class=\"twitter-tweet\">\n<p lang=\"es\" dir=\"ltr\">Escenas de tensi\u00f3n en Metz. <\/p>\n<p>Con el equipo colista, perdiendo 0-3 ante el OM, el partido se ha parado unos minutos por c\u00e1nticos de car\u00e1cter hom\u00f3fobo y ha tenido que ir el capit\u00e1n, Hein, a tranquilizar a los ultras a uno de los fondos.<\/p>\n<p>El partido se reanuda. <a href=\"https:\/\/t.co\/dwaYXMOyBa\" rel=\"nofollow\">pic.twitter.com\/dwaYXMOyBa<\/a><\/p>\n<p>\u2014 Andr\u00e9s Onrubia Ramos (@AndiOnrubia) <a href=\"https:\/\/twitter.com\/AndiOnrubia\/status\/1974515768793628934?ref_src=twsrc%5Etfw\" rel=\"nofollow noopener\" target=\"_blank\">October 4, 2025<\/a><\/p><\/blockquote>\n<p class=\"paragraph text_align_left lp-f-body-02\">L\u2019<a href=\"https:\/\/www.leparisien.fr\/sports\/football\/arkema-premiere-ligue-corinne-diacre-va-sengager-pour-deux-saisons-avec-marseille-04-10-2025-WOSWMYNOYFHRBFSYJLZHK72JYY.php\" target=\"_self\" rel=\"nofollow noopener\">OM<\/a> continue d\u2019impressionner, remporte son quatri\u00e8me match cons\u00e9cutif toutes comp\u00e9titions confondues et remonte donc \u00e0 la premi\u00e8re place provisoire en attendant les Lyonnais qui recevront Toulouse ce dimanche ainsi que le match de cl\u00f4ture \u00e0 20 h 45 dimanche : <a href=\"https:\/\/www.leparisien.fr\/sports\/football\/ligue-1\/lille-psg-notre-equipe-est-prete-a-surmonter-toutes-les-difficultes-clame-luis-enrique-04-10-2025-BIZQFTGM5NDYTLYRWRKORPZXEQ.php\" target=\"_self\" rel=\"nofollow noopener\">LOSC &#8211; PSG<\/a>.<\/p>\n<p><script async src=\"https:\/\/platform.twitter.com\/widgets.js\" charset=\"utf-8\"><\/script><\/p>\n","protected":false},"excerpt":{"rendered":"Histoire de bien mettre la pression sur le PSG et l\u2019Olympique Lyonnais, l\u2019OM s\u2019est d\u00e9barrass\u00e9, non sans difficult\u00e9,&hellip;\n","protected":false},"author":2,"featured_media":439931,"comment_status":"","ping_status":"","sticky":false,"template":"","format":"standard","meta":{"footnotes":""},"categories":[2814],"tags":[1111,11,1777,674,63,1011,27,66,884,12,882,25,60],"class_list":{"0":"post-439930","1":"post","2":"type-post","3":"status-publish","4":"format-standard","5":"has-post-thumbnail","7":"category-marseille","8":"tag-actu","9":"tag-actualites","10":"tag-eu","11":"tag-europe","12":"tag-football","13":"tag-fr","14":"tag-france","15":"tag-ligue-1","16":"tag-marseille","17":"tag-news","18":"tag-provence-alpes-cote-dazur","19":"tag-republique-francaise","20":"tag-sports"},"share_on_mastodon":{"url":"https:\/\/pubeurope.com\/@fr\/115319419937643669","error":""},"_links":{"self":[{"href":"https:\/\/www.europesays.com\/fr\/wp-json\/wp\/v2\/posts\/439930","targetHints":{"allow":["GET"]}}],"collection":[{"href":"https:\/\/www.europesays.com\/fr\/wp-json\/wp\/v2\/posts"}],"about":[{"href":"https:\/\/www.europesays.com\/fr\/wp-json\/wp\/v2\/types\/post"}],"author":[{"embeddable":true,"href":"https:\/\/www.europesays.com\/fr\/wp-json\/wp\/v2\/users\/2"}],"replies":[{"embeddable":true,"href":"https:\/\/www.europesays.com\/fr\/wp-json\/wp\/v2\/comments?post=439930"}],"version-history":[{"count":0,"href":"https:\/\/www.europesays.com\/fr\/wp-json\/wp\/v2\/posts\/439930\/revisions"}],"wp:featuredmedia":[{"embeddable":true,"href":"https:\/\/www.europesays.com\/fr\/wp-json\/wp\/v2\/media\/439931"}],"wp:attachment":[{"href":"https:\/\/www.europesays.com\/fr\/wp-json\/wp\/v2\/media?parent=439930"}],"wp:term":[{"taxonomy":"category","embeddable":true,"href":"https:\/\/www.europesays.com\/fr\/wp-json\/wp\/v2\/categories?post=439930"},{"taxonomy":"post_tag","embeddable":true,"href":"https:\/\/www.europesays.com\/fr\/wp-json\/wp\/v2\/tags?post=439930"}],"curies":[{"name":"wp","href":"https:\/\/api.w.org\/{rel}","templated":true}]}}