{"id":439932,"date":"2025-10-05T03:24:19","date_gmt":"2025-10-05T03:24:19","guid":{"rendered":"https:\/\/www.europesays.com\/fr\/439932\/"},"modified":"2025-10-05T03:24:19","modified_gmt":"2025-10-05T03:24:19","slug":"lyon-celebre-wong-kar-wai-et-pasolini-au-bleu-du-ciel","status":"publish","type":"post","link":"https:\/\/www.europesays.com\/fr\/439932\/","title":{"rendered":"Lyon c\u00e9l\u00e8bre Wong Kar-Wai et Pasolini au Bleu du Ciel"},"content":{"rendered":"<p>                            <img loading=\"lazy\" width=\"765\" height=\"433\" class=\"attachment-article size-article wp-post-image lazyload\" alt=\"Wong Kar-wai portrait NB\" decoding=\"async\" src=\"https:\/\/www.europesays.com\/fr\/wp-content\/uploads\/2025\/10\/845827-ez-Wong-Kar-wai-portrait-NB-765x433.jpg\"  data- data-eio-rwidth=\"765\" data-eio-rheight=\"433\"\/><\/p>\n<p>Le r\u00e9alisateur Wong Kar-wai<\/p>\n<p class=\"content\" style=\"font-size:1.2em;font-weight:700\">Du vendredi 10 octobre au vendredi 29 novembre, le centre de photographie contemporaine Le Bleu du Ciel met en lumi\u00e8re deux univers singuliers, avec les images cin\u00e9matographiques de Wong Kar-Wai et les lieux embl\u00e9matiques du cin\u00e9aste Pasolini. <\/p>\n<p>Apr\u00e8s avoir inaugur\u00e9 en 2024 un cycle consacr\u00e9 aux liens entre cin\u00e9ma et photographie, le centre Le Bleu du Ciel poursuit sa d\u00e9marche en accueillant l&rsquo;exposition In the Mood for Wong Kar-Wai et Les lieux de Pasolini, du vendredi 10 octobre au vendredi 29 novembre 2025. Produite par l&rsquo;Institut Lumi\u00e8re, l&rsquo;exposition In The Mood for Wong Kar-Wai rassemble plus de cinquante photographies issues des dix films du cin\u00e9aste hongkongais, de As Tears Go By, sorti en 1988, \u00e0 The Grand Master, en 2013. Ces images, d&rsquo;abord pr\u00e9sent\u00e9es \u00e0 Hong-Kong et New-York avant d&rsquo;atterrir \u00e0 Lyon, restituent l&rsquo;esth\u00e9tique si reconnaissable de Wong Kar-Wai. Lumi\u00e8res chaudes, couleurs satur\u00e9es et atmosph\u00e8res nocturnes viennent prolonger la po\u00e9sie visuelle de son cin\u00e9ma. <\/p>\n<p>En parall\u00e8le, dans la mezzanine du centre de photographie, les visiteurs pourront entrer dans les coulisses des Lieux de Pasolini captur\u00e9 par le photographe Gilles Verneret. Entre Casarsa et Roma, l&rsquo;exposition propose une exploration des paysages marqu\u00e9s par la vie et les \u0153uvres du cin\u00e9aste et po\u00e8te italien. Les clich\u00e9s dialoguent avec des textes de Pasolini, offrant une plong\u00e9e dans son la m\u00e9moire de ses travaux et de rappeler sa place d\u2019observateur et de d\u00e9nonciateur de la soci\u00e9t\u00e9 italienne.<\/p>\n<p><strong>Exposition<\/strong> In the Mood for Wong Kar-Wai et Les lieux de Pasolini, Le Bleu du Ciel, 12 rue des Fantastiques, 69001. Du vendredi 10 octobre au vendredi 29 novembre 2025. <\/p>\n","protected":false},"excerpt":{"rendered":"Le r\u00e9alisateur Wong Kar-wai Du vendredi 10 octobre au vendredi 29 novembre, le centre de photographie contemporaine Le&hellip;\n","protected":false},"author":2,"featured_media":439933,"comment_status":"","ping_status":"","sticky":false,"template":"","format":"standard","meta":{"footnotes":""},"categories":[1889],"tags":[1111,11,2430,650,251,1777,674,3293,1011,27,15926,2428,12,25],"class_list":{"0":"post-439932","1":"post","2":"type-post","3":"status-publish","4":"format-standard","5":"has-post-thumbnail","7":"category-lyon","8":"tag-actu","9":"tag-actualites","10":"tag-auvergne-rhone-alpes","11":"tag-cinema","12":"tag-culture","13":"tag-eu","14":"tag-europe","15":"tag-exposition","16":"tag-fr","17":"tag-france","18":"tag-lumiere","19":"tag-lyon","20":"tag-news","21":"tag-republique-francaise"},"share_on_mastodon":{"url":"https:\/\/pubeurope.com\/@fr\/115319424378913425","error":""},"_links":{"self":[{"href":"https:\/\/www.europesays.com\/fr\/wp-json\/wp\/v2\/posts\/439932","targetHints":{"allow":["GET"]}}],"collection":[{"href":"https:\/\/www.europesays.com\/fr\/wp-json\/wp\/v2\/posts"}],"about":[{"href":"https:\/\/www.europesays.com\/fr\/wp-json\/wp\/v2\/types\/post"}],"author":[{"embeddable":true,"href":"https:\/\/www.europesays.com\/fr\/wp-json\/wp\/v2\/users\/2"}],"replies":[{"embeddable":true,"href":"https:\/\/www.europesays.com\/fr\/wp-json\/wp\/v2\/comments?post=439932"}],"version-history":[{"count":0,"href":"https:\/\/www.europesays.com\/fr\/wp-json\/wp\/v2\/posts\/439932\/revisions"}],"wp:featuredmedia":[{"embeddable":true,"href":"https:\/\/www.europesays.com\/fr\/wp-json\/wp\/v2\/media\/439933"}],"wp:attachment":[{"href":"https:\/\/www.europesays.com\/fr\/wp-json\/wp\/v2\/media?parent=439932"}],"wp:term":[{"taxonomy":"category","embeddable":true,"href":"https:\/\/www.europesays.com\/fr\/wp-json\/wp\/v2\/categories?post=439932"},{"taxonomy":"post_tag","embeddable":true,"href":"https:\/\/www.europesays.com\/fr\/wp-json\/wp\/v2\/tags?post=439932"}],"curies":[{"name":"wp","href":"https:\/\/api.w.org\/{rel}","templated":true}]}}