{"id":439938,"date":"2025-10-05T03:29:16","date_gmt":"2025-10-05T03:29:16","guid":{"rendered":"https:\/\/www.europesays.com\/fr\/439938\/"},"modified":"2025-10-05T03:29:16","modified_gmt":"2025-10-05T03:29:16","slug":"on-est-apathiques-a-deux-de-tension","status":"publish","type":"post","link":"https:\/\/www.europesays.com\/fr\/439938\/","title":{"rendered":"\u00ab\u00a0On est apathiques, \u00e0 deux de tension\u00a0\u00bb"},"content":{"rendered":"\n<p class=\"Paragraph__content\" data-v-e14a34bc=\"\"><b>Franck Az\u00e9ma, manager de Perpignan, apr\u00e8s <a href=\"https:\/\/www.lequipe.fr\/Rugby\/Actualites\/Toulon-s-offre-pau-clermont-ecrase-montauban-et-le-stade-francais-enfonce-perpignan-pour-prendre-virtuellement-la-tete-du-top-14\/1599050\" notaddlevel=\"true\" target=\"_blank\" rel=\"nofollow noopener\">la d\u00e9faite \u00e0 Aim\u00e9-Giral face au Stade Fran\u00e7ais (11-28)<\/a>\u00a0:<\/b> \u00ab\u00a0Il n&rsquo;y a rien de bon. On n&rsquo;a pas de solutions sur le terrain, il y a trop de manques. Quand tu es leader, c&rsquo;est \u00e0 toi de mener le groupe. Force est de constater que le message que j&rsquo;envoie ne passe pas. Donc, c&rsquo;est certainement de ma responsabilit\u00e9. Pourtant, on s&rsquo;entra\u00eene tous les jours, dans les conditions qu&rsquo;il faut, l&rsquo;environnement est parfait, mais sur le terrain il n&rsquo;y a pas de rendu. \u00c7a fait un moment qu&rsquo;on est dans cette frustration-l\u00e0.<\/p>\n<p class=\"Paragraph__content\" data-v-e14a34bc=\"\">Aujourd&rsquo;hui (samedi), je ne pense pas qu&rsquo;on soit amoindris. On peut se battre bien plus que ce qu&rsquo;on s&rsquo;est battu, et avoir d&rsquo;autres armes, d&rsquo;autres ressources. Malheureusement, on ne les utilise pas, on est apathiques, \u00e0 deux de tension, on ne bouge pas. Pourtant, on n&rsquo;a pas pris 15 Temesta (un anxiolytique, NDLR) ce matin. Le probl\u00e8me est ailleurs. Aujourd&rsquo;hui, je ne vois rien qui avance, et \u00e7a, ce n&rsquo;est pas bon, parce qu&rsquo;on stagne. Maintenant, il faut se poser les bonnes questions, parce qu&rsquo;\u00e0 un moment donn\u00e9, on ne peut pas faire semblant comme on a fait cet apr\u00e8s-midi.<\/p>\n<p class=\"Quote__content\" data-v-534d67d4=\"\">\u00ab\u00a0On a d\u00e9j\u00e0 \u00e9chang\u00e9 sur pas mal de choses, et \u00e0 la sortie, je ne vois pas vraiment de choses qui ont chang\u00e9.\u00a0\u00bb<\/p>\n<p class=\"Paragraph__content\" data-v-e14a34bc=\"\">\u00c0 la mi-temps, on a essay\u00e9 de mettre du sang neuf, des gar\u00e7ons ont pris la parole, mais bon&#8230; Au d\u00e9but de match, \u00e0 chaque fois qu&rsquo;ils viennent faire un lancement, il y a essai. On n&rsquo;a touch\u00e9 personne en d\u00e9fense. Que tu ne sois pas brillant, tu peux l&rsquo;entendre. En revanche, \u00e0 chaque fois qu&rsquo;il y a une m\u00eal\u00e9e \u00e0 5\u00a0m de chez nous, tu ne peux pas prendre un essai en marchant. On ne peut pas peser sur le match parce qu&rsquo;on n&rsquo;a pas le ballon. Un coup, c&rsquo;est le lancer en touche, un coup on fait un en-avant, c&rsquo;est trop de d\u00e9tails accumul\u00e9s&#8230; Pourtant, on sait jouer au rugby. L\u00e0, je suis frustr\u00e9. Ce qui m&rsquo;int\u00e9resse, c&rsquo;est de trouver les solutions pour que \u00e7a avance, pas de faire du cirque. On a d\u00e9j\u00e0 \u00e9chang\u00e9 sur pas mal de choses, et \u00e0 la sortie, je ne vois pas vraiment de choses qui ont chang\u00e9. Alors, ou il y a une prise de conscience profonde, ou il faudra envisager autre chose.\u00a0\u00bb<\/p>\n","protected":false},"excerpt":{"rendered":"Franck Az\u00e9ma, manager de Perpignan, apr\u00e8s la d\u00e9faite \u00e0 Aim\u00e9-Giral face au Stade Fran\u00e7ais (11-28)\u00a0: \u00ab\u00a0Il n&rsquo;y a&hellip;\n","protected":false},"author":2,"featured_media":439939,"comment_status":"","ping_status":"","sticky":false,"template":"","format":"standard","meta":{"footnotes":""},"categories":[1888],"tags":[1111,1928,11,1927,1777,674,1011,27,12,1926,626,1925,25],"class_list":{"0":"post-439938","1":"post","2":"type-post","3":"status-publish","4":"format-standard","5":"has-post-thumbnail","7":"category-paris","8":"tag-actu","9":"tag-actu-paris","10":"tag-actualites","11":"tag-actualites-paris","12":"tag-eu","13":"tag-europe","14":"tag-fr","15":"tag-france","16":"tag-news","17":"tag-news-paris","18":"tag-paris","19":"tag-paris-news","20":"tag-republique-francaise"},"share_on_mastodon":{"url":"https:\/\/pubeurope.com\/@fr\/115319443545716737","error":""},"_links":{"self":[{"href":"https:\/\/www.europesays.com\/fr\/wp-json\/wp\/v2\/posts\/439938","targetHints":{"allow":["GET"]}}],"collection":[{"href":"https:\/\/www.europesays.com\/fr\/wp-json\/wp\/v2\/posts"}],"about":[{"href":"https:\/\/www.europesays.com\/fr\/wp-json\/wp\/v2\/types\/post"}],"author":[{"embeddable":true,"href":"https:\/\/www.europesays.com\/fr\/wp-json\/wp\/v2\/users\/2"}],"replies":[{"embeddable":true,"href":"https:\/\/www.europesays.com\/fr\/wp-json\/wp\/v2\/comments?post=439938"}],"version-history":[{"count":0,"href":"https:\/\/www.europesays.com\/fr\/wp-json\/wp\/v2\/posts\/439938\/revisions"}],"wp:featuredmedia":[{"embeddable":true,"href":"https:\/\/www.europesays.com\/fr\/wp-json\/wp\/v2\/media\/439939"}],"wp:attachment":[{"href":"https:\/\/www.europesays.com\/fr\/wp-json\/wp\/v2\/media?parent=439938"}],"wp:term":[{"taxonomy":"category","embeddable":true,"href":"https:\/\/www.europesays.com\/fr\/wp-json\/wp\/v2\/categories?post=439938"},{"taxonomy":"post_tag","embeddable":true,"href":"https:\/\/www.europesays.com\/fr\/wp-json\/wp\/v2\/tags?post=439938"}],"curies":[{"name":"wp","href":"https:\/\/api.w.org\/{rel}","templated":true}]}}