{"id":439940,"date":"2025-10-05T03:30:15","date_gmt":"2025-10-05T03:30:15","guid":{"rendered":"https:\/\/www.europesays.com\/fr\/439940\/"},"modified":"2025-10-05T03:30:15","modified_gmt":"2025-10-05T03:30:15","slug":"seine-saint-denis-un-pere-oublie-son-bebe-de-6-mois-dans-un-bus-entre-pierrefitte-et-aubervilliers","status":"publish","type":"post","link":"https:\/\/www.europesays.com\/fr\/439940\/","title":{"rendered":"Seine-Saint-Denis\u00a0: un p\u00e8re oublie son b\u00e9b\u00e9 de 6 mois dans un bus entre Pierrefitte et Aubervilliers"},"content":{"rendered":"<p class=\"paragraph text_align_left lp-f-body-02\">Incroyable distraction d\u2019un p\u00e8re de famille entre Pierrefitte (Seine-Saint-Denis) et Aubervilliers. Ce samedi apr\u00e8s-midi, il aurait tout simplement oubli\u00e9 son b\u00e9b\u00e9, dans l\u2019autobus pour continuer \u00e0 mener sa petite vie.<\/p>\n<p class=\"paragraph text_align_left lp-f-body-02\">Il est 16h30 \u00e0 <a href=\"https:\/\/www.leparisien.fr\/seine-saint-denis-93\/aubervilliers-93300\/\" target=\"_self\" rel=\"nofollow noopener\">Aubervilliers<\/a>, quand les agents de la RATP pr\u00e9viennent les forces de l\u2019ordre apr\u00e8s avoir d\u00e9couvert un b\u00e9b\u00e9 dans sa poussette, \u00e2g\u00e9 d\u2019environ 6 mois, abandonn\u00e9 dans le bus de la ligne 150. Une patrouille se rend sur place et r\u00e9cup\u00e8re l\u2019enfant. Le b\u00e9b\u00e9 en bonne sant\u00e9 est conduit au commissariat. \u00ab Les policiers ont d\u00e9cid\u00e9 d\u2019attendre un peu avant d\u2019appeler les services sociaux et d\u00e9clencher une proc\u00e9dure \u00bb, explique un t\u00e9moin.<\/p>\n<p class=\"paragraph text_align_left lp-f-body-02\">Les forces de l\u2019ordre exploitent les images de vid\u00e9osurveillance du bus et interrogent les quelques t\u00e9moins pr\u00e9sents. Selon les premiers \u00e9l\u00e9ments r\u00e9v\u00e9l\u00e9s, le p\u00e8re est mont\u00e9 avec l\u2019enfant \u00e0 Pierrefitte et il est redescendu sans lui. \u00ab Une fois le bus arriv\u00e9 \u00e0 Aubervilliers, les gens ont commenc\u00e9 \u00e0 trouver \u00e7a bizarre qu\u2019une poussette soit seule dans le bus et ont donn\u00e9 l\u2019alerte au machiniste \u00bb, raconte une source proche de l\u2019affaire.<\/p>\n<p>Des suites judiciaires \u00e0 venir ?<\/p>\n<p class=\"paragraph text_align_left lp-f-body-02\">La RATP, mise \u00e0 contribution, signale que le p\u00e8re leur avait t\u00e9l\u00e9phon\u00e9 pour leur demander s\u2019ils n\u2019avaient pas trouv\u00e9 son nourrisson. Vers 18h30, les parents s\u2019\u00e9taient rendus au commissariat pour r\u00e9cup\u00e9rer leur enfant.<\/p>\n<p class=\"paragraph text_align_left lp-f-body-02\">La suite de cette histoire d\u00e9pendra du parquet de Bobigny. Pour m\u00e9moire, la loi n\u2019est pas tendre avec les parents d\u00e9faillants. Le fait, par le p\u00e8re ou la m\u00e8re, de se soustraire, sans motif l\u00e9gitime, \u00e0 ses obligations l\u00e9gales au point de compromettre la sant\u00e9, la s\u00e9curit\u00e9 de son enfant mineur est puni de deux ans d\u2019emprisonnement et de 30 000 euros d\u2019amende. Mais la personnalit\u00e9 et les circonstances du d\u00e9lit laissent aux magistrats l\u2019opportunit\u00e9 de d\u00e9cider de la nature des poursuites.<\/p>\n<p class=\"paragraph text_align_left lp-f-body-02\">. <\/p>\n","protected":false},"excerpt":{"rendered":"Incroyable distraction d\u2019un p\u00e8re de famille entre Pierrefitte (Seine-Saint-Denis) et Aubervilliers. Ce samedi apr\u00e8s-midi, il aurait tout simplement&hellip;\n","protected":false},"author":2,"featured_media":439941,"comment_status":"","ping_status":"","sticky":false,"template":"","format":"standard","meta":{"footnotes":""},"categories":[1888],"tags":[11,1777,674,118,1011,27,1944,12,626,25,1945],"class_list":{"0":"post-439940","1":"post","2":"type-post","3":"status-publish","4":"format-standard","5":"has-post-thumbnail","7":"category-paris","8":"tag-actualites","9":"tag-eu","10":"tag-europe","11":"tag-faits-divers","12":"tag-fr","13":"tag-france","14":"tag-ma-ville","15":"tag-news","16":"tag-paris","17":"tag-republique-francaise","18":"tag-seine-saint-denis"},"share_on_mastodon":{"url":"https:\/\/pubeurope.com\/@fr\/115319447535555504","error":""},"_links":{"self":[{"href":"https:\/\/www.europesays.com\/fr\/wp-json\/wp\/v2\/posts\/439940","targetHints":{"allow":["GET"]}}],"collection":[{"href":"https:\/\/www.europesays.com\/fr\/wp-json\/wp\/v2\/posts"}],"about":[{"href":"https:\/\/www.europesays.com\/fr\/wp-json\/wp\/v2\/types\/post"}],"author":[{"embeddable":true,"href":"https:\/\/www.europesays.com\/fr\/wp-json\/wp\/v2\/users\/2"}],"replies":[{"embeddable":true,"href":"https:\/\/www.europesays.com\/fr\/wp-json\/wp\/v2\/comments?post=439940"}],"version-history":[{"count":0,"href":"https:\/\/www.europesays.com\/fr\/wp-json\/wp\/v2\/posts\/439940\/revisions"}],"wp:featuredmedia":[{"embeddable":true,"href":"https:\/\/www.europesays.com\/fr\/wp-json\/wp\/v2\/media\/439941"}],"wp:attachment":[{"href":"https:\/\/www.europesays.com\/fr\/wp-json\/wp\/v2\/media?parent=439940"}],"wp:term":[{"taxonomy":"category","embeddable":true,"href":"https:\/\/www.europesays.com\/fr\/wp-json\/wp\/v2\/categories?post=439940"},{"taxonomy":"post_tag","embeddable":true,"href":"https:\/\/www.europesays.com\/fr\/wp-json\/wp\/v2\/tags?post=439940"}],"curies":[{"name":"wp","href":"https:\/\/api.w.org\/{rel}","templated":true}]}}