{"id":439942,"date":"2025-10-05T03:31:18","date_gmt":"2025-10-05T03:31:18","guid":{"rendered":"https:\/\/www.europesays.com\/fr\/439942\/"},"modified":"2025-10-05T03:31:18","modified_gmt":"2025-10-05T03:31:18","slug":"son-adresse-favorite-dans-ce-quartier-huppe-de-paris-prise-des-stars","status":"publish","type":"post","link":"https:\/\/www.europesays.com\/fr\/439942\/","title":{"rendered":"son adresse favorite dans ce quartier hupp\u00e9 de Paris pris\u00e9 des stars"},"content":{"rendered":"<p>                                    <img decoding=\"async\" src=\"https:\/\/www.europesays.com\/fr\/wp-content\/uploads\/2025\/10\/bfc224b8e62db2dc2959bbfc9e5bec26fbabd82a4a08a803462dab574c523d7c.jpg\" alt=\"Ce jeudi 2 octobre dans Gala N\u00b01686, d\u00e9couvrez le sommaire en vid\u00e9o\u00a0!\" class=\"a11y-hidden\" fetchpriority=\"high\"\/><\/p>\n<p class=\"fig-standfirst\">Kamel Ouali, est l\u2019invit\u00e9 de La bo\u00eete \u00e0 secrets sur France 3 ce vendredi 3 octobre, n\u2019a jamais cach\u00e9 son amour pour Paris. Il affectionne d\u2019ailleurs particuli\u00e8rement Saint-Germain-des-Pr\u00e9s, un quartier hupp\u00e9 du 6e arrondissement. L\u00e0-bas, il se rend souvent dans un caf\u00e9 bien connu des stars. Mais alors, quel est-il\u00a0?<\/p>\n<p class=\"fig-paragraph\">Alors que Kamel Ouali fait partie des invit\u00e9s du num\u00e9ro in\u00e9dit de l\u2019\u00e9mission La bo\u00eete \u00e0 secrets, pr\u00e9sent\u00e9e\u00a0<a href=\"http:\/\/www.gala.fr\/l_actu\/news_de_stars\/laurent-karila-ca-commence-aujourd-hui-proche-de-faustine-bollaert-il-se-confie-sur-leur-amitie-sincere-20251001\" data-fig-type=\"Article\" data-gtm-custom-categorie=\"navigation\" data-gtm-custom-action=\"crossclick\" data-gtm-custom-label=\"Contextuel\" data-gtm-event=\"customEventSPE\" data-fig-domain=\"GALA\" rel=\"nofollow noopener\" target=\"_blank\">par Faustine Bollaert<\/a>\u00a0et diffus\u00e9e sur France 3 ce vendredi 3 octobre, Gala.fr vous propose de d\u00e9couvrir l\u2019une de ses bonnes adresses parisiennes. Depuis toujours, le c\u00e9l\u00e8bre chor\u00e9graphe est amoureux de Paris, qu\u2019il conna\u00eet tr\u00e8s bien. \u00abJ\u2019ai v\u00e9cu une enfance heureuse en banlieue, dans le 9.3, mais l\u2019effervescence de Paris m\u2019attirait terriblement et le fait de m\u2019installer au c\u0153ur m\u00eame de la capitale facilitait mon quotidien professionnel\u00bb, confiait-il au\u00a0<a href=\"https:\/\/www.lefigaro.fr\/sortir-paris\/kamel-ouali-ses-adresses-a-paris-6e-20200309\" target=\"_blank\" data-fig-type=\"Article\" rel=\"sponsored noopener nofollow\" data-gtm-custom-categorie=\"navigation\" data-gtm-custom-action=\"crossclick\" data-gtm-custom-label=\"Contextuel\" data-gtm-event=\"customEventSPE\" data-fig-domain=\"LEFIGARO\">Figaro,<\/a> \u00a0en 2020. Comme il le r\u00e9v\u00e9lait \u00e0 nos confr\u00e8res, l\u2019ancien professeur de danse de\u00a0<a href=\"http:\/\/www.gala.fr\/l_actu\/news_de_stars\/star-academy-2025-casting-nouveaux-professeurs-nouveaux-defis-ce-qu-il-faut-savoir-sur-la-nouvelle-saison-20250929\" data-fig-type=\"Article\" data-gtm-custom-categorie=\"navigation\" data-gtm-custom-action=\"crossclick\" data-gtm-custom-label=\"Contextuel\" data-gtm-event=\"customEventSPE\" data-fig-domain=\"GALA\" rel=\"nofollow noopener\" target=\"_blank\">la Star Academy<\/a> \u00a0affectionne tout particuli\u00e8rement le quartier hupp\u00e9 de Saint-Germain-des-Pr\u00e9s, situ\u00e9 dans le 6e arrondissement.<\/p>\n<p class=\"fig-paragraph\">L\u00e0-bas, Kamel Ouali a ses habitudes. Parmi elles,<a href=\"https:\/\/www.gala.fr\/mode\/tendances_mode\/times-up-swatch-et-highsnobiety-la-collab-chic-dediee-au-cafe-de-flore_497448\" data-fig-type=\"Article\" data-gtm-custom-categorie=\"navigation\" data-gtm-custom-action=\"crossclick\" data-gtm-custom-label=\"Contextuel\" data-gtm-event=\"customEventSPE\" data-fig-domain=\"GALA\" rel=\"nofollow noopener\" target=\"_blank\">\u00a0le Caf\u00e9 de Flore<\/a>, un caf\u00e9 pris\u00e9 des stars. \u00abCe lieu embl\u00e9matique est, certes, fr\u00e9quent\u00e9 par bon nombre de touristes, mais il est tellement parisien aussi\u00a0! C\u2019est ce que j\u2019aime\u00bb, affirmait-il au Figaro, il y a cinq ans. \u00abJ\u2019y prends souvent mon petit caf\u00e9 du matin et y fixe mes rendez-vous. L\u2019ambiance me pla\u00eet, l\u2019accueil est toujours top et le c\u00f4t\u00e9 familial omnipr\u00e9sent\u00bb, ajoutait-il, avant de pr\u00e9ciser\u00a0: \u00abCe caf\u00e9 charg\u00e9 d\u2019histoire et fr\u00e9quent\u00e9 jadis par de grands auteurs ou romanciers est d\u00e9sormais devenu un passage incontournable, tr\u00e8s actuel\u00bb. Situ\u00e9e \u00e0 l\u2019angle du boulevard Saint-Germain et de la rue Saint-Beno\u00eet, cette institution parisienne est un lieu embl\u00e9matique de la rive gauche, \u00e0 la fois historique et appr\u00e9ci\u00e9 dans le monde entier.<\/p>\n<p>Qu\u2019y a-t-il \u00e0 la carte du Caf\u00e9 de Flore\u00a0?<\/p>\n<p>                                    <a class=\"fig-a11y-skip a11y-hidden\" href=\"#fig-a11y-skip-main-inarticle\"><br \/>\n        Passer la publicit\u00e9<br \/>\n    <\/a><\/p>\n<p class=\"fig-paragraph\">Le Caf\u00e9 de Flore propose une cuisine fran\u00e7aise traditionnelle dans un cadre typiquement parisien. Ouvert d\u00e8s 7 h 30, il est possible d\u2019y prendre son petit-d\u00e9jeuner, en terrasse lorsque le soleil pointe le bout de son nez. Entre un croissant au beurre, de la brioche au beurre, un pain aux raisins, un pain au chocolat \u00e0 4.00 euros la pi\u00e8ce, le choix est multiple. Il est \u00e9galement possible de d\u00e9guster des \u0153ufs \u00e0 coques avec ses mouillettes et beurre d\u2019Echir\u00e9 pour 13.50 euros. Pour ceux qui pr\u00e9f\u00e9raient des \u0153ufs durs bio, il faudra d\u00e9bourser 3.00 euros. \u00c0 la carte, se trouvent \u00e9galement des salades compos\u00e9es, allant de 20.50 \u00e0 25.00 euros, du homard entier en salade, aux agrumes et avocats pour 48.00 euros, du Foie gras \u00abmaison\u00bb de canard avec toasts \u00e0 27.50 euros, ou encore un tartare de b\u0153uf charolais \u00e0 23.50 euros et une quiche Lorraine \u00e0 19.00 euros. Pour finir sur une touche sucr\u00e9e, un large choix est \u00e9galement propos\u00e9\u00a0: une coupe du glacier avec trois parfums au choix \u00e0 16.00 euros, un milk-shake ou des profiteroles au chocolat \u00e0 17.50 euros. Vous l\u2019aurez compris, il y en a pour tous les go\u00fbts\u00a0!<\/p>\n<p class=\"fig-paragraph\">Le Caf\u00e9 de Flore<\/p>\n<p class=\"fig-paragraph\">172 Boulevard Saint-Germain, 75006 Paris<\/p>\n<p class=\"fig-paragraph\">T\u00e9l\u00e9phone\u00a0: 01 45 48 55 26<\/p>\n<p class=\"fig-paragraph\">Site\u00a0:\u00a0<a href=\"https:\/\/cafedeflore.fr\/\" target=\"_blank\" rel=\"sponsored noopener nofollow\" data-gtm-custom-categorie=\"navigation\" data-gtm-custom-action=\"crossclick\" data-gtm-custom-label=\"Contextuel\" data-gtm-event=\"customEventSPE\">cafedeflore.fr<\/a><\/p>\n","protected":false},"excerpt":{"rendered":"Kamel Ouali, est l\u2019invit\u00e9 de La bo\u00eete \u00e0 secrets sur France 3 ce vendredi 3 octobre, n\u2019a jamais&hellip;\n","protected":false},"author":2,"featured_media":439943,"comment_status":"","ping_status":"","sticky":false,"template":"","format":"standard","meta":{"footnotes":""},"categories":[1888],"tags":[11,1777,674,2656,1011,27,29150,12,626,25,1340],"class_list":{"0":"post-439942","1":"post","2":"type-post","3":"status-publish","4":"format-standard","5":"has-post-thumbnail","7":"category-paris","8":"tag-actualites","9":"tag-eu","10":"tag-europe","11":"tag-food","12":"tag-fr","13":"tag-france","14":"tag-kamel-ouali","15":"tag-news","16":"tag-paris","17":"tag-republique-francaise","18":"tag-restaurant"},"share_on_mastodon":{"url":"https:\/\/pubeurope.com\/@fr\/115319451875335607","error":""},"_links":{"self":[{"href":"https:\/\/www.europesays.com\/fr\/wp-json\/wp\/v2\/posts\/439942","targetHints":{"allow":["GET"]}}],"collection":[{"href":"https:\/\/www.europesays.com\/fr\/wp-json\/wp\/v2\/posts"}],"about":[{"href":"https:\/\/www.europesays.com\/fr\/wp-json\/wp\/v2\/types\/post"}],"author":[{"embeddable":true,"href":"https:\/\/www.europesays.com\/fr\/wp-json\/wp\/v2\/users\/2"}],"replies":[{"embeddable":true,"href":"https:\/\/www.europesays.com\/fr\/wp-json\/wp\/v2\/comments?post=439942"}],"version-history":[{"count":0,"href":"https:\/\/www.europesays.com\/fr\/wp-json\/wp\/v2\/posts\/439942\/revisions"}],"wp:featuredmedia":[{"embeddable":true,"href":"https:\/\/www.europesays.com\/fr\/wp-json\/wp\/v2\/media\/439943"}],"wp:attachment":[{"href":"https:\/\/www.europesays.com\/fr\/wp-json\/wp\/v2\/media?parent=439942"}],"wp:term":[{"taxonomy":"category","embeddable":true,"href":"https:\/\/www.europesays.com\/fr\/wp-json\/wp\/v2\/categories?post=439942"},{"taxonomy":"post_tag","embeddable":true,"href":"https:\/\/www.europesays.com\/fr\/wp-json\/wp\/v2\/tags?post=439942"}],"curies":[{"name":"wp","href":"https:\/\/api.w.org\/{rel}","templated":true}]}}