{"id":439948,"date":"2025-10-05T03:34:14","date_gmt":"2025-10-05T03:34:14","guid":{"rendered":"https:\/\/www.europesays.com\/fr\/439948\/"},"modified":"2025-10-05T03:34:14","modified_gmt":"2025-10-05T03:34:14","slug":"cyclisme-vtt-coupe-du-monde-4","status":"publish","type":"post","link":"https:\/\/www.europesays.com\/fr\/439948\/","title":{"rendered":"Cyclisme. VTT &#8211; Coupe du Monde"},"content":{"rendered":"<p>Lake Placid, terre olympique mythique au c\u0153ur de l\u2019\u00c9tat de New York, accueillait ce week-end l\u2019avant-derni\u00e8re manche de la <strong><a href=\"https:\/\/www.cyclismactu.net\/..\/news-vtt-coupe-du-monde-vtt-koretzky-boichis-azzaro-bleus-top-lenzerheide-90228.html\" target=\"_blank\" rel=\"nofollow noopener\">Coupe du Monde de VTT<\/a><\/strong>. Sur un circuit plat et rapide, le public am\u00e9ricain a assist\u00e9 \u00e0 un sc\u00e9nario id\u00e9al : la victoire du h\u00e9ros local <strong>Christopher Blevins<\/strong>. Le pilote du Nouveau-Mexique (Specialized) s\u2019est impos\u00e9 au sprint devant les Fran\u00e7ais <strong>Adrien Boichis<\/strong> et <strong>Mathis Azzaro<\/strong>, d\u00e9crochant ainsi le classement g\u00e9n\u00e9ral du XCC, une premi\u00e8re dans sa carri\u00e8re. \u00c0 26 ans, l\u2019Am\u00e9ricain boucle une saison exceptionnelle, marqu\u00e9e par six victoires sur le format court. Les Tricolores, tr\u00e8s en vue, ont anim\u00e9 la course, tandis que <strong>Victor Koretzky<\/strong>, victime d\u2019une chute dans le pierrier, a vu ses chances s\u2019envoler. Derri\u00e8re le trio de t\u00eate,<strong> Luca Martin<\/strong> (5e) et <strong>Jordan Sarrou<\/strong> (13e) confirment la solidit\u00e9 fran\u00e7aise.<\/p>\n<p>Vid\u00e9o &#8211; Koretzky, sacr\u00e9 Champion du Monde de VTT XCC Lire la suite de l&rsquo;article&#13;<\/p>\n<p>\u00a0<\/p>\n<p>&#13;<br \/>\nRissveds intouchable chez les Femmes&#13;<\/p>\n<p>Chez les femmes, la Su\u00e9doise<strong> Jenny Rissveds <\/strong>(Canyon) a confirm\u00e9 sa domination actuelle en remportant un troisi\u00e8me XCC cons\u00e9cutif, apr\u00e8s Les Gets et Lenzerheide. Sur les neuf boucles du circuit de Lake Placid, elle a devanc\u00e9 dans le final explosif la Britannique <strong>Evie Richards<\/strong> (Trek Factory Racing) et la championne du monde du format court, <strong>Alessandra Keller<\/strong> (Th\u00f6mus Maxon). <strong>Samara Maxwell<\/strong>, seulement 13e, conserve la t\u00eate du g\u00e9n\u00e9ral, mais voit son avance fondre avant la derni\u00e8re manche de la saison.<\/p>\n","protected":false},"excerpt":{"rendered":"Lake Placid, terre olympique mythique au c\u0153ur de l\u2019\u00c9tat de New York, accueillait ce week-end l\u2019avant-derni\u00e8re manche de&hellip;\n","protected":false},"author":2,"featured_media":438303,"comment_status":"","ping_status":"","sticky":false,"template":"","format":"standard","meta":{"footnotes":""},"categories":[1589],"tags":[11,207,73,1866,211,12,210,212,1864,1865,1863,308,208,8012,25061,213],"class_list":{"0":"post-439948","1":"post","2":"type-post","3":"status-publish","4":"format-standard","5":"has-post-thumbnail","7":"category-etats-unis","8":"tag-actualites","9":"tag-cyclisme","10":"tag-etats-unis","11":"tag-etats-unis-damerique","12":"tag-ffc","13":"tag-news","14":"tag-tour-de-france","15":"tag-uci","16":"tag-united-states","17":"tag-united-states-of-america","18":"tag-us","19":"tag-usa","20":"tag-velo","21":"tag-vtt","22":"tag-vtt-coupe-du-monde","23":"tag-world-tour"},"share_on_mastodon":{"url":"https:\/\/pubeurope.com\/@fr\/115319463212704982","error":""},"_links":{"self":[{"href":"https:\/\/www.europesays.com\/fr\/wp-json\/wp\/v2\/posts\/439948","targetHints":{"allow":["GET"]}}],"collection":[{"href":"https:\/\/www.europesays.com\/fr\/wp-json\/wp\/v2\/posts"}],"about":[{"href":"https:\/\/www.europesays.com\/fr\/wp-json\/wp\/v2\/types\/post"}],"author":[{"embeddable":true,"href":"https:\/\/www.europesays.com\/fr\/wp-json\/wp\/v2\/users\/2"}],"replies":[{"embeddable":true,"href":"https:\/\/www.europesays.com\/fr\/wp-json\/wp\/v2\/comments?post=439948"}],"version-history":[{"count":0,"href":"https:\/\/www.europesays.com\/fr\/wp-json\/wp\/v2\/posts\/439948\/revisions"}],"wp:featuredmedia":[{"embeddable":true,"href":"https:\/\/www.europesays.com\/fr\/wp-json\/wp\/v2\/media\/438303"}],"wp:attachment":[{"href":"https:\/\/www.europesays.com\/fr\/wp-json\/wp\/v2\/media?parent=439948"}],"wp:term":[{"taxonomy":"category","embeddable":true,"href":"https:\/\/www.europesays.com\/fr\/wp-json\/wp\/v2\/categories?post=439948"},{"taxonomy":"post_tag","embeddable":true,"href":"https:\/\/www.europesays.com\/fr\/wp-json\/wp\/v2\/tags?post=439948"}],"curies":[{"name":"wp","href":"https:\/\/api.w.org\/{rel}","templated":true}]}}