{"id":439951,"date":"2025-10-05T03:36:18","date_gmt":"2025-10-05T03:36:18","guid":{"rendered":"https:\/\/www.europesays.com\/fr\/439951\/"},"modified":"2025-10-05T03:36:18","modified_gmt":"2025-10-05T03:36:18","slug":"en-allemagne-brigitte-macron-resplendit-en-robe-manteau-ultra-chic-cette-piece-emblematique-du-dressing-de-kate-middleton","status":"publish","type":"post","link":"https:\/\/www.europesays.com\/fr\/439951\/","title":{"rendered":"En Allemagne, Brigitte Macron resplendit en robe manteau ultra-chic, cette pi\u00e8ce embl\u00e9matique du dressing de Kate Middleton"},"content":{"rendered":"<p>                                    <img decoding=\"async\" src=\"https:\/\/www.europesays.com\/fr\/wp-content\/uploads\/2025\/10\/568623e5c84df2e14eb9ebaee8c28ffa9e4f9f0f288acdbe7feb11aed681841e.jpg\" alt=\"GALA Brigitte Macron\u00a0: ce qu'il faut conna\u00eetre\" class=\"a11y-hidden\" fetchpriority=\"high\"\/><\/p>\n<p class=\"fig-standfirst\">PHOTOS &#8211; Pour le 35e anniversaire de la r\u00e9unification de l\u2019Allemagne, Emmanuel et Brigitte Macron ont \u00e9t\u00e9 accueillis par le chancelier allemand Friedrich Merz et la pr\u00e9sidente du Bundestag allemand, Julia Kloeckner. Un d\u00e9placement durant lequel la Premi\u00e8re dame arborait une robe manteau beige.<\/p>\n<p class=\"fig-paragraph\">Brigitte Macron\u00a0<a href=\"https:\/\/www.gala.fr\/mode\/les_stars_et_la_mode\/brigitte-macron-et-carla-bruni-le-duo-de-premieres-dames-mise-sur-le-denim-au-premier-rang-du-defile-dior-20251001\" target=\"_blank\" data-fig-type=\"Article\" rel=\"sponsored noopener nofollow\" data-gtm-custom-categorie=\"navigation\" data-gtm-custom-action=\"crossclick\" data-gtm-custom-label=\"Contextuel\" data-gtm-event=\"customEventSPE\" data-fig-domain=\"GALA\">multiplie les apparitions publiques ces derniers temps<\/a>. Entre les shows de la Fashion Week de Paris et les visites officielles, la Premi\u00e8re dame est sur tous les fronts, mais toujours avec style. Apr\u00e8s avoir pos\u00e9 aux c\u00f4t\u00e9s de Johnny Depp et \u00eatre apparue au premier rang des d\u00e9fil\u00e9s Saint Laurent et Dior, elle s\u2019est rendue en Allemagne, et plus pr\u00e9cis\u00e9ment \u00e0 Sarrebruck, avec son \u00e9poux Emmanuel Macron \u00e0 l\u2019occasion du 35e anniversaire de la r\u00e9unification du pays. Une visite qu\u2019ils ont effectu\u00e9e juste\u00a0<a href=\"https:\/\/www.gala.fr\/mode\/les_stars_et_la_mode\/carre-court-et-fourreau-luxueux-brigitte-macron-donne-une-lecon-d-elegance-lors-de-la-ceremonie-d-abdication-d-henri-de-luxembourg-20251004\" target=\"_blank\" data-fig-type=\"Article\" rel=\"sponsored noopener nofollow\" data-gtm-custom-categorie=\"navigation\" data-gtm-custom-action=\"crossclick\" data-gtm-custom-label=\"Contextuel\" data-gtm-event=\"customEventSPE\" data-fig-domain=\"GALA\">avant de s\u2019envoler pour la c\u00e9r\u00e9monie d\u2019abdication<\/a>\u00a0d\u2019Henri de Luxembourg laissant officiellement sa place \u00e0 Guillaume V. Sur le sol allemand, Brigitte Macron \u00e9tait v\u00eatue d\u2019une \u00e9l\u00e9gante robe-manteau tombant jusqu\u2019\u00e0 mi-mollet dans les tons beiges. Une pi\u00e8ce qui n\u2019\u00e9tait pas sans rappeler celle que Kate Middleton arbore r\u00e9guli\u00e8rement lors de ses apparitions officielles. Encore le 17 septembre dernier, la princesse de Galles \u00e9tait\u00a0<a href=\"https:\/\/www.gala.fr\/mode\/les_stars_et_la_mode\/en-robe-manteau-bordeaux-kate-middleton-accueille-melania-trump-encore-coiffee-d-un-intrigant-chapeau-20250917\" target=\"_blank\" data-fig-type=\"Article\" rel=\"sponsored noopener nofollow\" data-gtm-custom-categorie=\"navigation\" data-gtm-custom-action=\"crossclick\" data-gtm-custom-label=\"Contextuel\" data-gtm-event=\"customEventSPE\" data-fig-domain=\"GALA\">v\u00eatue d\u2019une robe manteau bordeaux sign\u00e9e Emilia Wickstead<\/a>\u00a0\u00e0 l\u2019occasion de la visite de Melania et Donald Trump \u00e0 Windsor. Une pi\u00e8ce qu\u2019elle portait aussi en bleu en juin dernier lors des c\u00e9l\u00e9brations du Trooping the Colour, la robe-manteau \u00e9tant devenue son uniforme depuis un an. Elle porte surtout des mod\u00e8les longs avec une ligne A, des \u00e9paulettes et des revers discrets.<\/p>\n<p class=\"fig-paragraph\">De son c\u00f4t\u00e9, la robe-manteau de\u00a0<a href=\"https:\/\/www.gala.fr\/mode\/les_stars_et_la_mode\/au-premier-rang-du-defile-louis-vuitton-brigitte-macron-adopte-une-allure-rock-chic-pour-honorer-son-createur-prefere-20251001\" target=\"_blank\" data-fig-type=\"Article\" rel=\"sponsored noopener nofollow\" data-gtm-custom-categorie=\"navigation\" data-gtm-custom-action=\"crossclick\" data-gtm-custom-label=\"Contextuel\" data-gtm-event=\"customEventSPE\" data-fig-domain=\"GALA\">la Premi\u00e8re dame<\/a>\u00a0\u00e9tait compos\u00e9e d\u2019un haut crois\u00e9 agr\u00e9ment\u00e9 de deux boutons dor\u00e9s. Sa tenue \u00e9tait cintr\u00e9e \u00e0 la taille et pr\u00e9sent\u00e9e une jupe l\u00e9g\u00e8rement \u00e9vas\u00e9e. En dessous, elle portait un haut blanc, ainsi qu\u2019un petit foulard de la m\u00eame couleur. Pour compl\u00e9ter son look chic, elle avait \u00e9galement une petite pochette Louis Vuitton. \u00c0 ses pieds, elle avait enfil\u00e9 une paire d\u2019escarpins noirs \u00e0 hauts talons. C\u00f4t\u00e9 mise en beaut\u00e9, l\u2019\u00e9pouse d\u2019Emmanuel Macron arborait son carr\u00e9 blond habituel, coiff\u00e9 d\u2019une frange rideau. Son maquillage \u00e9tait soulign\u00e9 par un smokey eye. Un look classique et structur\u00e9, typique du style de Brigitte Macron.<\/p>\n<p>    Brigitte et Emmanuel Macron tr\u00e8s \u00e9l\u00e9gants en Allemagne.<br \/>\n                Christian Liewig \/ Bestimage<\/p>\n<p>    Brigitte Macron en robe-manteau beige devant la Chancellerie d\u2019\u00c9tat de Sarre lors de la Journ\u00e9e de l\u2019unit\u00e9 allemande \u00e0 Sarrebruck, en Allemagne, le 3 octobre 2025.<br \/>\n                Christian Liewig \/ Bestimage<\/p>\n<p>                                    <a class=\"fig-a11y-skip a11y-hidden\" href=\"#fig-a11y-skip-main-inarticle\"><br \/>\n        Passer la publicit\u00e9<br \/>\n    <\/a><\/p>\n<p>Carr\u00e9 court et fourreau luxueux, Brigitte Macron donne une le\u00e7on d\u2019\u00e9l\u00e9gance lors de la c\u00e9r\u00e9monie d\u2019abdication d\u2019Henri de Luxembourg<\/p>\n<p class=\"fig-paragraph\">Plus tard dans la journ\u00e9e, Brigitte et Emmanuel Macron se sont rendus sur les terres luxembourgeoises \u00e0 l\u2019occasion du d\u00eener de gala organis\u00e9 suite \u00e0 la c\u00e9r\u00e9monie d\u2019abdication d\u2019Henri de Luxembourg. La Premi\u00e8re dame avait laiss\u00e9 sa robe manteau pour une longue robe bordeaux \u00e0 la coupe droite, sobre et raffin\u00e9e. Le haut de la pi\u00e8ce \u00e9tait scintillant au niveau des \u00e9paules et des manches longues, offrant un jeu de lumi\u00e8re et une touche \u00e9clatante \u00e0 sa tenue. Pour parfaire son look, Brigitte Macron avait aussi mis\u00e9 sur des accessoires m\u00e9tallis\u00e9s, avec une petite pochette argent\u00e9e et des escarpins pointus assortis, venant allonger sa silhouette \u00e0 la perfection. Fid\u00e8le \u00e0 son style,\u00a0<a href=\"https:\/\/www.gala.fr\/beaute\/beaute_de_star\/brigitte-macron-eblouit-avec-son-carre-signature-blond-polaire-elle-n-a-jamais-eu-autant-de-volume-20250109\" target=\"_blank\" data-fig-type=\"Article\" rel=\"noopener nofollow\" data-gtm-custom-categorie=\"navigation\" data-gtm-custom-action=\"crossclick\" data-gtm-custom-label=\"Contextuel\" data-gtm-event=\"customEventSPE\" data-fig-domain=\"GALA\">elle avait conserv\u00e9 sa coiffure signature<\/a>\u00a0: un carr\u00e9 court blond, l\u00e9g\u00e8rement volumineux, soulignant son port de t\u00eate. Elle avait attach\u00e9 quelques m\u00e8ches \u00e0 l\u2019arri\u00e8re de son cr\u00e2ne par une barrette brillante, laissant sa frange et ses cheveux l\u00e2ch\u00e9s encadrer son visage. Un look s\u2019accordant parfaitement avec les robes \u00e0 sequins des t\u00eates couronn\u00e9es pr\u00e9sentes \u00e0 cette soir\u00e9e de prestige.<\/p>\n","protected":false},"excerpt":{"rendered":"PHOTOS &#8211; Pour le 35e anniversaire de la r\u00e9unification de l\u2019Allemagne, Emmanuel et Brigitte Macron ont \u00e9t\u00e9 accueillis&hellip;\n","protected":false},"author":2,"featured_media":439952,"comment_status":"","ping_status":"","sticky":false,"template":"","format":"standard","meta":{"footnotes":""},"categories":[1587],"tags":[11,672,986,1804,1805,1803,1777,674,1801,5858,56682,56683,12,1802,987],"class_list":{"0":"post-439951","1":"post","2":"type-post","3":"status-publish","4":"format-standard","5":"has-post-thumbnail","7":"category-allemagne","8":"tag-actualites","9":"tag-allemagne","10":"tag-brigitte-macron","11":"tag-bundesrepublik-deutschland","12":"tag-de","13":"tag-deutschland","14":"tag-eu","15":"tag-europe","16":"tag-germany","17":"tag-kate-middleton","18":"tag-look-de-star","19":"tag-manteau","20":"tag-news","21":"tag-republique-federale-dallemagne","22":"tag-robe"},"share_on_mastodon":{"url":"https:\/\/pubeurope.com\/@fr\/115319471145327284","error":""},"_links":{"self":[{"href":"https:\/\/www.europesays.com\/fr\/wp-json\/wp\/v2\/posts\/439951","targetHints":{"allow":["GET"]}}],"collection":[{"href":"https:\/\/www.europesays.com\/fr\/wp-json\/wp\/v2\/posts"}],"about":[{"href":"https:\/\/www.europesays.com\/fr\/wp-json\/wp\/v2\/types\/post"}],"author":[{"embeddable":true,"href":"https:\/\/www.europesays.com\/fr\/wp-json\/wp\/v2\/users\/2"}],"replies":[{"embeddable":true,"href":"https:\/\/www.europesays.com\/fr\/wp-json\/wp\/v2\/comments?post=439951"}],"version-history":[{"count":0,"href":"https:\/\/www.europesays.com\/fr\/wp-json\/wp\/v2\/posts\/439951\/revisions"}],"wp:featuredmedia":[{"embeddable":true,"href":"https:\/\/www.europesays.com\/fr\/wp-json\/wp\/v2\/media\/439952"}],"wp:attachment":[{"href":"https:\/\/www.europesays.com\/fr\/wp-json\/wp\/v2\/media?parent=439951"}],"wp:term":[{"taxonomy":"category","embeddable":true,"href":"https:\/\/www.europesays.com\/fr\/wp-json\/wp\/v2\/categories?post=439951"},{"taxonomy":"post_tag","embeddable":true,"href":"https:\/\/www.europesays.com\/fr\/wp-json\/wp\/v2\/tags?post=439951"}],"curies":[{"name":"wp","href":"https:\/\/api.w.org\/{rel}","templated":true}]}}