{"id":439953,"date":"2025-10-05T03:37:10","date_gmt":"2025-10-05T03:37:10","guid":{"rendered":"https:\/\/www.europesays.com\/fr\/439953\/"},"modified":"2025-10-05T03:37:10","modified_gmt":"2025-10-05T03:37:10","slug":"des-manifestations-en-europe-contre-la-campagne-israelienne-dans-la-bande-de-gaza","status":"publish","type":"post","link":"https:\/\/www.europesays.com\/fr\/439953\/","title":{"rendered":"Des manifestations en Europe contre la campagne isra\u00e9lienne dans la bande de Gaza"},"content":{"rendered":"<p>Des centaines de milliers d\u2019Italiens et d\u2019Espagnols ont manifest\u00e9 samedi \u00e0 Rome, Barcelone et Madrid contre la campagne militaire isra\u00e9lienne dans la bande de Gaza, t\u00e9moignant de la col\u00e8re internationale croissante face \u00e0 cette guerre qui dure depuis deux ans.<\/p>\n<p>Les manifestations dans presque toutes les grandes villes espagnoles \u00e9taient pr\u00e9vues depuis des semaines, tandis que celle de Rome faisait suite \u00e0 la col\u00e8re g\u00e9n\u00e9rale suscit\u00e9e par l\u2019interception par Isra\u00ebl d\u2019une flottille d\u2019aide humanitaire partie de Barcelone pour tenter de briser le blocus du territoire palestinien.<\/p>\n<p>Les manifestations dans le sud de l\u2019Europe surviennent alors que le Hamas a accept\u00e9 certains \u00e9l\u00e9ments du plan \u00e9labor\u00e9 par le pr\u00e9sident am\u00e9ricain Donald Trump pour mettre fin \u00e0 la guerre, qui a plong\u00e9 la plus grande ville de Gaza dans la famine et suscit\u00e9 des accusations de g\u00e9nocide contre Isra\u00ebl.<\/p>\n<p>La police romaine a indiqu\u00e9 que 250\u00a0000\u00a0personnes \u00e9taient pr\u00e9sentes, tandis que les organisateurs ont d\u00e9clar\u00e9 qu\u2019un million d\u2019entre elles y avaient particip\u00e9, pour une deuxi\u00e8me journ\u00e9e cons\u00e9cutive de manifestations en Italie. L\u2019Italie avait d\u00e9j\u00e0 enregistr\u00e9 plus de 2\u00a0millions de personnes vendredi lors d\u2019une gr\u00e8ve g\u00e9n\u00e9rale d\u2019une journ\u00e9e en soutien aux Palestiniens de Gaza.<\/p>\n<p>En Espagne, les autorit\u00e9s ont annonc\u00e9 que 100\u00a0000\u00a0personnes ont d\u00e9fil\u00e9 \u00e0 Madrid et que 70\u00a0000\u00a0autres ont rempli le centre-ville de Barcelone. Les organisateurs de la marche madril\u00e8ne ont port\u00e9 le nombre de participants \u00e0 400\u00a0000, tandis que ceux de Barcelone ont d\u00e9clar\u00e9 que 300\u00a0000\u00a0personnes y avaient particip\u00e9.<\/p>\n<p>Les Espagnols ont \u00e9galement \u00e9t\u00e9 appel\u00e9s par des militants \u00e0 d\u00e9filer \u00e0 Valence, S\u00e9ville, Malaga et dans d\u2019autres villes.<\/p>\n<p>Des rassemblements plus modestes ont eu lieu \u00e0 Paris, Lisbonne, Ath\u00e8nes et Skopje, en Mac\u00e9doine du Nord, ainsi qu\u2019\u00e0 Londres et Manchester.<\/p>\n<p>La manifestation \u00e0 Rome, qui longeait le Colis\u00e9e, \u00e9tait organis\u00e9e par trois organisations palestiniennes, des syndicats locaux et des \u00e9tudiants.<\/p>\n<p>Sur la Piazza San Giovanni, les manifestants ont scand\u00e9 et applaudi le nom de Francesca Albanese, Italienne, rapporteuse sp\u00e9ciale des Nations unies sur les territoires palestiniens occup\u00e9s et fervente critique d\u2019Isra\u00ebl.<\/p>\n<p>Bien que les organisateurs aient demand\u00e9 que seuls des drapeaux palestiniens soient brandis, des banderoles faisaient l\u2019\u00e9loge des groupes militants Hezbollah et Hamas. L\u2019une d\u2019elles portait l\u2019inscription \u00ab7\u00a0octobre, Journ\u00e9e de la R\u00e9sistance palestinienne\u00bb, en r\u00e9f\u00e9rence \u00e0 l\u2019attaque du Hamas contre Isra\u00ebl le 7\u00a0octobre\u00a02023, qui a d\u00e9clench\u00e9 la guerre, tandis qu\u2019un autre grand drapeau portait l\u2019inscription \u00abMort, mort \u00e0 Tsahal\u00bb, en r\u00e9f\u00e9rence aux Forces de d\u00e9fense isra\u00e9liennes.<\/p>\n<p>Le d\u00e9put\u00e9 d\u2019opposition Riccardo Magi, secr\u00e9taire du parti de centre-gauche Piu Europa, pr\u00e9sent parmi les manifestants, a critiqu\u00e9 le gouvernement de Giorgia Meloni pour son refus de reconna\u00eetre un \u00c9tat palestinien, suivant l\u2019exemple de l\u2019Espagne, de la France, du Royaume-Uni et de certains autres pays occidentaux.<\/p>\n<p><b>Grand rassemblement \u00e0 Barcelone<\/b><\/p>\n<p>L\u2019Espagne a connu un regain de soutien aux Palestiniens ces derni\u00e8res semaines, tandis que son gouvernement de gauche intensifie ses efforts diplomatiques contre le gouvernement du premier ministre isra\u00e9lien Benjamin N\u00e9tanyahou. <\/p>\n<p>Des manifestations contre la pr\u00e9sence d\u2019une \u00e9quipe cycliste isra\u00e9lienne ont perturb\u00e9 \u00e0 plusieurs reprises la Vuelta espagnole le mois dernier, tandis que le premier ministre espagnol Pedro S\u00e1nchez a qualifi\u00e9 les destructions \u00e0 Gaza de \u00abg\u00e9nocide\u00bb et a demand\u00e9 l\u2019interdiction de toutes les \u00e9quipes isra\u00e9liennes des \u00e9v\u00e9nements sportifs internationaux.<\/p>\n<p>Des foules se sont rassembl\u00e9es sur le large Passeig de Gracia de Barcelone, le principal boulevard central de la ville. De nombreuses familles et des personnes de tous \u00e2ges \u00e9taient pr\u00e9sentes, brandissant des drapeaux palestiniens. Des pancartes portaient des messages tels que \u00abStop au g\u00e9nocide\u00bb ou \u00abNe touchez pas \u00e0 la flottille\u00bb.<\/p>\n<p>Plus de 40\u00a0Espagnols figuraient parmi les 450\u00a0militants qu\u2019Isra\u00ebl a expuls\u00e9s des bateaux de la flottille cette semaine.<\/p>\n<p>Comme ces marches ne devraient pas influencer le gouvernement isra\u00e9lien, les manifestants esp\u00e8rent qu\u2019elles inspireront d\u2019autres manifestations et encourageront les dirigeants europ\u00e9ens \u00e0 adopter une ligne plus dure envers Isra\u00ebl.<\/p>\n<p>Mar\u00eda Jes\u00fas Parra, 63\u00a0ans, a brandi un drapeau palestinien apr\u00e8s un trajet d\u2019une heure depuis une autre ville jusqu\u2019\u00e0 Barcelone. Elle souhaite que l\u2019Union europ\u00e9enne agisse contre ce qu\u2019elle d\u00e9crit comme les horreurs qu\u2019elle voit aux informations t\u00e9l\u00e9vis\u00e9es.<\/p>\n<p>\u00abComment est-il possible que nous assistions \u00e0 un g\u00e9nocide en direct apr\u00e8s ce que nous avons v\u00e9cu (en Europe) dans les ann\u00e9es 1940\u00a0? a demand\u00e9 Mme\u00a0Parra. D\u00e9sormais, personne ne pourra dire qu\u2019il ignorait ce qui se passait.\u00bb<\/p>\n<p>\u00c0 Madrid, des personnes ont d\u00e9fil\u00e9 derri\u00e8re des banderoles sur lesquelles \u00e9taient inscrits \u00abHonte\u00bb et \u00abGuerre raciste, Palestine libre\u00bb, tout en scandant \u00abN\u00e9tanyahou (est un) tueur\u00bb.<\/p>\n<p>De son c\u00f4t\u00e9, la police grecque pense qu\u2019un rassemblement et une marche plus importants auront lieu dimanche, en m\u00eame temps qu\u2019une manifestation pro-isra\u00e9lienne. Les deux manifestations sont s\u00e9par\u00e9es d\u2019environ 3\u00a0kilom\u00e8tres et la police sera sur place pour emp\u00eacher la marche propalestinienne vers l\u2019ambassade d\u2019Isra\u00ebl, comme cela s\u2019est d\u00e9j\u00e0 produit.<\/p>\n","protected":false},"excerpt":{"rendered":"Des centaines de milliers d\u2019Italiens et d\u2019Espagnols ont manifest\u00e9 samedi \u00e0 Rome, Barcelone et Madrid contre la campagne&hellip;\n","protected":false},"author":2,"featured_media":439954,"comment_status":"","ping_status":"","sticky":false,"template":"","format":"standard","meta":{"footnotes":""},"categories":[1586],"tags":[11,1777,674,1011,27,1854,4576,12,25],"class_list":{"0":"post-439953","1":"post","2":"type-post","3":"status-publish","4":"format-standard","5":"has-post-thumbnail","7":"category-europe","8":"tag-actualites","9":"tag-eu","10":"tag-europe","11":"tag-fr","12":"tag-france","13":"tag-https-lactualite-com-sujet-international","14":"tag-https-lactualite-com-sujet-politique","15":"tag-news","16":"tag-republique-francaise"},"share_on_mastodon":{"url":"https:\/\/pubeurope.com\/@fr\/115319474976308399","error":""},"_links":{"self":[{"href":"https:\/\/www.europesays.com\/fr\/wp-json\/wp\/v2\/posts\/439953","targetHints":{"allow":["GET"]}}],"collection":[{"href":"https:\/\/www.europesays.com\/fr\/wp-json\/wp\/v2\/posts"}],"about":[{"href":"https:\/\/www.europesays.com\/fr\/wp-json\/wp\/v2\/types\/post"}],"author":[{"embeddable":true,"href":"https:\/\/www.europesays.com\/fr\/wp-json\/wp\/v2\/users\/2"}],"replies":[{"embeddable":true,"href":"https:\/\/www.europesays.com\/fr\/wp-json\/wp\/v2\/comments?post=439953"}],"version-history":[{"count":0,"href":"https:\/\/www.europesays.com\/fr\/wp-json\/wp\/v2\/posts\/439953\/revisions"}],"wp:featuredmedia":[{"embeddable":true,"href":"https:\/\/www.europesays.com\/fr\/wp-json\/wp\/v2\/media\/439954"}],"wp:attachment":[{"href":"https:\/\/www.europesays.com\/fr\/wp-json\/wp\/v2\/media?parent=439953"}],"wp:term":[{"taxonomy":"category","embeddable":true,"href":"https:\/\/www.europesays.com\/fr\/wp-json\/wp\/v2\/categories?post=439953"},{"taxonomy":"post_tag","embeddable":true,"href":"https:\/\/www.europesays.com\/fr\/wp-json\/wp\/v2\/tags?post=439953"}],"curies":[{"name":"wp","href":"https:\/\/api.w.org\/{rel}","templated":true}]}}