{"id":439964,"date":"2025-10-05T03:47:11","date_gmt":"2025-10-05T03:47:11","guid":{"rendered":"https:\/\/www.europesays.com\/fr\/439964\/"},"modified":"2025-10-05T03:47:11","modified_gmt":"2025-10-05T03:47:11","slug":"sprint-du-gp-dindonesie-2025-de-motogp-resume-de-la-course-lequipe","status":"publish","type":"post","link":"https:\/\/www.europesays.com\/fr\/439964\/","title":{"rendered":"Sprint du GP d&#039;Indon\u00e9sie 2025 de MotoGP, r\u00e9sum\u00e9 de la course &#8211; L&#039;\u00c9quipe"},"content":{"rendered":"<ol>\n<li><a href=\"https:\/\/news.google.com\/rss\/articles\/CBMikgFBVV95cUxOdzFldjdUcEMxU1NudUZwNlFWMTlTRV9maTcxSUtJNjFjeHprNkJRWGdXNU1JSWZlT2lFNm1rM2l6UzNpeEFBOTF1RTRaeGlNSnpYSXlJbmhQZ2dCWm94Zlk1YnJMX1dvWlZkMFV2RkhQX3h5NUFtZVpXLVl2MDBxeExLQnItZjUzMTR6TzBzR3phdw?oc=5\" target=\"_blank\" rel=\"nofollow noopener\">Sprint du GP d&rsquo;Indon\u00e9sie 2025 de MotoGP, r\u00e9sum\u00e9 de la course<\/a>&nbsp;&nbsp;L&rsquo;\u00c9quipe<\/li>\n<li><a href=\"https:\/\/news.google.com\/rss\/articles\/CBMimgJBVV95cUxNLXQ3R1Bac2dhOFpCQkNJRktXTnIzZVQ1UXBrUktUSzZoa2xXNjREc0N5UVpQaWFkOVg1T21WUWZQTGtlNHF2cXFjNFdhSXNVWjV0SDlvRlp1NjN1aUM3eklIVWVzUkkzVTl0Z3B2WjdqZFFXWlQwSjEyaklwcnNZUTY4Wk1odk9iaWJmc1Z3MVhpekFZNDhHdFBxSGFuNG5jaUZVS2pfSFFJVWE5MWNScnIwcW02cUNoU3g3T08tRXE3VWlEWXF0YnVlYlRzamc2eDF1cmFwblEzS2hHZ1h3WlJJb0RNM1hqS19PRC1BVWNKMzVlXzNWU2lrVVFLeHF1Q1lWVXY1RHhFUDMxWldMLTRsWF91dmMyQUE?oc=5\" target=\"_blank\" rel=\"nofollow noopener\">\u00ab\u00a0Personne ne doit s&rsquo;attendre \u00e0 un miracle\u00a0\u00bb : Mandalika, l&rsquo;\u00e9pouvantail de Marquez<\/a>&nbsp;&nbsp;Eurosport<\/li>\n<li><a href=\"https:\/\/news.google.com\/rss\/articles\/CBMi7gFBVV95cUxPNFlLTDJPaUVPMkNFbkVnOERBWURwcG5QUEFQVGF5TjVvbVdseUpBNWVSV1A0VUZ1Vlk4UXJyUkpKTVVqWjVoZUFoMjN2WElkODhNS2Y3R0ZpZjl6X1Itd3N2eUZzVVdCMTFsX0NhY0hoSzN2WWZ6dERVejFGSUdjVmRjSlhNVEhyYVdVdkE5cUltYzByUHh0dk9mZUVMcUFwNW1YSXdkcmM2SmkxYkJycmhFRktnT1V2NmRIcmxFaU9KaEdsLW5ZTWpJcnlYR2RQR2Z0QVNXc0d2bkcyUW9GMlpqOGFzSndSQXNETU1B?oc=5\" target=\"_blank\" rel=\"nofollow noopener\">Marco Bezzecchi arrache le sprint du GP d&rsquo;Indon\u00e9sie \u00e0 Fermin Aldeguer, Fabio Quartararo et Johann Zarco chutent<\/a>&nbsp;&nbsp;L&rsquo;\u00c9quipe<\/li>\n<li><a href=\"https:\/\/news.google.com\/rss\/articles\/CBMihwJBVV95cUxQaHF6N1BvU2ZYOEJWeFIyQURLYmx1cDFILUNpTndlVnBlMm1uVEdYcXVDTDdlbDg2TFctZlpadXRKWHJsU1BRaXByTGF5ZDFMZlB5R3poNDN5TWo5Sk50R2M2OFV1MC1kN1o3bHVkR3BYU19CcG5TeXNzNVhCV1ZlWUN6UTNvVlJXbmJURXNEMVFRSTB5c3A1VlE4NzRPR0h4QkswbUxtMll0UTUzT2xhYV9wWElXbjF6aTA3NWotbnNFU2Z5VURKUFVNaHBoOGNyV0YwVUZ6N2NHZFBKNVJGX3habGZMZWd6SFhoRUpudW05aEpqcUR2elJUVTFuMFZPakN1VjlKRQ?oc=5\" target=\"_blank\" rel=\"nofollow noopener\">MotoGP. La grille de d\u00e9part du Grand Prix d\u2019Indon\u00e9sie, avec Bezzecchi en pole et Marc Marquez 9e<\/a>&nbsp;&nbsp;Ouest-France<\/li>\n<li><a href=\"https:\/\/news.google.com\/rss\/articles\/CBMiygFBVV95cUxQTndDTEd6ZDhNMGxKMjlOSnpDYzlVUURmVWpqdGdkRm5aWEZKOGRBcG93TFZzU0tCSWx0c29NbkZvZTBCZFNhOGFNcWJjLTNsbVE0U3VrMmFjV19PSkhLWFdSbkVwOFdxTFBBNFFmaXJsV0xoby14VlVOdE1IMFdJODRTeWJQSXdMU1pfVVNRNXVMakE1NERSNmZieHpIdTJwS3VNUGEwMWx1WkdXLTNrbVM4ek1tT1UtSVY1QXhRdC1lYXJGdmNQcDBn?oc=5\" target=\"_blank\" rel=\"nofollow noopener\">MotoGP: Bezzecchi imp\u00e9rial en Indon\u00e9sie, Marc Marquez \u00e0 la peine<\/a>&nbsp;&nbsp;France 24<\/li>\n<\/ol>\n","protected":false},"excerpt":{"rendered":"Sprint du GP d&rsquo;Indon\u00e9sie 2025 de MotoGP, r\u00e9sum\u00e9 de la course&nbsp;&nbsp;L&rsquo;\u00c9quipe \u00ab\u00a0Personne ne doit s&rsquo;attendre \u00e0 un miracle\u00a0\u00bb&hellip;\n","protected":false},"author":2,"featured_media":439965,"comment_status":"","ping_status":"","sticky":false,"template":"","format":"standard","meta":{"footnotes":""},"categories":[1413],"tags":[1011,27,1457,1456,60],"class_list":{"0":"post-439964","1":"post","2":"type-post","3":"status-publish","4":"format-standard","5":"has-post-thumbnail","7":"category-moto","8":"tag-fr","9":"tag-france","10":"tag-moto","11":"tag-motocycle","12":"tag-sports"},"share_on_mastodon":{"url":"https:\/\/pubeurope.com\/@fr\/115319514308718108","error":""},"_links":{"self":[{"href":"https:\/\/www.europesays.com\/fr\/wp-json\/wp\/v2\/posts\/439964","targetHints":{"allow":["GET"]}}],"collection":[{"href":"https:\/\/www.europesays.com\/fr\/wp-json\/wp\/v2\/posts"}],"about":[{"href":"https:\/\/www.europesays.com\/fr\/wp-json\/wp\/v2\/types\/post"}],"author":[{"embeddable":true,"href":"https:\/\/www.europesays.com\/fr\/wp-json\/wp\/v2\/users\/2"}],"replies":[{"embeddable":true,"href":"https:\/\/www.europesays.com\/fr\/wp-json\/wp\/v2\/comments?post=439964"}],"version-history":[{"count":0,"href":"https:\/\/www.europesays.com\/fr\/wp-json\/wp\/v2\/posts\/439964\/revisions"}],"wp:featuredmedia":[{"embeddable":true,"href":"https:\/\/www.europesays.com\/fr\/wp-json\/wp\/v2\/media\/439965"}],"wp:attachment":[{"href":"https:\/\/www.europesays.com\/fr\/wp-json\/wp\/v2\/media?parent=439964"}],"wp:term":[{"taxonomy":"category","embeddable":true,"href":"https:\/\/www.europesays.com\/fr\/wp-json\/wp\/v2\/categories?post=439964"},{"taxonomy":"post_tag","embeddable":true,"href":"https:\/\/www.europesays.com\/fr\/wp-json\/wp\/v2\/tags?post=439964"}],"curies":[{"name":"wp","href":"https:\/\/api.w.org\/{rel}","templated":true}]}}