{"id":439966,"date":"2025-10-05T03:48:13","date_gmt":"2025-10-05T03:48:13","guid":{"rendered":"https:\/\/www.europesays.com\/fr\/439966\/"},"modified":"2025-10-05T03:48:13","modified_gmt":"2025-10-05T03:48:13","slug":"la-proposition-audacieuse-de-james-vowles","status":"publish","type":"post","link":"https:\/\/www.europesays.com\/fr\/439966\/","title":{"rendered":"La proposition audacieuse de James Vowles"},"content":{"rendered":"<p>La saison 2026 marquera une nouvelle phase dans la r\u00e9volution initi\u00e9e par la Formule 1. Un nouveau r\u00e8glement est sera mis en ex\u00e9cution et de nombreux changements seront mis en \u0153uvre. Depuis l&rsquo;annonce de Stefano Domenicali, le PDG de la F1, sur la n\u00e9cessit\u00e9 d&rsquo;explorer une structuration diff\u00e9rente pour le championnat, les propositions affluent. Parmi les changements \u00e0 apporter, il y a les courses sprint qui passe \u00e0 six. Shanghai, Miami, Montr\u00e9al, Silverstone, Zandvoort et Singapour sont pr\u00eates pour le d\u00e9fi. Pr\u00e9sent lors de cette s\u00e9ance, James Vowles, alors que plusieurs participants exprimaient des inqui\u00e9tudes concernant le circuit de Singapour pour recevoir une course sprint, a \u00e9mis une suggestion audacieuse. Il propose d&rsquo;augmenter le nombre de jours de comp\u00e9tition. \u00ab Je ne suis pas inquiet pour Singapour, je pense que ce que nous observons lors des week-ends de courses sprint, c&rsquo;est une augmentation des chiffres, une hausse de la fr\u00e9quentation, donc c&rsquo;est g\u00e9n\u00e9ralement un succ\u00e8s. Je suis plut\u00f4t en faveur d&rsquo;un d\u00e9bat sur la possibilit\u00e9 d&rsquo;organiser des week-ends de deux jours, le samedi et le dimanche \u00bb, a-t-il sugg\u00e9r\u00e9.<\/p>\n<p>R\u00e9duction des essais libres<\/p>\n<p>\u00ab Je r\u00e9duirais simplement le nombre d&rsquo;essais libres et j&rsquo;en ferais un spectacle, mais en proc\u00e9dant ainsi et en restituant 24 jours aux \u00e9quipes, il serait en fait possible d&rsquo;organiser quelques week-ends de course suppl\u00e9mentaires si cela vous int\u00e9resse. Donc, une suggestion l\u00e9g\u00e8rement diff\u00e9rente de la mienne, mais je pense que six sprints, pour moi, c&rsquo;est \u00e0 peu pr\u00e8s le bon nombre, honn\u00eatement, je me fiche de savoir o\u00f9 ils se d\u00e9roulent, c&rsquo;est tout \u00e0 fait acceptable d&rsquo;\u00eatre ici \u00bb, a-t-il d\u00e9clar\u00e9 dans des propos relay\u00e9s par Auto Sport.<\/p>\n<p>    Partagez cette info avec vos amis et vos proches en cliquant ici  <\/p>\n<p> Podcasts \u00e0 la une MEN LIFE <\/p>\n<p>    Pour r\u00e9sumer<\/p>\n<p>James Vowles a fait une proposition os\u00e9e au cours d&rsquo;une r\u00e9union concernant l&rsquo;avenir de la F1. Il sugg\u00e8re plus de jours de course et de r\u00e9duire le nombre d&rsquo;essais afin d&rsquo;offrir plus de spectacle. Une proposition faite en vue de 2026.<\/p>\n<p>R\u00e9dacteur<\/p>\n<p><img decoding=\"async\" width=\"76\" height=\"76\" loading=\"lazy\" src=\"https:\/\/www.europesays.com\/fr\/wp-content\/uploads\/2025\/04\/avatar-sport-am.png\" alt=\"La r\u00e9daction\"\/><\/p>\n","protected":false},"excerpt":{"rendered":"La saison 2026 marquera une nouvelle phase dans la r\u00e9volution initi\u00e9e par la Formule 1. Un nouveau r\u00e8glement&hellip;\n","protected":false},"author":2,"featured_media":439967,"comment_status":"","ping_status":"","sticky":false,"template":"","format":"standard","meta":{"footnotes":""},"categories":[1412],"tags":[1451,1452,1453,1454,1455,1011,27,60],"class_list":{"0":"post-439966","1":"post","2":"type-post","3":"status-publish","4":"format-standard","5":"has-post-thumbnail","7":"category-f1","8":"tag-f1","9":"tag-formula-1","10":"tag-formula1","11":"tag-formule-1","12":"tag-formule1","13":"tag-fr","14":"tag-france","15":"tag-sports"},"share_on_mastodon":{"url":"https:\/\/pubeurope.com\/@fr\/115319518677237687","error":""},"_links":{"self":[{"href":"https:\/\/www.europesays.com\/fr\/wp-json\/wp\/v2\/posts\/439966","targetHints":{"allow":["GET"]}}],"collection":[{"href":"https:\/\/www.europesays.com\/fr\/wp-json\/wp\/v2\/posts"}],"about":[{"href":"https:\/\/www.europesays.com\/fr\/wp-json\/wp\/v2\/types\/post"}],"author":[{"embeddable":true,"href":"https:\/\/www.europesays.com\/fr\/wp-json\/wp\/v2\/users\/2"}],"replies":[{"embeddable":true,"href":"https:\/\/www.europesays.com\/fr\/wp-json\/wp\/v2\/comments?post=439966"}],"version-history":[{"count":0,"href":"https:\/\/www.europesays.com\/fr\/wp-json\/wp\/v2\/posts\/439966\/revisions"}],"wp:featuredmedia":[{"embeddable":true,"href":"https:\/\/www.europesays.com\/fr\/wp-json\/wp\/v2\/media\/439967"}],"wp:attachment":[{"href":"https:\/\/www.europesays.com\/fr\/wp-json\/wp\/v2\/media?parent=439966"}],"wp:term":[{"taxonomy":"category","embeddable":true,"href":"https:\/\/www.europesays.com\/fr\/wp-json\/wp\/v2\/categories?post=439966"},{"taxonomy":"post_tag","embeddable":true,"href":"https:\/\/www.europesays.com\/fr\/wp-json\/wp\/v2\/tags?post=439966"}],"curies":[{"name":"wp","href":"https:\/\/api.w.org\/{rel}","templated":true}]}}