{"id":439970,"date":"2025-10-05T03:50:18","date_gmt":"2025-10-05T03:50:18","guid":{"rendered":"https:\/\/www.europesays.com\/fr\/439970\/"},"modified":"2025-10-05T03:50:18","modified_gmt":"2025-10-05T03:50:18","slug":"la-fierte-daubameyang-triplement-decisif-avec-lom-en-ligue-des-champions-a-36-ans","status":"publish","type":"post","link":"https:\/\/www.europesays.com\/fr\/439970\/","title":{"rendered":"la fiert\u00e9 d&rsquo;Aubameyang, triplement d\u00e9cisif avec l&rsquo;OM en Ligue des champions \u00e0 36 ans"},"content":{"rendered":"<p>\u00c9lu homme du match ce mardi lors de la large victoire de l&rsquo;OM face \u00e0 l&rsquo;Ajax Amsterdam (4-0) en Ligue des champions, Pierre-Emerick Aubameyang a savour\u00e9 cette belle soir\u00e9e, jou\u00e9e dans un V\u00e9lodrome incandescent.<\/p>\n<p>Pierre-Emerick Aubameyang se souviendra longtemps du retour de l&rsquo;OM au V\u00e9lodrome en Ligue des champions. Deux semaines apr\u00e8s la d\u00e9faite face au Real Madrid, les Marseillais se sont parfaitement repris <a href=\"https:\/\/rmcsport.bfmtv.com\/football\/ligue-des-champions\/direct-om-ajax-suivez-en-live-le-premier-match-de-ligue-de-champions-de-marseille-au-velodrome-cette-saison_LS-202509300248.html\" title=\"OM-Ajax: Grosse tuile pour l&#039;OM, Medina absent deux mois\" class=\"internal_link\" rel=\"nofollow noopener\" target=\"_blank\">ce mardi en \u00e9crasant l&rsquo;Ajax Amsterdam \u00e0 domicile (4-0)<\/a>. Auteur de deux passes d\u00e9cisives, le Gabonnais a particip\u00e9 au festival offensif de son \u00e9quipe, en inscrivant le troisi\u00e8me but phoc\u00e9en apr\u00e8s 30 minutes. \u00ab\u00a0La vie est belle\u00a0\u00bb, a savour\u00e9 &lsquo;PEA&rsquo; au micro de Canal+ au coup de sifflet final.<\/p>\n<p>\u00ab\u00a0C&rsquo;\u00e9tait un super match. C&rsquo;\u00e9tait important de bien d\u00e9marrer \u00e0 domicile. Je suis quelqu&rsquo;un qui bosse dur, je me sens bien, en forme. Je suis super content que \u00e7a se passe bien avec l&rsquo;\u00e9quipe. C&rsquo;est pour \u00e7a que je suis revenu, pour vivre des matchs comme \u00e7a. L&rsquo;ambiance \u00e9tait incroyable. Ce sont des \u00e9motions qu&rsquo;il faut vivre en tant que joueur. Il n&rsquo;y a qu&rsquo;ici qu&rsquo;on peut vivre des choses comme \u00e7a. Il faut savoir s&rsquo;adapter car l&rsquo;\u00e9quipe en a besoin. J&rsquo;essaie de m&rsquo;adapter mais \u00e7a se passe bien\u00a0\u00bb, a-t-il poursuivi.<\/p>\n<p>Une semaine parfaite pour Marseille<\/p>\n<p>Plein \u00e0 craquer, le V\u00e9lodrome a f\u00eat\u00e9 la victoire comme il se doit, car la Ligue des champions ne lui a pas offert beaucoup de joies ces derni\u00e8res ann\u00e9es, avec une avalanche de d\u00e9faites pour une poign\u00e9e de victoires d\u00e9croch\u00e9es devant des gradins vid\u00e9s par le Covid (Olympiacos en 2020-2021) ou le huis-clos (Sporting Lisbonne en 2022-2023). Port\u00e9 par un excellent Paixao, <a href=\"https:\/\/rmcsport.bfmtv.com\/football\/clubs\/olympique-marseille\/des-debuts-timides-avant-une-soiree-de-reve-igor-paixao-martyrise-l-ajax-et-lance-enfin-son-aventure-a-l-om_AV-202509300975.html\" title=\"Des d\u00e9buts timides avant une soir\u00e9e de r\u00eave: Igor Paixao martyrise l\u2019Ajax et lance enfin son aventure \u00e0 l\u2019OM\" class=\"internal_link\" rel=\"nofollow noopener\" target=\"_blank\">auteur d&rsquo;un doubl\u00e9<\/a>, l&rsquo;OM est <a href=\"https:\/\/rmcsport.bfmtv.com\/football\/ligue-des-champions\/ligue-des-champions-om-real-madrid-psg-le-classement-general-complet-apres-la-2e-journee_AV-202509300983.html\" title=\"Ligue des champions: PSG, OM, Monaco\u2026 Le classement g\u00e9n\u00e9ral complet apr\u00e8s la 2e journ\u00e9e\" class=\"internal_link\" rel=\"nofollow noopener\" target=\"_blank\">provisoirement dans le top 8 europ\u00e9en<\/a>. Les trois points sont une bonne nouvelle sur le plan comptable pour esp\u00e9rer passer le cut de la 24e place, derni\u00e8re qualificative pour les barrages de la Ligue des champions.<\/p>\n<p>L&rsquo;OM \u00e9tait \u00ab\u00a0trop fort\u00a0\u00bb pour l&rsquo;Ajax, a reconnu mardi l&rsquo;entra\u00eeneur du club n\u00e9erlandais John Heitinga. \u00ab\u00a0C&rsquo;est une grosse le\u00e7on de Ligue des champions ce soir. Ils \u00e9taient trop forts pour nous. Bravo \u00e0 mes joueurs d&rsquo;avoir continu\u00e9 \u00e0 jouer mais on a affront\u00e9 une magnifique \u00e9quipe de Marseille. Ils ont battu le PSG il y a une semaine et ils \u00e9taient simplement trop forts pour nous. Apr\u00e8s le premier but, c&rsquo;\u00e9tait d\u00e9j\u00e0 dur pour nous. \u00c7a a \u00e9t\u00e9 difficile de se relever. Ensuite on offre des buts trop facilement et \u00e0 ce niveau \u00e7a ne pardonne pas\u00a0\u00bb.<\/p>\n","protected":false},"excerpt":{"rendered":"\u00c9lu homme du match ce mardi lors de la large victoire de l&rsquo;OM face \u00e0 l&rsquo;Ajax Amsterdam (4-0)&hellip;\n","protected":false},"author":2,"featured_media":439971,"comment_status":"","ping_status":"","sticky":false,"template":"","format":"standard","meta":{"footnotes":""},"categories":[1410],"tags":[63,1011,27,60],"class_list":{"0":"post-439970","1":"post","2":"type-post","3":"status-publish","4":"format-standard","5":"has-post-thumbnail","7":"category-football","8":"tag-football","9":"tag-fr","10":"tag-france","11":"tag-sports"},"share_on_mastodon":{"url":"https:\/\/pubeurope.com\/@fr\/115319526212353519","error":""},"_links":{"self":[{"href":"https:\/\/www.europesays.com\/fr\/wp-json\/wp\/v2\/posts\/439970","targetHints":{"allow":["GET"]}}],"collection":[{"href":"https:\/\/www.europesays.com\/fr\/wp-json\/wp\/v2\/posts"}],"about":[{"href":"https:\/\/www.europesays.com\/fr\/wp-json\/wp\/v2\/types\/post"}],"author":[{"embeddable":true,"href":"https:\/\/www.europesays.com\/fr\/wp-json\/wp\/v2\/users\/2"}],"replies":[{"embeddable":true,"href":"https:\/\/www.europesays.com\/fr\/wp-json\/wp\/v2\/comments?post=439970"}],"version-history":[{"count":0,"href":"https:\/\/www.europesays.com\/fr\/wp-json\/wp\/v2\/posts\/439970\/revisions"}],"wp:featuredmedia":[{"embeddable":true,"href":"https:\/\/www.europesays.com\/fr\/wp-json\/wp\/v2\/media\/439971"}],"wp:attachment":[{"href":"https:\/\/www.europesays.com\/fr\/wp-json\/wp\/v2\/media?parent=439970"}],"wp:term":[{"taxonomy":"category","embeddable":true,"href":"https:\/\/www.europesays.com\/fr\/wp-json\/wp\/v2\/categories?post=439970"},{"taxonomy":"post_tag","embeddable":true,"href":"https:\/\/www.europesays.com\/fr\/wp-json\/wp\/v2\/tags?post=439970"}],"curies":[{"name":"wp","href":"https:\/\/api.w.org\/{rel}","templated":true}]}}