{"id":439972,"date":"2025-10-05T03:51:22","date_gmt":"2025-10-05T03:51:22","guid":{"rendered":"https:\/\/www.europesays.com\/fr\/439972\/"},"modified":"2025-10-05T03:51:22","modified_gmt":"2025-10-05T03:51:22","slug":"les-futurs-voisins-de-kate-middleton-et-du-prince-william-deja-enerves-un-veritable-coup-dur","status":"publish","type":"post","link":"https:\/\/www.europesays.com\/fr\/439972\/","title":{"rendered":"Les futurs voisins de Kate Middleton et du prince William d\u00e9j\u00e0 \u00e9nerv\u00e9s\u00a0: \u00ab\u00a0Un v\u00e9ritable coup dur\u00a0\u00bb"},"content":{"rendered":"<p><a href=\"https:\/\/www.parismatch.be\/actualites\/people\/2025\/08\/17\/prince-william-cette-grande-decision-quil-est-le-premier-futur-roi-a-prendre-et-qui-va-briser-la-tradition-GTLVQKFEAVAPTH5QSE3ZIMWWQE\/\" target=\"_blank\" rel=\"noopener noreferrer nofollow\" class=\"ap-StoryInterstitialLink ap-StoryElement ap-StoryElement--mb\">Prince William : cette grande d\u00e9cision qu&rsquo;il est le premier futur roi \u00e0 prendre et qui va briser la tradition<\/a>Pourquoi les futurs voisins de Kate et William se plaignent-ils de leur arriv\u00e9e ?<\/p>\n<p class=\"text-left ap-StoryElement ap-StoryElement--mb ap-StoryText\">Comme le d\u00e9voile le Sun, le couple princier a pris des mesures afin d&rsquo;assurer leur tranquillit\u00e9. Et c&rsquo;est exactement \u00e7a qui d\u00e9range les voisins de <a href=\"https:\/\/www.parismatch.be\/actualites\/people\/2025\/08\/16\/kate-middleton-et-le-prince-william-vont-demenager-le-palais-confirme-linformation-voici-ou-la-famille-va-sinstaller-HNNHVR4GRZFTDJRPOK3VVMRZRI\/\" target=\"_self\" rel=\"nofollow noopener\">Forest Lodge<\/a>. En effet, ils auraient demand\u00e9 des \u00ab\u00a0travaux de s\u00e9curisation du p\u00e9rim\u00e8tre\u00a0\u00bb autour de leur nouvelle et vaste demeure, rapporte Gala. Le hic ? Les riverains ne pourront plus s&rsquo;approcher de la maison, dans un p\u00e9rim\u00e8tre de 3,7 kilom\u00e8tres. Les habitants des maisons situ\u00e9es dans un rayon de 800 m\u00e8tres auront, quant \u00e0 eux, une cl\u00e9 pour acc\u00e9der au portail.<\/p>\n<p class=\"text-left ap-StoryElement ap-StoryElement--mb ap-StoryText\">Or, certains <a href=\"https:\/\/www.parismatch.be\/actualites\/people\/2025\/08\/26\/cest-moins-isole-que-leur-ancienne-maison-les-futurs-voisins-de-kate-et-william-sinquietent-pour-le-couple-de-galles-3LSZKAZZUNFFLCQRWXQEYI5WQM\/\" target=\"_self\" rel=\"nofollow noopener\">voisins<\/a>, qui habitent l\u00e0 depuis longtemps, ont leurs habitudes, qu&rsquo;une immense cl\u00f4ture, des cam\u00e9ras de vid\u00e9osurveillance et un am\u00e9nagement paysager vont venir bousculer. \u00ab\u00a0Nombre d&rsquo;entre nous prom\u00e8nent leurs chiens ici depuis 20 ans\u00a0\u00bb, explique une habitante au Sun. \u00ab\u00a0Alors, se faire dure que nous ne pouvons plus le faire est un v\u00e9ritable coup dur.\u00a0\u00bb<\/p>\n<p><a href=\"https:\/\/www.parismatch.be\/actualites\/people\/2025\/08\/20\/demenagement-du-prince-william-et-de-kate-middleton-des-photos-de-linterieur-de-leur-nouvelle-maison-devoilees-photos-QCXY2EL5UZEOTECNVJ3P6OXWXI\/\" target=\"_blank\" rel=\"noopener noreferrer nofollow\" class=\"ap-StoryInterstitialLink ap-StoryElement ap-StoryElement--mb\">D\u00e9m\u00e9nagement du prince William et de Kate Middleton : des photos de l&rsquo;int\u00e9rieur de leur nouvelle maison d\u00e9voil\u00e9es (photos)<\/a><\/p>\n<p class=\"text-left ap-StoryElement ap-StoryElement--mb ap-StoryText\">Des parkings et acc\u00e8s ont notamment \u00e9t\u00e9 \u00ab\u00a0d\u00e9finitivement ferm\u00e9s\u00a0\u00bb ce dimanche 28 septembre 2025, sur ordre du minist\u00e8re de l&rsquo;Int\u00e9rieur. Certains riverains, bien que d\u00e9rang\u00e9s, comprennent la d\u00e9marche. \u00ab\u00a0Je comprends parfaitement que la s\u00e9curit\u00e9 de William, Kate et de leur famille soit primordiale, nous devons donc nous assurer qu&rsquo;ils puissent vivre heureux ici\u00a0\u00bb, a d\u00e9clar\u00e9 un habitant, qui doit d\u00e9sormais modifier ses balades avec son chien.<\/p>\n","protected":false},"excerpt":{"rendered":"Prince William : cette grande d\u00e9cision qu&rsquo;il est le premier futur roi \u00e0 prendre et qui va briser&hellip;\n","protected":false},"author":2,"featured_media":439973,"comment_status":"","ping_status":"","sticky":false,"template":"","format":"standard","meta":{"footnotes":""},"categories":[1359],"tags":[4850,14477,58,59,46091,1011,27,5858,973,3936,29959],"class_list":{"0":"post-439972","1":"post","2":"type-post","3":"status-publish","4":"format-standard","5":"has-post-thumbnail","7":"category-people","8":"tag-chien","9":"tag-demenagement","10":"tag-divertissement","11":"tag-entertainment","12":"tag-forest-lodge","13":"tag-fr","14":"tag-france","15":"tag-kate-middleton","16":"tag-people","17":"tag-prince-william","18":"tag-voisins"},"share_on_mastodon":{"url":"https:\/\/pubeurope.com\/@fr\/115319529957651701","error":""},"_links":{"self":[{"href":"https:\/\/www.europesays.com\/fr\/wp-json\/wp\/v2\/posts\/439972","targetHints":{"allow":["GET"]}}],"collection":[{"href":"https:\/\/www.europesays.com\/fr\/wp-json\/wp\/v2\/posts"}],"about":[{"href":"https:\/\/www.europesays.com\/fr\/wp-json\/wp\/v2\/types\/post"}],"author":[{"embeddable":true,"href":"https:\/\/www.europesays.com\/fr\/wp-json\/wp\/v2\/users\/2"}],"replies":[{"embeddable":true,"href":"https:\/\/www.europesays.com\/fr\/wp-json\/wp\/v2\/comments?post=439972"}],"version-history":[{"count":0,"href":"https:\/\/www.europesays.com\/fr\/wp-json\/wp\/v2\/posts\/439972\/revisions"}],"wp:featuredmedia":[{"embeddable":true,"href":"https:\/\/www.europesays.com\/fr\/wp-json\/wp\/v2\/media\/439973"}],"wp:attachment":[{"href":"https:\/\/www.europesays.com\/fr\/wp-json\/wp\/v2\/media?parent=439972"}],"wp:term":[{"taxonomy":"category","embeddable":true,"href":"https:\/\/www.europesays.com\/fr\/wp-json\/wp\/v2\/categories?post=439972"},{"taxonomy":"post_tag","embeddable":true,"href":"https:\/\/www.europesays.com\/fr\/wp-json\/wp\/v2\/tags?post=439972"}],"curies":[{"name":"wp","href":"https:\/\/api.w.org\/{rel}","templated":true}]}}