{"id":439974,"date":"2025-10-05T03:53:10","date_gmt":"2025-10-05T03:53:10","guid":{"rendered":"https:\/\/www.europesays.com\/fr\/439974\/"},"modified":"2025-10-05T03:53:10","modified_gmt":"2025-10-05T03:53:10","slug":"aguts-une-nouvelle-edition-de-la-journee-des-auteurs-est-annoncee","status":"publish","type":"post","link":"https:\/\/www.europesays.com\/fr\/439974\/","title":{"rendered":"Aguts. Une nouvelle \u00e9dition de la journ\u00e9e des auteurs est annonc\u00e9e"},"content":{"rendered":"<p>L\u2019association des Amis du ch\u00e2teau d\u2019Aguts organise une nouvelle journ\u00e9e des auteurs, dimanche 12 octobre, de 14 heures \u00e0 19 heures Les visiteurs vont y retrouver plusieurs \u00e9crivains qu\u2019ils ont rencontr\u00e9s, aux pr\u00e9c\u00e9dentes \u00e9ditions, ainsi que de nouveaux talents. L\u2019association pourra, cette ann\u00e9e, pr\u00e9senter une quinzaine d\u2019auteurs et autrices qui ont accept\u00e9 d\u2019honorer cet \u00e9v\u00e9nement de leur pr\u00e9sence. Roman, romans policiers, BD, contes, biographies, histoire, po\u00e9sie, philosophie, th\u00e9ologie, avec un accent particulier mis cette ann\u00e9e sur la litt\u00e9rature pour la jeunesse, aucune discipline n\u2019est ignor\u00e9e. Ce rendez-vous va permettre aux lecteurs d\u2019acheter les livres d\u2019auteurs et autrices prestigieux et de les faire d\u00e9dicacer. Il y aura, entre autres, Ast\u00e9ria, autrice et illustratrice jeunesse, elle \u00e9crit depuis douze ans des contes pour les enfants et des romans pour les adolescents. V\u00e9ronique Auz\u00e9py-Chavagnac est une autrice passionn\u00e9e d\u2019histoire et de litt\u00e9rature. Elle se consacre depuis dix ans \u00e0 l\u2019\u00e9criture. Apr\u00e8s un enseignement universitaire d\u2019histoire contemporaine, r\u00e9cits historiques, romans et nouvelles peuplent son espace de cr\u00e9ation. Les lecteurs pourront aussi retrouver B\u00e9atrice Balti, une historienne doubl\u00e9e d\u2019une linguiste, ainsi que C\u00e9cile Calland et Patrick Caujolle, tous deux, autrice et auteurs de roman policier, G\u00e9rard Crevon, Patrick De Meerleer, Albert Mamy, ancien avocat et d\u00e9put\u00e9 du Tarn, maire de Sor\u00e8ze pendant 43 ans, il lui restait \u00e0 t\u00e2ter de l\u2019\u00e9criture. Philippe-Marie Margelidon, th\u00e9ologiste et philosophe, Roselyne Morandi, po\u00e8te et autrice de romans et de nouvelles, Ritournelle et Marie-Jos\u00e9 S\u00e9gura, toutes deux autrices de litt\u00e9rature jeunesse, Monique Saint-Julia, Mich\u00e8le Teysseyre et V\u00e9ronique Vialade-Marin seront aussi pr\u00e9sents sur le salon.<\/p>\n<p>Entr\u00e9e libre et gratuite. Renseignements compl\u00e9mentaires sur le <a href=\"http:\/\/www.chateaudaguts.com\" target=\"_blank\" rel=\"nofollow noopener\">www.chateaudaguts.com<\/a> ou <a href=\"http:\/\/www.chateaudaguts.fr\" target=\"_blank\" rel=\"nofollow noopener\">www.chateaudaguts.fr<\/a>.<\/p>\n","protected":false},"excerpt":{"rendered":"L\u2019association des Amis du ch\u00e2teau d\u2019Aguts organise une nouvelle journ\u00e9e des auteurs, dimanche 12 octobre, de 14 heures&hellip;\n","protected":false},"author":2,"featured_media":439975,"comment_status":"","ping_status":"","sticky":false,"template":"","format":"standard","meta":{"footnotes":""},"categories":[1357],"tags":[1379,58,59,1011,27,1380],"class_list":{"0":"post-439974","1":"post","2":"type-post","3":"status-publish","4":"format-standard","5":"has-post-thumbnail","7":"category-livres","8":"tag-books","9":"tag-divertissement","10":"tag-entertainment","11":"tag-fr","12":"tag-france","13":"tag-livres"},"share_on_mastodon":{"url":"https:\/\/pubeurope.com\/@fr\/115319537899624508","error":""},"_links":{"self":[{"href":"https:\/\/www.europesays.com\/fr\/wp-json\/wp\/v2\/posts\/439974","targetHints":{"allow":["GET"]}}],"collection":[{"href":"https:\/\/www.europesays.com\/fr\/wp-json\/wp\/v2\/posts"}],"about":[{"href":"https:\/\/www.europesays.com\/fr\/wp-json\/wp\/v2\/types\/post"}],"author":[{"embeddable":true,"href":"https:\/\/www.europesays.com\/fr\/wp-json\/wp\/v2\/users\/2"}],"replies":[{"embeddable":true,"href":"https:\/\/www.europesays.com\/fr\/wp-json\/wp\/v2\/comments?post=439974"}],"version-history":[{"count":0,"href":"https:\/\/www.europesays.com\/fr\/wp-json\/wp\/v2\/posts\/439974\/revisions"}],"wp:featuredmedia":[{"embeddable":true,"href":"https:\/\/www.europesays.com\/fr\/wp-json\/wp\/v2\/media\/439975"}],"wp:attachment":[{"href":"https:\/\/www.europesays.com\/fr\/wp-json\/wp\/v2\/media?parent=439974"}],"wp:term":[{"taxonomy":"category","embeddable":true,"href":"https:\/\/www.europesays.com\/fr\/wp-json\/wp\/v2\/categories?post=439974"},{"taxonomy":"post_tag","embeddable":true,"href":"https:\/\/www.europesays.com\/fr\/wp-json\/wp\/v2\/tags?post=439974"}],"curies":[{"name":"wp","href":"https:\/\/api.w.org\/{rel}","templated":true}]}}