{"id":439984,"date":"2025-10-05T04:01:12","date_gmt":"2025-10-05T04:01:12","guid":{"rendered":"https:\/\/www.europesays.com\/fr\/439984\/"},"modified":"2025-10-05T04:01:12","modified_gmt":"2025-10-05T04:01:12","slug":"limplantation-de-shein-au-bhv-marais-provoque-colere-et-incomprehension","status":"publish","type":"post","link":"https:\/\/www.europesays.com\/fr\/439984\/","title":{"rendered":"l\u2019implantation de Shein au BHV Marais provoque col\u00e8re et incompr\u00e9hension"},"content":{"rendered":"<p><strong>REPORTAGE <\/strong>&#8211; Symbole du commerce chic parisien, le BHV Marais s\u2019appr\u00eate \u00e0 accueillir le g\u00e9ant de la fast-fashion dans les prochaines semaines. Une d\u00e9cision qui d\u00e9route et choque nombre de visiteurs et de commer\u00e7ants, inquiets des cons\u00e9quences d\u2019une telle cohabitation.<\/p>\n<p class=\"fig-paragraph\">Dans les rayons du Bazar de l\u2019H\u00f4tel de Ville (<a href=\"http:\/\/www.lefigaro.fr\/societes\/shein-au-bhv-l-opposition-de-la-caisse-des-depots-met-la-sgm-dans-l-embarras-20251003\" data-fig-type=\"NewsFlash\" data-gtm-custom-categorie=\"navigation\" data-gtm-custom-action=\"crossclick\" data-gtm-custom-label=\"Contextuel\" data-gtm-event=\"customEventSPE\" data-fig-domain=\"LEFIGARO\" target=\"_blank\" rel=\"noopener\">BHV<\/a>) \u00e0 Paris, les clients peinent \u00e0 croire \u00e0 l\u2019arriv\u00e9e prochaine de\u00a0<a href=\"https:\/\/www.lefigaro.fr\/story\/shein--cest-une-trahison-le-consommateur-doit-comprendre-quacheter-ces-vetements-cest-detruire-des-entreprises-francaises-18104\" data-fig-type=\"Story\" data-gtm-custom-categorie=\"navigation\" data-gtm-custom-action=\"crossclick\" data-gtm-custom-label=\"Contextuel\" data-gtm-event=\"customEventSPE\" data-fig-domain=\"LEFIGARO\" target=\"_blank\" rel=\"noopener\">Shein<\/a>, pr\u00e9vue en novembre au sixi\u00e8me \u00e9tage du b\u00e2timent embl\u00e9matique. \u00abJe ne m\u2019y attendais pas, c\u2019est vraiment surprenant car le BHV est le symbole d\u2019un certain prestige\u00bb, regrette Aminata, gestionnaire de patrimoine. Pour la trentenaire, cette implantation va \u00abdonner une certaine cr\u00e9dibilit\u00e9 \u00e0 la marque, l\u00e0 o\u00f9 personne ne veut de la fast-fashion\u00bb.<\/p>\n<p class=\"fig-paragraph\">Jeudi,\u00a0<a href=\"http:\/\/www.lefigaro.fr\/flash-eco\/nous-contribuons-au-renouveau-des-centres-villes-historiques-de-france-shein-s-implante-au-bhv-a-paris-et-dans-cinq-galeries-lafayette-en-regions-20251001\" data-fig-type=\"NewsFlash\" data-gtm-custom-categorie=\"navigation\" data-gtm-custom-action=\"crossclick\" data-gtm-custom-label=\"Contextuel\" data-gtm-event=\"customEventSPE\" data-fig-domain=\"LEFIGARO\" target=\"_blank\" rel=\"noopener\">Le Figaro<\/a> \u00a0r\u00e9v\u00e9lait la nouvelle strat\u00e9gie de la plateforme chinoise\u00a0: l\u2019ouverture de magasins permanents en France, une premi\u00e8re mondiale pour le g\u00e9ant du e-commerce. No\u00e9mie, qui travaille dans l\u2019agroalimentaire, \u00abne comprend pas cette arriv\u00e9e qui ne colle pas du tout avec l\u2019image du BHV\u00bb. \u00abD\u2019un point de vue \u00e9cologique, cela pose question, avec de nouvelles collections qui \u00e9mergent chaque semaine\u00bb, compl\u00e8te la jeune femme de 24 ans, crois\u00e9e au rayon d\u00e9coration.<\/p>\n<p class=\"fig-premium-paywall__infos\">\n        Cet article est r\u00e9serv\u00e9 aux abonn\u00e9s.        Il vous reste 86% \u00e0 d\u00e9couvrir.\n    <\/p>\n<p>                <img  data- alt=\"Le Figaro\" class=\"fig-img--complete fig-img\"\/><\/p>\n<p class=\"fig-premium-paywall__title\">Vous avez envie de lire la suite ?<\/p>\n<p class=\"fig-premium-paywall__subtitle\">D\u00e9bloquez tous les articles imm\u00e9diatement.<\/p>\n<p class=\"fig-premium-paywall__connect\">\n                D\u00e9j\u00e0 abonn\u00e9\u00a0?                <a class=\"fig-premium-paywall__connect-link\" href=\"https:\/\/connect.lefigaro.fr\/login?client=horizon_web&amp;type=main&amp;redirect_uri=https%3A%2F%2Fwww.lefigaro.fr%2Fconso%2Fc-est-une-aberration-l-implantation-de-shein-au-bhv-marais-provoque-colere-et-incomprehension-20251004\" data-js-gtm=\"{&quot;customCategorie&quot;: &quot;conversion&quot;, &quot;customAction&quot;: &quot;before_Landing_Connexion_paywall_manuel&quot;, &quot;customLabel&quot;: &quot;bGVmaWdhcm8uZnJfXzFmMGExMmJhLWZjMTAtNjhlMC1hYzVjLWJiMDE4ZmM4NTExNV9fQXJ0aWNsZQ==_\u00abC\u2019est une aberration\u00bb\u00a0: l\u2019implantation de Shein au BHV Marais provoque col\u00e8re et incompr\u00e9hension_593&quot;, &quot;customIDSPE&quot;: &quot;bGVmaWdhcm8uZnJfXzFmMGExMmJhLWZjMTAtNjhlMC1hYzVjLWJiMDE4ZmM4NTExNV9fQXJ0aWNsZQ==&quot;, &quot;event&quot;: &quot;customEventSPE&quot;}\" target=\"_blank\" rel=\"noopener\"><br \/>\n                    Connectez-vous<br \/>\n                <\/a>\n            <\/p>\n","protected":false},"excerpt":{"rendered":"REPORTAGE &#8211; Symbole du commerce chic parisien, le BHV Marais s\u2019appr\u00eate \u00e0 accueillir le g\u00e9ant de la fast-fashion&hellip;\n","protected":false},"author":2,"featured_media":439985,"comment_status":"","ping_status":"","sticky":false,"template":"","format":"standard","meta":{"footnotes":""},"categories":[6],"tags":[35,7230,33,34,1011,27,1104,11644],"class_list":{"0":"post-439984","1":"post","2":"type-post","3":"status-publish","4":"format-standard","5":"has-post-thumbnail","7":"category-economie","8":"tag-business","9":"tag-commercants","10":"tag-economie","11":"tag-economy","12":"tag-fr","13":"tag-france","14":"tag-shein","15":"tag-vetements"},"share_on_mastodon":{"url":"https:\/\/pubeurope.com\/@fr\/115319569484016673","error":""},"_links":{"self":[{"href":"https:\/\/www.europesays.com\/fr\/wp-json\/wp\/v2\/posts\/439984","targetHints":{"allow":["GET"]}}],"collection":[{"href":"https:\/\/www.europesays.com\/fr\/wp-json\/wp\/v2\/posts"}],"about":[{"href":"https:\/\/www.europesays.com\/fr\/wp-json\/wp\/v2\/types\/post"}],"author":[{"embeddable":true,"href":"https:\/\/www.europesays.com\/fr\/wp-json\/wp\/v2\/users\/2"}],"replies":[{"embeddable":true,"href":"https:\/\/www.europesays.com\/fr\/wp-json\/wp\/v2\/comments?post=439984"}],"version-history":[{"count":0,"href":"https:\/\/www.europesays.com\/fr\/wp-json\/wp\/v2\/posts\/439984\/revisions"}],"wp:featuredmedia":[{"embeddable":true,"href":"https:\/\/www.europesays.com\/fr\/wp-json\/wp\/v2\/media\/439985"}],"wp:attachment":[{"href":"https:\/\/www.europesays.com\/fr\/wp-json\/wp\/v2\/media?parent=439984"}],"wp:term":[{"taxonomy":"category","embeddable":true,"href":"https:\/\/www.europesays.com\/fr\/wp-json\/wp\/v2\/categories?post=439984"},{"taxonomy":"post_tag","embeddable":true,"href":"https:\/\/www.europesays.com\/fr\/wp-json\/wp\/v2\/tags?post=439984"}],"curies":[{"name":"wp","href":"https:\/\/api.w.org\/{rel}","templated":true}]}}