{"id":439990,"date":"2025-10-05T04:05:12","date_gmt":"2025-10-05T04:05:12","guid":{"rendered":"https:\/\/www.europesays.com\/fr\/439990\/"},"modified":"2025-10-05T04:05:12","modified_gmt":"2025-10-05T04:05:12","slug":"ecrire-lhistoire-en-me-mettant-dans-la-peau-dune-patiente","status":"publish","type":"post","link":"https:\/\/www.europesays.com\/fr\/439990\/","title":{"rendered":"\u00ab\u00a0\u00c9crire l\u2019histoire en me mettant dans la peau d\u2019une patiente\u00a0\u00bb"},"content":{"rendered":"<p>Le spectacle 2025, est pr\u00e9vu le 25\u00a0octobre, dans la salle du Firmament mise \u00e0 disposition par la municipalit\u00e9. Lili Roiron, qui en signe la mise en sc\u00e8ne, est employ\u00e9e au SIS (Saint-\u00c9tienne Institut du Sein) comme organisatrice \u00e9v\u00e9nementielle.<\/p>\n<p>\u00ab\u00a0Le but, explique-t-elle, c\u2019est de collecter le plus possible d\u2019argent pour poursuivre les soins aupr\u00e8s des patientes. Il faut se rendre compte que le parcours de soins demande de l\u2019argent. Il faut financer les ateliers, le mat\u00e9riel et les intervenants, que ce soit le yoga, la marche nordique, la sophrologie. C\u2019est uniquement pour le bien-\u00eatre des patientes. \u00bb<\/p>\n<p>Depuis 2017, ann\u00e9e de la cr\u00e9ation de l\u2019association par le Docteur Villard,&#8230;<\/p>\n","protected":false},"excerpt":{"rendered":"Le spectacle 2025, est pr\u00e9vu le 25\u00a0octobre, dans la salle du Firmament mise \u00e0 disposition par la municipalit\u00e9.&hellip;\n","protected":false},"author":2,"featured_media":439991,"comment_status":"","ping_status":"","sticky":false,"template":"","format":"standard","meta":{"footnotes":""},"categories":[9653],"tags":[1111,11,2430,1687,7539,1777,674,10282,10283,1011,27,12,25,4001,71,3140],"class_list":{"0":"post-439990","1":"post","2":"type-post","3":"status-publish","4":"format-standard","5":"has-post-thumbnail","7":"category-saint-etienne","8":"tag-actu","9":"tag-actualites","10":"tag-auvergne-rhone-alpes","11":"tag-culture-loisirs","12":"tag-edition-loire-sud","13":"tag-eu","14":"tag-europe","15":"tag-firminy","16":"tag-firminy-ville","17":"tag-fr","18":"tag-france","19":"tag-news","20":"tag-republique-francaise","21":"tag-saint-etienne","22":"tag-sante","23":"tag-spectacle"},"share_on_mastodon":{"url":"https:\/\/pubeurope.com\/@fr\/115319585046140607","error":""},"_links":{"self":[{"href":"https:\/\/www.europesays.com\/fr\/wp-json\/wp\/v2\/posts\/439990","targetHints":{"allow":["GET"]}}],"collection":[{"href":"https:\/\/www.europesays.com\/fr\/wp-json\/wp\/v2\/posts"}],"about":[{"href":"https:\/\/www.europesays.com\/fr\/wp-json\/wp\/v2\/types\/post"}],"author":[{"embeddable":true,"href":"https:\/\/www.europesays.com\/fr\/wp-json\/wp\/v2\/users\/2"}],"replies":[{"embeddable":true,"href":"https:\/\/www.europesays.com\/fr\/wp-json\/wp\/v2\/comments?post=439990"}],"version-history":[{"count":0,"href":"https:\/\/www.europesays.com\/fr\/wp-json\/wp\/v2\/posts\/439990\/revisions"}],"wp:featuredmedia":[{"embeddable":true,"href":"https:\/\/www.europesays.com\/fr\/wp-json\/wp\/v2\/media\/439991"}],"wp:attachment":[{"href":"https:\/\/www.europesays.com\/fr\/wp-json\/wp\/v2\/media?parent=439990"}],"wp:term":[{"taxonomy":"category","embeddable":true,"href":"https:\/\/www.europesays.com\/fr\/wp-json\/wp\/v2\/categories?post=439990"},{"taxonomy":"post_tag","embeddable":true,"href":"https:\/\/www.europesays.com\/fr\/wp-json\/wp\/v2\/tags?post=439990"}],"curies":[{"name":"wp","href":"https:\/\/api.w.org\/{rel}","templated":true}]}}