{"id":439992,"date":"2025-10-05T04:06:10","date_gmt":"2025-10-05T04:06:10","guid":{"rendered":"https:\/\/www.europesays.com\/fr\/439992\/"},"modified":"2025-10-05T04:06:10","modified_gmt":"2025-10-05T04:06:10","slug":"saint-etienne-quand-un-avocat-prend-un-dossier-cest-pour-le-defendre-et-gagner","status":"publish","type":"post","link":"https:\/\/www.europesays.com\/fr\/439992\/","title":{"rendered":"Saint-\u00c9tienne. \u00ab\u00a0Quand un avocat prend un dossier, c\u2019est pour le d\u00e9fendre et gagner\u00a0!\u00a0\u00bb"},"content":{"rendered":"<p>Le Conseil National des Barreaux a lanc\u00e9 en 2025 une campagne consistant \u00e0 \u00ab\u00a0renverser les id\u00e9es re\u00e7ues sur les avocats\u00a0\u00bb. Le barreau de Saint-Etienne relaie. Apr\u00e8s \u00ab\u00a0Je n\u2019ai pas besoin d\u2019un avocat dans mon quotidien\u00a0\u00bb et \u00ab\u00a0Un avocat co\u00fbte cher\u00a0\u00bb, troisi\u00e8me et dernier th\u00e8me\u00a0: \u00ab\u00a0Trouver un bon avocat, c\u2019est pas gagn\u00e9\u00a0\u00bb.<\/p>\n<p>1. Il y a des experts dans toutes les disciplines \u00e0 Saint-\u00c9tienne\u00a0: VRAI<\/p>\n<p>Me Fran\u00e7ois Paquet-Cauet l\u2019a martel\u00e9 durant tout son b\u00e2tonnat, \u00ab\u00a0Saint-Etienne fait partie des plus grands barreaux de France, en s\u2019imposant au vingt-cinqui\u00e8me rang sur cent soixante-quatre. Nous sommes riches de 350 avocats, dans tous les domaines et avec m\u00eame des avocats reconnus sur le plan national pour la qualit\u00e9 de leur expertise dans leur discipline.<\/p>\n","protected":false},"excerpt":{"rendered":"Le Conseil National des Barreaux a lanc\u00e9 en 2025 une campagne consistant \u00e0 \u00ab\u00a0renverser les id\u00e9es re\u00e7ues sur&hellip;\n","protected":false},"author":2,"featured_media":439993,"comment_status":"","ping_status":"","sticky":false,"template":"","format":"standard","meta":{"footnotes":""},"categories":[9653],"tags":[1111,11,2430,4406,271,272,33,7539,1777,674,274,107,1011,27,3367,12,25,4001,7538],"class_list":{"0":"post-439992","1":"post","2":"type-post","3":"status-publish","4":"format-standard","5":"has-post-thumbnail","7":"category-saint-etienne","8":"tag-actu","9":"tag-actualites","10":"tag-auvergne-rhone-alpes","11":"tag-commerce-et-services","12":"tag-crime","13":"tag-delit-et-contravention","14":"tag-economie","15":"tag-edition-loire-sud","16":"tag-eu","17":"tag-europe","18":"tag-faits-divers-justice","19":"tag-fil-info","20":"tag-fr","21":"tag-france","22":"tag-loire","23":"tag-news","24":"tag-republique-francaise","25":"tag-saint-etienne","26":"tag-saint-etienne-ville"},"share_on_mastodon":{"url":"https:\/\/pubeurope.com\/@fr\/115319589009245981","error":""},"_links":{"self":[{"href":"https:\/\/www.europesays.com\/fr\/wp-json\/wp\/v2\/posts\/439992","targetHints":{"allow":["GET"]}}],"collection":[{"href":"https:\/\/www.europesays.com\/fr\/wp-json\/wp\/v2\/posts"}],"about":[{"href":"https:\/\/www.europesays.com\/fr\/wp-json\/wp\/v2\/types\/post"}],"author":[{"embeddable":true,"href":"https:\/\/www.europesays.com\/fr\/wp-json\/wp\/v2\/users\/2"}],"replies":[{"embeddable":true,"href":"https:\/\/www.europesays.com\/fr\/wp-json\/wp\/v2\/comments?post=439992"}],"version-history":[{"count":0,"href":"https:\/\/www.europesays.com\/fr\/wp-json\/wp\/v2\/posts\/439992\/revisions"}],"wp:featuredmedia":[{"embeddable":true,"href":"https:\/\/www.europesays.com\/fr\/wp-json\/wp\/v2\/media\/439993"}],"wp:attachment":[{"href":"https:\/\/www.europesays.com\/fr\/wp-json\/wp\/v2\/media?parent=439992"}],"wp:term":[{"taxonomy":"category","embeddable":true,"href":"https:\/\/www.europesays.com\/fr\/wp-json\/wp\/v2\/categories?post=439992"},{"taxonomy":"post_tag","embeddable":true,"href":"https:\/\/www.europesays.com\/fr\/wp-json\/wp\/v2\/tags?post=439992"}],"curies":[{"name":"wp","href":"https:\/\/api.w.org\/{rel}","templated":true}]}}