{"id":439994,"date":"2025-10-05T04:08:37","date_gmt":"2025-10-05T04:08:37","guid":{"rendered":"https:\/\/www.europesays.com\/fr\/439994\/"},"modified":"2025-10-05T04:08:37","modified_gmt":"2025-10-05T04:08:37","slug":"basket-le-sluc-nancy-revanchard-pour-lancer-sa-saison-a-gentilly","status":"publish","type":"post","link":"https:\/\/www.europesays.com\/fr\/439994\/","title":{"rendered":"Basket. Le SLUC Nancy revanchard pour lancer sa saison \u00e0 Gentilly"},"content":{"rendered":"<p>Depuis dimanche soir, sit\u00f4t le douloureux \u00e9pisode villeurbannais termin\u00e9, les basketteurs du SLUC et leur staff ont tous bascul\u00e9 vers le rendez-vous suivant, avec une sorte de promesse en bandouli\u00e8re\u00a0: \u00ab\u00a0ce sera mieux contre Bourg-en-Bresse\u00a0!\u00a0\u00bb. Les esprits taquins glisseront au passage qu\u2019il serait presque plus difficile de faire pire. Plaisanterie mise \u00e0 part, on veut bien parier, effectivement, que les Nanc\u00e9iens envisagent le plus s\u00e9rieusement du monde de montrer un tout autre visage, \u00e0 l\u2019occasion de leur premi\u00e8re apparition officielle sur&#8230;<\/p>\n","protected":false},"excerpt":{"rendered":"Depuis dimanche soir, sit\u00f4t le douloureux \u00e9pisode villeurbannais termin\u00e9, les basketteurs du SLUC et leur staff ont tous&hellip;\n","protected":false},"author":2,"featured_media":439995,"comment_status":"","ping_status":"","sticky":false,"template":"","format":"standard","meta":{"footnotes":""},"categories":[9635],"tags":[1111,11,1791,1777,674,1011,27,775,1702,12,25,56686,517,1700],"class_list":{"0":"post-439994","1":"post","2":"type-post","3":"status-publish","4":"format-standard","5":"has-post-thumbnail","7":"category-nancy","8":"tag-actu","9":"tag-actualites","10":"tag-basket-ball","11":"tag-eu","12":"tag-europe","13":"tag-fr","14":"tag-france","15":"tag-grand-est","16":"tag-nancy","17":"tag-news","18":"tag-republique-francaise","19":"tag-sluc-nancy","20":"tag-sport","21":"tag-sport-lorrain"},"share_on_mastodon":{"url":"https:\/\/pubeurope.com\/@fr\/115319596852078851","error":""},"_links":{"self":[{"href":"https:\/\/www.europesays.com\/fr\/wp-json\/wp\/v2\/posts\/439994","targetHints":{"allow":["GET"]}}],"collection":[{"href":"https:\/\/www.europesays.com\/fr\/wp-json\/wp\/v2\/posts"}],"about":[{"href":"https:\/\/www.europesays.com\/fr\/wp-json\/wp\/v2\/types\/post"}],"author":[{"embeddable":true,"href":"https:\/\/www.europesays.com\/fr\/wp-json\/wp\/v2\/users\/2"}],"replies":[{"embeddable":true,"href":"https:\/\/www.europesays.com\/fr\/wp-json\/wp\/v2\/comments?post=439994"}],"version-history":[{"count":0,"href":"https:\/\/www.europesays.com\/fr\/wp-json\/wp\/v2\/posts\/439994\/revisions"}],"wp:featuredmedia":[{"embeddable":true,"href":"https:\/\/www.europesays.com\/fr\/wp-json\/wp\/v2\/media\/439995"}],"wp:attachment":[{"href":"https:\/\/www.europesays.com\/fr\/wp-json\/wp\/v2\/media?parent=439994"}],"wp:term":[{"taxonomy":"category","embeddable":true,"href":"https:\/\/www.europesays.com\/fr\/wp-json\/wp\/v2\/categories?post=439994"},{"taxonomy":"post_tag","embeddable":true,"href":"https:\/\/www.europesays.com\/fr\/wp-json\/wp\/v2\/tags?post=439994"}],"curies":[{"name":"wp","href":"https:\/\/api.w.org\/{rel}","templated":true}]}}