{"id":440012,"date":"2025-10-05T04:22:29","date_gmt":"2025-10-05T04:22:29","guid":{"rendered":"https:\/\/www.europesays.com\/fr\/440012\/"},"modified":"2025-10-05T04:22:29","modified_gmt":"2025-10-05T04:22:29","slug":"woofest-2025-a-nice-le-rendez-vous-100-canin","status":"publish","type":"post","link":"https:\/\/www.europesays.com\/fr\/440012\/","title":{"rendered":"Woofest 2025 \u00e0 Nice : Le rendez-vous 100% canin"},"content":{"rendered":"<p>\t\t\t\t\tCOUPS DE COEUR<\/p>\n<p>\t\t\t\t\t\tBy\u00a0<a href=\"https:\/\/www.le-mensuel.com\/author\/morgane\/\" title=\"Articles par Morgane Le Mensuel\" rel=\"author nofollow noopener\" target=\"_blank\">Morgane Le Mensuel<\/a>\u00a0|\u00a029 septembre 2025<\/p>\n<p>\t\t\t\t\t\t<b>Woofest<\/b><br \/>\nevents \/ sports \/ rencontres \/ comp\u00e9tition<\/p>\n<p>\u00a0<\/p>\n<p><b>Woofest : Passion canine<\/b><\/p>\n<p>\u00a0<\/p>\n<p>Les 18 et 19 octobre 2025, <b>le<\/b> <b>Woofest<\/b> <b>revient \u00e0 Nice<\/b> sur 7 km au c\u0153ur de la Promenade des Anglais, au Jardin Albert 1er, et peut-\u00eatre m\u00eame en mer, pour un week-end plein de complicit\u00e9 entre \u00ab\u00a0ma\u00eetres\u00a0\u00bb (ou serviteurs selon les cas !) et chiens.\u00a0<\/p>\n<p>Depuis sa cr\u00e9ation en 2018 par l\u2019association My Pet Agency, le Woofest est devenu <b>un rendez-vous incontournable pour les \u00ab\u00a0Pet-Parents\u00a0\u00bb<\/b> en France et au-del\u00e0 ! En effet, ce savant <b>m\u00e9lange de sport, de fun et de bien-\u00eatre animal<\/b> a aussi conquis \u2013 outre la C\u00f4te d\u2019Azur \u2013 le parc de Metz, le ch\u00e2teau de Chaumont-en-Vexin (pr\u00e8s de Paris) et le ch\u00e2teau d\u2019Avelgem en Belgique.<\/p>\n<p>Au programme : <b>la Woof Run<\/b> (course \u00e0 obstacles qui aura lieu le dimanche), <b>une marche de 45 minutes, un village<\/b> rempli de bonnes id\u00e9es, d\u2019aliments \u00e9quilibr\u00e9s et d\u2019accessoires en tout genre, des conf\u00e9rences, des conseils, des d\u00e9mos, de challenges et d\u2019amusement, puisque <b>l\u2019\u00e9v\u00e8nement ne se destine pas qu\u2019aux bin\u00f4mes athl\u00e9tiques\u2026<\/b><\/p>\n<p><b>\u00a0 \u00a0 \u00a0<\/b><\/p>\n<p style=\"text-align: right;\">\u00a9 Texte par\u00a0Morgane Las Dit Peisson pour Le Mensuel \/ Photo Woofest<\/p>\n<p>\u00a0<\/p>\n<p><a href=\"https:\/\/www.le-mensuel.com\/category\/coups-de-coeur\/events\/\" rel=\"nofollow noopener\" target=\"_blank\">\u21b5\u00a0Retour vers la rubrique \u00ab\u00a0events\u00a0\u00bb<\/a><\/p>\n<p class=\"p7\"><b>\u00a0 \u00a0 \u00a0<\/b><\/p>\n<p>\u00a0<\/p>\n","protected":false},"excerpt":{"rendered":"COUPS DE COEUR By\u00a0Morgane Le Mensuel\u00a0|\u00a029 septembre 2025 Woofest events \/ sports \/ rencontres \/ comp\u00e9tition \u00a0 Woofest&hellip;\n","protected":false},"author":2,"featured_media":440013,"comment_status":"","ping_status":"","sticky":false,"template":"","format":"standard","meta":{"footnotes":""},"categories":[2819],"tags":[1111,11,1777,674,1011,27,12,2401,882,25],"class_list":{"0":"post-440012","1":"post","2":"type-post","3":"status-publish","4":"format-standard","5":"has-post-thumbnail","7":"category-nice","8":"tag-actu","9":"tag-actualites","10":"tag-eu","11":"tag-europe","12":"tag-fr","13":"tag-france","14":"tag-news","15":"tag-nice","16":"tag-provence-alpes-cote-dazur","17":"tag-republique-francaise"},"share_on_mastodon":{"url":"https:\/\/pubeurope.com\/@fr\/115319652032725545","error":""},"_links":{"self":[{"href":"https:\/\/www.europesays.com\/fr\/wp-json\/wp\/v2\/posts\/440012","targetHints":{"allow":["GET"]}}],"collection":[{"href":"https:\/\/www.europesays.com\/fr\/wp-json\/wp\/v2\/posts"}],"about":[{"href":"https:\/\/www.europesays.com\/fr\/wp-json\/wp\/v2\/types\/post"}],"author":[{"embeddable":true,"href":"https:\/\/www.europesays.com\/fr\/wp-json\/wp\/v2\/users\/2"}],"replies":[{"embeddable":true,"href":"https:\/\/www.europesays.com\/fr\/wp-json\/wp\/v2\/comments?post=440012"}],"version-history":[{"count":0,"href":"https:\/\/www.europesays.com\/fr\/wp-json\/wp\/v2\/posts\/440012\/revisions"}],"wp:featuredmedia":[{"embeddable":true,"href":"https:\/\/www.europesays.com\/fr\/wp-json\/wp\/v2\/media\/440013"}],"wp:attachment":[{"href":"https:\/\/www.europesays.com\/fr\/wp-json\/wp\/v2\/media?parent=440012"}],"wp:term":[{"taxonomy":"category","embeddable":true,"href":"https:\/\/www.europesays.com\/fr\/wp-json\/wp\/v2\/categories?post=440012"},{"taxonomy":"post_tag","embeddable":true,"href":"https:\/\/www.europesays.com\/fr\/wp-json\/wp\/v2\/tags?post=440012"}],"curies":[{"name":"wp","href":"https:\/\/api.w.org\/{rel}","templated":true}]}}