{"id":440014,"date":"2025-10-05T04:23:15","date_gmt":"2025-10-05T04:23:15","guid":{"rendered":"https:\/\/www.europesays.com\/fr\/440014\/"},"modified":"2025-10-05T04:23:15","modified_gmt":"2025-10-05T04:23:15","slug":"ces-quartiers-oublies-par-les-investisseurs-devenus-tres-prises","status":"publish","type":"post","link":"https:\/\/www.europesays.com\/fr\/440014\/","title":{"rendered":"ces quartiers oubli\u00e9s par les investisseurs devenus tr\u00e8s pris\u00e9s"},"content":{"rendered":"<p>            Par<br \/>\n        <strong><br \/>\n            <a href=\"https:\/\/actu.fr\/auteur\/ugo-maillard\" title=\"Consulter tous les articles de Ugo Maillard\" rel=\"nofollow noopener\" target=\"_blank\">Ugo Maillard<\/a><br \/>\n        <\/strong><\/p>\n<p>        Publi\u00e9 le<\/p>\n<p>            5 oct. 2025 \u00e0 6h12        <\/p>\n<p>Lors d\u2019une conf\u00e9rence de presse organis\u00e9e le jeudi 2\u00a0octobre, l\u2019entreprise Foncia, sp\u00e9cialis\u00e9e dans les transactions immobili\u00e8res, a dress\u00e9 un <strong>bilan du march\u00e9 immobilier ancien<\/strong> de <a href=\"https:\/\/actu.fr\/nice\/\" rel=\"nofollow noopener\" target=\"_blank\">Nice<\/a> (<a href=\"https:\/\/actu.fr\/provence-alpes-cote-d-azur\/alpes-maritimes_06\" rel=\"nofollow noopener\" target=\"_blank\">Alpes-Maritimes<\/a>).\u00a0L\u2019occasion de noter les \u00e9volutions du troisi\u00e8me trimestre de l\u2019ann\u00e9e 2025 par rapport \u00e0 l\u2019ann\u00e9e 2024 en termes d\u2019achat et de ventes de bien immobiliers. Voici les derni\u00e8res donn\u00e9es.<\/p>\n<p>Trois quartiers en vogue<\/p>\n<p class=\" wall-content\">Au regard des donn\u00e9es collect\u00e9es par Foncia depuis le d\u00e9but d\u2019ann\u00e9e 2025, trois quartiers apparaissent comme en \u00ab\u2009vogue\u2009\u00bb, selon le bureau ni\u00e7ois de l\u2019entreprise.<\/p>\n<p class=\" wall-content\">\u00ab\u2009On note une dynamique positive sur les quartiers du <strong>Port<\/strong>, de la<strong> Coul\u00e9e Verte<\/strong> et de <strong>Riquier sud<\/strong>\u2009\u00bb, souligne Ali Madi, directeur de Foncia \u00e0 <a href=\"https:\/\/actu.fr\/nice\/\" rel=\"nofollow noopener\" target=\"_blank\">Nice<\/a>.<\/p>\n<p class=\" wall-content\">Des secteurs pris\u00e9s qui viennent compl\u00e9ter la liste des quartiers tendances dans la capitale de la C\u00f4te d\u2019Azur\u2009: Carr\u00e9 d\u2019or, Cimiez, les collines, Lib\u00e9ration et Mont Boron.<\/p>\n<blockquote class=\"ac-article-quote wall-content\">\n<p>Nice continue d\u2019afficher une belle dynamique de march\u00e9. La stabilit\u00e9 des prix, des biens sur le march\u00e9 et les d\u00e9lais de vente courts rassurent les vendeurs et attirent les investisseurs en qu\u00eate de placements s\u00fbrs et p\u00e9rennes.<\/p>\n<p>    <strong>Ali Madi<\/strong><br \/>\n        Directeur des ventes Foncia Nice    <\/p><\/blockquote>\n<p class=\" wall-content\">\u00c0 l\u2019\u00e9chelle de la ville, le prix moyen au m2 est de <strong>5233 euros<\/strong>, soit une valeur similaire \u00e0 l\u2019ann\u00e9e 2024.<\/p>\n<p>Les jeunes actifs en principaux acheteurs<\/p>\n<p class=\" wall-content\">En ce qui concerne les profils des acheteurs sur le march\u00e9 immobilier ni\u00e7ois, on retrouve une majorit\u00e9 de <strong>primo-acc\u00e9dants<\/strong> et de jeunes actifs, indique Foncia.<\/p>\n<p>Votre r\u00e9gion, votre actu !<\/p>\n<p>Recevez chaque jour les infos qui comptent pour vous.<\/p>\n<p>\t<a href=\"https:\/\/actu.fr\/newsletter\" class=\"ac-btn ac-btn--corner ac-btn--medium ac-btn--blue800\" rel=\"nofollow noopener\" target=\"_blank\">S&rsquo;incrire<\/a><\/p>\n<blockquote class=\"ac-article-quote wall-content\">\n<p>50% des biens vendus sont des r\u00e9sidences principales et 30 \u00e0 40 % pour la location\u00a0saisonni\u00e8re.<\/p>\n<p>    <strong>Ali Madi<\/strong>\n            <\/p><\/blockquote>\n<p class=\" wall-content\">Information importante, le nombre de transactions a <strong>diminu\u00e9 de 4,5\u2009%<\/strong> au troisi\u00e8me trimestre 2025 par rapport \u00e0 l\u2019ann\u00e9e derni\u00e8re, ce qui t\u00e9moigne d\u2019un attentisme des futurs acqu\u00e9reurs.<\/p>\n<p>Une augmentation des transactions en France<\/p>\n<p class=\" wall-content\">\u00ab\u2009Les r\u00e9sultats de ce troisi\u00e8me trimestre confirment la reprise solide du march\u00e9, port\u00e9e par un mois de septembre particuli\u00e8rement dynamique. Cette tendance s\u2019illustre \u00e0 travers la confiance renouvel\u00e9e des propri\u00e9taires envers Foncia et l\u2019expertise de nos conseillers. Dans un environnement encore incertain, les particuliers privil\u00e9gient de plus en plus l\u2019accompagnement de professionnels capables de leur offrir conseil, s\u00e9curit\u00e9 et s\u00e9r\u00e9nit\u00e9 dans leurs projets immobiliers\u2009\u00bb, explique Jordan Frarier, Pr\u00e9sident de Foncia Transaction.<\/p>\n<p class=\" wall-content\">\u00c0 noter que Foncia observe une trajectoire de croissance soutenue avec une <strong>augmentation de 11\u2009% des volumes de transactions<\/strong> sur ce troisi\u00e8me trimestre 2025, poursuivant ainsi la dynamique constat\u00e9e lors des deux premiers trimestres.<\/p>\n<p class=\" wall-content\">Personnalisez votre actualit\u00e9 en ajoutant vos villes et m\u00e9dias en favori avec <a href=\"https:\/\/moncompte.actu.fr\" title=\"D\u00e9couvez Mon Actu\" rel=\"nofollow noopener\" data-trk=\"{&quot;cta&quot;:{&quot;action&quot;:&quot;https:\\\/\\\/moncompte.actu.fr&quot;,&quot;category&quot;:&quot;mon compte&quot;,&quot;from&quot;:&quot;article footer&quot;,&quot;name&quot;:&quot;Mon actu&quot;,&quot;type&quot;:&quot;cta&quot;}}\" target=\"_blank\">Mon Actu<\/a>.<\/p>\n","protected":false},"excerpt":{"rendered":"Par Ugo Maillard Publi\u00e9 le 5 oct. 2025 \u00e0 6h12 Lors d\u2019une conf\u00e9rence de presse organis\u00e9e le jeudi&hellip;\n","protected":false},"author":2,"featured_media":313130,"comment_status":"","ping_status":"","sticky":false,"template":"","format":"standard","meta":{"footnotes":""},"categories":[2819],"tags":[1111,11,33,1777,674,1011,27,1116,12,2401,882,25],"class_list":{"0":"post-440014","1":"post","2":"type-post","3":"status-publish","4":"format-standard","5":"has-post-thumbnail","7":"category-nice","8":"tag-actu","9":"tag-actualites","10":"tag-economie","11":"tag-eu","12":"tag-europe","13":"tag-fr","14":"tag-france","15":"tag-immobilier","16":"tag-news","17":"tag-nice","18":"tag-provence-alpes-cote-dazur","19":"tag-republique-francaise"},"share_on_mastodon":{"url":"https:\/\/pubeurope.com\/@fr\/115319655880363699","error":""},"_links":{"self":[{"href":"https:\/\/www.europesays.com\/fr\/wp-json\/wp\/v2\/posts\/440014","targetHints":{"allow":["GET"]}}],"collection":[{"href":"https:\/\/www.europesays.com\/fr\/wp-json\/wp\/v2\/posts"}],"about":[{"href":"https:\/\/www.europesays.com\/fr\/wp-json\/wp\/v2\/types\/post"}],"author":[{"embeddable":true,"href":"https:\/\/www.europesays.com\/fr\/wp-json\/wp\/v2\/users\/2"}],"replies":[{"embeddable":true,"href":"https:\/\/www.europesays.com\/fr\/wp-json\/wp\/v2\/comments?post=440014"}],"version-history":[{"count":0,"href":"https:\/\/www.europesays.com\/fr\/wp-json\/wp\/v2\/posts\/440014\/revisions"}],"wp:featuredmedia":[{"embeddable":true,"href":"https:\/\/www.europesays.com\/fr\/wp-json\/wp\/v2\/media\/313130"}],"wp:attachment":[{"href":"https:\/\/www.europesays.com\/fr\/wp-json\/wp\/v2\/media?parent=440014"}],"wp:term":[{"taxonomy":"category","embeddable":true,"href":"https:\/\/www.europesays.com\/fr\/wp-json\/wp\/v2\/categories?post=440014"},{"taxonomy":"post_tag","embeddable":true,"href":"https:\/\/www.europesays.com\/fr\/wp-json\/wp\/v2\/tags?post=440014"}],"curies":[{"name":"wp","href":"https:\/\/api.w.org\/{rel}","templated":true}]}}