{"id":440015,"date":"2025-10-05T04:25:33","date_gmt":"2025-10-05T04:25:33","guid":{"rendered":"https:\/\/www.europesays.com\/fr\/440015\/"},"modified":"2025-10-05T04:25:33","modified_gmt":"2025-10-05T04:25:33","slug":"brest-nantes-le-resume-du-nul-frustrant-des-brestois","status":"publish","type":"post","link":"https:\/\/www.europesays.com\/fr\/440015\/","title":{"rendered":"Brest &#8211; Nantes\u00a0: le r\u00e9sum\u00e9 du nul frustrant des Brestois"},"content":{"rendered":"<p>Ligue 1 (7e journ\u00e9e). Stade Brestois &#8211; Nantes : 0-01 Une premi\u00e8re mi-temps brestoise mais\u2026<\/p>\n<p>Apr\u00e8s un d\u00e9but de match plut\u00f4t \u00e0 l\u2019avantage des Nantais, la premi\u00e8re occasion est pour Brest et pour Ajorque (18e) : \u00e0 la r\u00e9ception d\u2018un centre millim\u00e9tr\u00e9 de Kenny Lala, l\u2019attaquant finist\u00e9rien place son plat de pied \u00e0 bout portant, mais c\u2019est superbement repouss\u00e9 par Anthony Lopes. Quinze minutes plus tard, c\u2019est Bradley Locko, \u00e9galement servi par Lala, qui tente une reprise\u2026 trop \u00e9cras\u00e9e et cinq minutes apr\u00e8s, c\u2019est Eric Junior Dina Ebimbe qui gagne son duel dans les airs et catapulte le ballon de la t\u00eate, obligeant l\u2019ancien portier de l\u2019OL d\u2019intervenir en urgence. Trois belles occasions brestoises\u2026 mais 0-0 \u00e0 la mi-temps.<\/p>\n<p>2 Lopes homme du match<\/p>\n<p>C\u2019est encore le Stade Brestois qui se procure la premi\u00e8re grosse occasion de la seconde p\u00e9riode et c\u2019est encore Anthony Lopes qui est \u00e0 la parade (56\u2019). Sur un centre de Bradley Locko, Path\u00e9 Mboup croise parfaitement sa t\u00eate mais le gardien portugais sort le ballon. Le Stade Brestois continue de se casser les dents sur des Nantais qui ont resserr\u00e9 leurs rangs en d\u00e9fense. Forc\u00e9ment, les occasions deviennent plus beaucoup rares. Mais la derni\u00e8re de la partie est pour l\u2019in\u00e9vitable Ajorque dont la frappe trouve encore et toujours Lopes. L\u2019homme du match !<\/p>\n<p>3 Une place de perdue<\/p>\n<p>Avec ce r\u00e9sultat nul et avant les autres matchs de cette journ\u00e9e de championnat, le Stade Brestois recule d\u2019une place au classement de Ligue 1. Les hommes d\u2019Eric Roy sont d\u00e9sormais 10es. Apr\u00e8s la tr\u00eave internationale, ils se d\u00e9placeront \u00e0 Lorient, le samedi 19 octobre, avant de recevoir le PSG une semaine plus tard<\/p>\n","protected":false},"excerpt":{"rendered":"Ligue 1 (7e journ\u00e9e). Stade Brestois &#8211; Nantes : 0-01 Une premi\u00e8re mi-temps brestoise mais\u2026 Apr\u00e8s un d\u00e9but&hellip;\n","protected":false},"author":2,"featured_media":440016,"comment_status":"","ping_status":"","sticky":false,"template":"","format":"standard","meta":{"footnotes":""},"categories":[2818],"tags":[1111,11,3450,3166,1777,674,63,1011,27,66,766,12,2636,25,60,4449],"class_list":{"0":"post-440015","1":"post","2":"type-post","3":"status-publish","4":"format-standard","5":"has-post-thumbnail","7":"category-nantes","8":"tag-actu","9":"tag-actualites","10":"tag-brest","11":"tag-en-continu-sports","12":"tag-eu","13":"tag-europe","14":"tag-football","15":"tag-fr","16":"tag-france","17":"tag-ligue-1","18":"tag-nantes","19":"tag-news","20":"tag-pays-de-la-loire","21":"tag-republique-francaise","22":"tag-sports","23":"tag-stade-brestois"},"share_on_mastodon":{"url":"https:\/\/pubeurope.com\/@fr\/115319663728354032","error":""},"_links":{"self":[{"href":"https:\/\/www.europesays.com\/fr\/wp-json\/wp\/v2\/posts\/440015","targetHints":{"allow":["GET"]}}],"collection":[{"href":"https:\/\/www.europesays.com\/fr\/wp-json\/wp\/v2\/posts"}],"about":[{"href":"https:\/\/www.europesays.com\/fr\/wp-json\/wp\/v2\/types\/post"}],"author":[{"embeddable":true,"href":"https:\/\/www.europesays.com\/fr\/wp-json\/wp\/v2\/users\/2"}],"replies":[{"embeddable":true,"href":"https:\/\/www.europesays.com\/fr\/wp-json\/wp\/v2\/comments?post=440015"}],"version-history":[{"count":0,"href":"https:\/\/www.europesays.com\/fr\/wp-json\/wp\/v2\/posts\/440015\/revisions"}],"wp:featuredmedia":[{"embeddable":true,"href":"https:\/\/www.europesays.com\/fr\/wp-json\/wp\/v2\/media\/440016"}],"wp:attachment":[{"href":"https:\/\/www.europesays.com\/fr\/wp-json\/wp\/v2\/media?parent=440015"}],"wp:term":[{"taxonomy":"category","embeddable":true,"href":"https:\/\/www.europesays.com\/fr\/wp-json\/wp\/v2\/categories?post=440015"},{"taxonomy":"post_tag","embeddable":true,"href":"https:\/\/www.europesays.com\/fr\/wp-json\/wp\/v2\/tags?post=440015"}],"curies":[{"name":"wp","href":"https:\/\/api.w.org\/{rel}","templated":true}]}}