{"id":440023,"date":"2025-10-05T04:29:17","date_gmt":"2025-10-05T04:29:17","guid":{"rendered":"https:\/\/www.europesays.com\/fr\/440023\/"},"modified":"2025-10-05T04:29:17","modified_gmt":"2025-10-05T04:29:17","slug":"meteo-quel-temps-a-toulouse-et-en-occitanie-ce-dimanche-voici-les-previsions","status":"publish","type":"post","link":"https:\/\/www.europesays.com\/fr\/440023\/","title":{"rendered":"M\u00e9t\u00e9o. Quel temps \u00e0 Toulouse et en Occitanie, ce dimanche ? Voici les pr\u00e9visions"},"content":{"rendered":"<p>            Par<br \/>\n        <strong><br \/>\n            <a href=\"https:\/\/actu.fr\/auteur\/redaction-toulouse\" title=\"Consulter tous les articles de R\u00e9daction de Toulouse\" rel=\"nofollow noopener\" target=\"_blank\">R\u00e9daction de Toulouse<\/a><br \/>\n        <\/strong><\/p>\n<p>        Publi\u00e9 le<\/p>\n<p>            5 oct. 2025 \u00e0 6h10        <\/p>\n<p>Quelles seront les pr\u00e9visions m\u00e9t\u00e9o <a href=\"https:\/\/actu.fr\/toulouse\/\" rel=\"nofollow noopener\" target=\"_blank\">\u00e0 Toulouse<\/a> et en <a href=\"https:\/\/actu.fr\/occitanie\/\" rel=\"nofollow noopener\" target=\"_blank\">Occitanie<\/a>, dimanche 5 octobre 2025. On fait le point avec <strong>M\u00e9t\u00e9o France<\/strong>.\u00a0<\/p>\n<p>Le temps \u00e0 Toulouse, ce dimanche\u00a0<\/p>\n<p class=\" wall-content\">Ce dimanche 5 octobre, Toulouse se r\u00e9veillera sous un ciel plut\u00f4t nuageux, m\u00eame si des \u00e9claircies seront possibles en matin\u00e9e. Le thermom\u00e8tre affichera autour de <strong>13 \u00b0C<\/strong> au petit matin, avant de grimper jusqu\u2019\u00e0 <strong>18\u00b0C<\/strong> au plus chaud de la journ\u00e9e. Pas de pluie pr\u00e9vue en ville : au contraire, M\u00e9t\u00e9o France annonce m\u00eame <strong>un temps \u00ab\u00a0peu nuageux\u00a0\u00bb<\/strong> dans l\u2019apr\u00e8s-midi, o\u00f9 le soleil devrait donc faire son apparition.<\/p>\n<p class=\" wall-content\">Dans le reste du d\u00e9partement de la Haute-Garonne, le temps sera assez similaire.\u00a0<\/p>\n<p class=\" wall-content\"><strong>Les pr\u00e9visions \u00e0 Toulouse, dimanche :\u00a0<\/strong><\/p>\n<p>    <img   decoding=\"async\" loading=\"lazy\" src=\"https:\/\/www.europesays.com\/fr\/wp-content\/uploads\/2025\/10\/meteo-dimanche-toulouse-960x640.png\" alt=\"Les pr\u00e9visions \u00e0 Toulouse, dimanche 5 octobre 2025. \" width=\"960\" height=\"640\"\/><br \/>\n    Les pr\u00e9visions \u00e0 Toulouse, dimanche 5 octobre 2025. (\u00a9Capture d\u2019\u00e9cran \/ M\u00e9t\u00e9o France)Et en Occitanie ?\u00a0<\/p>\n<p class=\" wall-content\">Quel temps fera-t-il ailleurs en <strong>Occitanie<\/strong>, ce dimanche ? Le temps sera globalement ensoleill\u00e9.. Les temp\u00e9ratures varieront de 15 \u00b0C \u00e0<strong> 20 \u00b0C<\/strong> pr\u00e8s de la M\u00e9diterran\u00e9e.<\/p>\n<p>Vid\u00e9os : en ce moment sur Actu<\/p>\n<p class=\" wall-content\"><strong>Les pr\u00e9visions en Occitanie, dimanche :\u00a0<\/strong><\/p>\n<p>    <img   decoding=\"async\" loading=\"lazy\" src=\"https:\/\/www.europesays.com\/fr\/wp-content\/uploads\/2025\/10\/meteo-dimanche-occitanie-960x640.png\" alt=\"Les pr\u00e9visions en Occitanie, dimanche 5 octobre 2025. \" width=\"960\" height=\"640\"\/><br \/>\n    Les pr\u00e9visions en Occitanie, dimanche 5 octobre 2025. (\u00a9Capture d\u2019\u00e9cran \/ M\u00e9t\u00e9o France)<\/p>\n<p class=\" wall-content\">Personnalisez votre actualit\u00e9 en ajoutant vos villes et m\u00e9dias en favori avec <a href=\"https:\/\/moncompte.actu.fr\" title=\"D\u00e9couvez Mon Actu\" rel=\"nofollow noopener\" data-trk=\"{&quot;cta&quot;:{&quot;action&quot;:&quot;https:\\\/\\\/moncompte.actu.fr&quot;,&quot;category&quot;:&quot;mon compte&quot;,&quot;from&quot;:&quot;article footer&quot;,&quot;name&quot;:&quot;Mon actu&quot;,&quot;type&quot;:&quot;cta&quot;}}\" target=\"_blank\">Mon Actu<\/a>.<\/p>\n","protected":false},"excerpt":{"rendered":"Par R\u00e9daction de Toulouse Publi\u00e9 le 5 oct. 2025 \u00e0 6h10 Quelles seront les pr\u00e9visions m\u00e9t\u00e9o \u00e0 Toulouse&hellip;\n","protected":false},"author":2,"featured_media":268570,"comment_status":"","ping_status":"","sticky":false,"template":"","format":"standard","meta":{"footnotes":""},"categories":[2816],"tags":[1111,11,1777,674,1011,27,2357,12,2680,25,104,2312],"class_list":{"0":"post-440023","1":"post","2":"type-post","3":"status-publish","4":"format-standard","5":"has-post-thumbnail","7":"category-toulouse","8":"tag-actu","9":"tag-actualites","10":"tag-eu","11":"tag-europe","12":"tag-fr","13":"tag-france","14":"tag-meteo-france","15":"tag-news","16":"tag-occitanie","17":"tag-republique-francaise","18":"tag-societe","19":"tag-toulouse"},"share_on_mastodon":{"url":"https:\/\/pubeurope.com\/@fr\/115319679685718883","error":""},"_links":{"self":[{"href":"https:\/\/www.europesays.com\/fr\/wp-json\/wp\/v2\/posts\/440023","targetHints":{"allow":["GET"]}}],"collection":[{"href":"https:\/\/www.europesays.com\/fr\/wp-json\/wp\/v2\/posts"}],"about":[{"href":"https:\/\/www.europesays.com\/fr\/wp-json\/wp\/v2\/types\/post"}],"author":[{"embeddable":true,"href":"https:\/\/www.europesays.com\/fr\/wp-json\/wp\/v2\/users\/2"}],"replies":[{"embeddable":true,"href":"https:\/\/www.europesays.com\/fr\/wp-json\/wp\/v2\/comments?post=440023"}],"version-history":[{"count":0,"href":"https:\/\/www.europesays.com\/fr\/wp-json\/wp\/v2\/posts\/440023\/revisions"}],"wp:featuredmedia":[{"embeddable":true,"href":"https:\/\/www.europesays.com\/fr\/wp-json\/wp\/v2\/media\/268570"}],"wp:attachment":[{"href":"https:\/\/www.europesays.com\/fr\/wp-json\/wp\/v2\/media?parent=440023"}],"wp:term":[{"taxonomy":"category","embeddable":true,"href":"https:\/\/www.europesays.com\/fr\/wp-json\/wp\/v2\/categories?post=440023"},{"taxonomy":"post_tag","embeddable":true,"href":"https:\/\/www.europesays.com\/fr\/wp-json\/wp\/v2\/tags?post=440023"}],"curies":[{"name":"wp","href":"https:\/\/api.w.org\/{rel}","templated":true}]}}