{"id":440026,"date":"2025-10-05T04:32:12","date_gmt":"2025-10-05T04:32:12","guid":{"rendered":"https:\/\/www.europesays.com\/fr\/440026\/"},"modified":"2025-10-05T04:32:12","modified_gmt":"2025-10-05T04:32:12","slug":"on-contribue-aux-grands-progres-confie-le-professeur-dhematologie-norbert-vey","status":"publish","type":"post","link":"https:\/\/www.europesays.com\/fr\/440026\/","title":{"rendered":"\u00ab\u00a0On contribue aux grands progr\u00e8s\u00a0\u00bb,\u00a0 confie le professeur d&rsquo;h\u00e9matologie Norbert Vey"},"content":{"rendered":"<p><strong>Quel r\u00f4le a jou\u00e9 depuis cent ans et continue de jouer l\u2019IPC dans la lutte contre le cancer du sein\u00a0?<\/strong>&#13;\n<\/p>\n<p>Proposer les meilleurs soins \u00e0 tous. D\u00e8s\u00a01925, on s\u2019est inscrit dans une mission de service public. Le cancer du sein est l\u2019un des fondements historiques de la cr\u00e9ation des centres de lutte contre le cancer. Depuis cent ans, on am\u00e8ne des innovations partout o\u00f9 c\u2019est possible\u00a0: excellence et solidarit\u00e9. \u00c0 l\u2019\u00e9poque, c\u2019\u00e9tait pr\u00e9curseur. Le challenge \u00e9tait de diffuser les traitements par le radium d\u00e9couverts par Marie Curie. Cela co\u00fbtait une fortune et pouvait \u00eatre des injonctions contradictoires mais c\u2019est le c\u0153ur de notre action. Aujourd\u2019hui en France, <a href=\"https:\/\/www.laprovence.com\/article\/sante\/23901865029100\/disparition-demilie-dequenne-les-cancers-frappent-de-plus-en-plus-les-jeunes\" target=\"_blank\" rel=\"noopener\">le cancer du sein est le plus fr\u00e9quent<\/a>, tout organe confondu, touchant 60\u00a0000 femmes par an. \u00c0 l\u2019IPC, c\u2019est une pathologie centrale\u00a0: 2\u00a0000 patientes sont diagnostiqu\u00e9es et prises en charge chaque ann\u00e9e ici. Les forces d\u2019un tel \u00e9tablissement sont la coexistence des sp\u00e9cialit\u00e9s, la pluridisciplinarit\u00e9 et la recherche sur site. On contribue aux grands progr\u00e8s.<\/p>\n<p><strong>Quelles sont les avanc\u00e9es majeures\u00a0?<\/strong>&#13;\n<\/p>\n<p>D\u2019abord, c\u2019est la m\u00e9decine personnalis\u00e9e qui permet de s\u2019adapter au plus pr\u00e8s de l\u2019individu et de sa tumeur. Ce sont les th\u00e9rapies cibl\u00e9es avec&#8230;<\/p>\n","protected":false},"excerpt":{"rendered":"Quel r\u00f4le a jou\u00e9 depuis cent ans et continue de jouer l\u2019IPC dans la lutte contre le cancer&hellip;\n","protected":false},"author":2,"featured_media":440027,"comment_status":"","ping_status":"","sticky":false,"template":"","format":"standard","meta":{"footnotes":""},"categories":[2814],"tags":[17,1111,11,1007,101,1444,6539,1777,674,1011,27,7998,884,12,5241,882,25,71,13063],"class_list":{"0":"post-440026","1":"post","2":"type-post","3":"status-publish","4":"format-standard","5":"has-post-thumbnail","7":"category-marseille","8":"tag-17","9":"tag-actu","10":"tag-actualites","11":"tag-aux","12":"tag-cancer","13":"tag-contre","14":"tag-contribue","15":"tag-eu","16":"tag-europe","17":"tag-fr","18":"tag-france","19":"tag-lutte","20":"tag-marseille","21":"tag-news","22":"tag-on","23":"tag-provence-alpes-cote-dazur","24":"tag-republique-francaise","25":"tag-sante","26":"tag-siecle"},"share_on_mastodon":{"url":"https:\/\/pubeurope.com\/@fr\/115319691267625398","error":""},"_links":{"self":[{"href":"https:\/\/www.europesays.com\/fr\/wp-json\/wp\/v2\/posts\/440026","targetHints":{"allow":["GET"]}}],"collection":[{"href":"https:\/\/www.europesays.com\/fr\/wp-json\/wp\/v2\/posts"}],"about":[{"href":"https:\/\/www.europesays.com\/fr\/wp-json\/wp\/v2\/types\/post"}],"author":[{"embeddable":true,"href":"https:\/\/www.europesays.com\/fr\/wp-json\/wp\/v2\/users\/2"}],"replies":[{"embeddable":true,"href":"https:\/\/www.europesays.com\/fr\/wp-json\/wp\/v2\/comments?post=440026"}],"version-history":[{"count":0,"href":"https:\/\/www.europesays.com\/fr\/wp-json\/wp\/v2\/posts\/440026\/revisions"}],"wp:featuredmedia":[{"embeddable":true,"href":"https:\/\/www.europesays.com\/fr\/wp-json\/wp\/v2\/media\/440027"}],"wp:attachment":[{"href":"https:\/\/www.europesays.com\/fr\/wp-json\/wp\/v2\/media?parent=440026"}],"wp:term":[{"taxonomy":"category","embeddable":true,"href":"https:\/\/www.europesays.com\/fr\/wp-json\/wp\/v2\/categories?post=440026"},{"taxonomy":"post_tag","embeddable":true,"href":"https:\/\/www.europesays.com\/fr\/wp-json\/wp\/v2\/tags?post=440026"}],"curies":[{"name":"wp","href":"https:\/\/api.w.org\/{rel}","templated":true}]}}