{"id":440028,"date":"2025-10-05T04:33:10","date_gmt":"2025-10-05T04:33:10","guid":{"rendered":"https:\/\/www.europesays.com\/fr\/440028\/"},"modified":"2025-10-05T04:33:10","modified_gmt":"2025-10-05T04:33:10","slug":"marseille-cest-la-joie-de-vivre-apres-8-ans-le-pere-steves-sen-va","status":"publish","type":"post","link":"https:\/\/www.europesays.com\/fr\/440028\/","title":{"rendered":"\u00ab\u00a0Marseille, c&rsquo;est la joie de vivre\u00a0\u00bb : apr\u00e8s 8 ans, le p\u00e8re Steves s&rsquo;en va"},"content":{"rendered":"<p>Une page se tourne \u00e0 Saint-F\u00e9rr\u00e9ol, \u00e0 Marseille. Apr\u00e8s 8 ans, le p\u00e8re Steves s&rsquo;en va le 7 octobre.<br \/>\nSon \u00e9glise avait \u00e9t\u00e9 occup\u00e9e par 80 migrants en 2017, trois mois \u00e0 peine \u00e0 son arriv\u00e9e dans la paroisse.<br \/>\nDepuis, il a men\u00e9 de nombreuses actions pour aider les personnes dans le besoin.\n<\/p>\n<p>\u00ab\u00a0Je m&rsquo;en vais <strong>heureux<\/strong>, mais en m\u00eame temps si triste\u00a0\u00bb dit le p\u00e8re Steves, devant de nombreux fid\u00e8les venus lui dire merci. Merci, c&rsquo;est le mot qui a sans doute le plus r\u00e9sonn\u00e9 pendant <strong>sa derni\u00e8re messe<\/strong>\u00a0en septembre sous les voutes de l&rsquo;\u00e9glise Saint F\u00e9rr\u00e9ol, qui donne sur le Vieux-Port de Marseille. Une petite fille s&rsquo;avance d&rsquo;un pas timide vers le pr\u00eatre. Elle lui tend une rose jaune d&rsquo;une couleur qui rappelle l&rsquo;Ukraine, <strong>son pays qu&rsquo;elle a d\u00fb fuir<\/strong>.<\/p>\n<p>loading<\/p>\n<p>\u00ab\u00a0On ne savait\u00a0pas o\u00f9 se r\u00e9fugier, avec ma maman Lilia nous lui avons parl\u00e9 du fait qu&rsquo;on dormait dans la gare. Il nous a tr\u00e8s bien accueillis, nous a <strong>beaucoup aid\u00e9 pour des logements<\/strong>.\u00a0Est ce que \u00e7a restera quelqu&rsquo;un de sp\u00e9cial? Je dis oui, tr\u00e8s important dans ma vie\u00a0\u00bb confesse l&rsquo;adolescente. La c\u00e9l\u00e9bration se termine dans d&rsquo;immenses applaudissements pour le pr\u00eatre.<\/p>\n<p>\u00ab\u00a0Il ne fait aucune diff\u00e9rence entre les gens. Il m&rsquo;a redonn\u00e9 la foi\u00a0\u00bb<\/p>\n<p>Comme Sati, le pr\u00eatre a <strong>aid\u00e9 de nombreux migrants<\/strong> et\u00a0<a target=\"_blank\" rel=\"nofollow noopener noreferrer\" class=\"IciLink ici-link IciArticleLink g-ici-body-regular-1 underline brand svelte-lu7k6w\" href=\"https:\/\/www.association-raphael.org\/lassociation-rapha%C3%ABl\">personnes pr\u00e9caires en huit ans<\/a>. \u00ab\u00a0Il ne fait pas de diff\u00e9rence entre le noir, le blanc, les autres\u00a0\u00bb note Soeur Eug\u00e9nie, qui a organis\u00e9 un petit pot de d\u00e9part improvis\u00e9 dans l&rsquo;\u00e9glise. \u00ab\u00a0Il prend le temps de l&rsquo;\u00e9couter et il aide les gens. Il a beaucoup de patience\u00a0\u00bb<\/p>\n<p><img loading=\"lazy\" decoding=\"async\" class=\"VisualPreview svelte-1rldrkz\" src=\"data:image\/jpeg;base64,\/9j\/2wBDACgcHiMeGSgjISMtKygwPGRBPDc3PHtYXUlkkYCZlo+AjIqgtObDoKrarYqMyP\/L2u71\/\/\/\/m8H\/\/\/\/6\/+b9\/\/j\/2wBDASstLTw1PHZBQXb4pYyl+Pj4+Pj4+Pj4+Pj4+Pj4+Pj4+Pj4+Pj4+Pj4+Pj4+Pj4+Pj4+Pj4+Pj4+Pj4+Pj4+Pj\/wAARCAAXACoDASIAAhEBAxEB\/8QAGAAAAwEBAAAAAAAAAAAAAAAAAAIDAQT\/xAAYEAEBAQEBAAAAAAAAAAAAAAAAAQIREv\/EABYBAQEBAAAAAAAAAAAAAAAAAAECAP\/EABURAQEAAAAAAAAAAAAAAAAAAAAB\/9oADAMBAAIRAxEAPwDr6zpestINdFuiWkuk0w90z0ldl9hTspaApCektUBilrRfQDF\/\/9k=\" alt=\"Saint-F\u00e9rr\u00e9ol est l'\u00e9glise du Vieux-Port \u00e0 Marseille\" width=\"600\" height=\"337\"\/>  Saint-F\u00e9rr\u00e9ol est l&rsquo;\u00e9glise du Vieux-Port \u00e0 Marseille \u00a9 Radio France &#8211; Maryline Ottmann\u00a0\u00bbEn bande organis\u00e9e\u00a0\u00bb chant\u00e9 pour son anniversaire<\/p>\n<p>Sur le parvis apr\u00e8s la messe, S\u0153ur Eug\u00e9nie est accompagn\u00e9e d&rsquo;Alain qui tient la brasserie \u00ab\u00a0Chez Alain\u00a0\u00bb juste \u00e0 c\u00f4t\u00e9 de Saint-F\u00e9rr\u00e9ol. \u00ab\u00a0Je suis arriv\u00e9 \u00e0 Marseille il y a un an, et c&rsquo;est\u00a0le p\u00e8re Steves qui <strong>m&rsquo;a redonn\u00e9 la foi<\/strong>. Patient, et festif aussi, le p\u00e8re Steves. \u00ab\u00a0Il a f\u00eat\u00e9 son anniversaire au sein de notre \u00e9tablissement. Avec s\u0153ur Eug\u00e9nie, ils sont mont\u00e9s sur sc\u00e8ne et ils ont chant\u00e9 Bande organis\u00e9e\u00a0!\u00a0\u00bb\u00a0Est ce que ce n&rsquo;est pas \u00e7a qu&rsquo;on cherche \u00e0 Marseille? Tout le monde est diff\u00e9rent, mais <strong>tout le monde se rassemble<\/strong>\u00a0\u00bb dit Alain, dans un sourire.<\/p>\n<p>\u00ab\u00a0Avec les autres, on d\u00e9couvre d&rsquo;autres chemins\u00a0\u00bb<\/p>\n<p>A quelques m\u00e8tres, le p\u00e8re Steves salue un \u00e0 un chaque fid\u00e8le venu lui dire au revoir. Il s&rsquo;envolera direction la R\u00e9union le 7 octobre. Emu\u00a0? \u00ab\u00a0Vous avez touch\u00e9 le mot\u00a0\u00bb con\u00e7oit l&rsquo;int\u00e9ress\u00e9. \u00ab\u00a0Bien s\u00fbr, je suis \u00e9mu parce que quelque part, \u00e7a dit quelque chose du travail de longue haleine r\u00e9alis\u00e9. Et on n&rsquo;est pas parfait. Je ne suis pas parfait, mais voil\u00e0, avec les autres, on d\u00e9couvre <strong>de nouveaux chemins.<\/strong>\u00a0Avec d&rsquo;autres, on peut aller plus loin pour changer le monde, apporter justement un peu de bien l\u00e0 o\u00f9 ils sont\u00a0\u00bb conclut le p\u00e8re Steves, avec un regard bienveillant.<\/p>\n<p>Il laisse derri\u00e8re lui l&rsquo;<strong>association Raphael<\/strong>,\u00a0<a target=\"_blank\" rel=\"nofollow noopener noreferrer\" class=\"IciLink ici-link IciArticleLink g-ici-body-regular-1 underline brand svelte-lu7k6w\" href=\"https:\/\/www.jesuits.global\/fr\/2021\/12\/20\/les-jesuites-sur-les-quais-de-marseille-rejoindre-lautre-la-ou-il-est\/\">gr\u00e2ce \u00e0 laquelle des\u00a0jeunes sont soutenus dans le soutien scolaire en fran\u00e7ais, dans la recherche des stages ou d\u2019emploi<\/a>. Et ce qu&rsquo;il emporte de Marseille \u00e0 la R\u00e9union\u00a0? \u00ab\u00a0<strong>La joie de vivre des Marseillais<\/strong>\u00ab\u00a0.<\/p>\n<p><img loading=\"lazy\" decoding=\"async\" class=\"VisualPreview svelte-1rldrkz\" src=\"data:image\/jpeg;base64,\/9j\/2wBDACgcHiMeGSgjISMtKygwPGRBPDc3PHtYXUlkkYCZlo+AjIqgtObDoKrarYqMyP\/L2u71\/\/\/\/m8H\/\/\/\/6\/+b9\/\/j\/2wBDASstLTw1PHZBQXb4pYyl+Pj4+Pj4+Pj4+Pj4+Pj4+Pj4+Pj4+Pj4+Pj4+Pj4+Pj4+Pj4+Pj4+Pj4+Pj4+Pj4+Pj\/wAARCAAXACoDASIAAhEBAxEB\/8QAGAAAAwEBAAAAAAAAAAAAAAAAAAECAwT\/xAAYEAEBAQEBAAAAAAAAAAAAAAAAAQIREv\/EABUBAQEAAAAAAAAAAAAAAAAAAAAB\/8QAFBEBAAAAAAAAAAAAAAAAAAAAAP\/aAAwDAQACEQMRAD8AvRQumKrNaTTHp+gdE0fphNK9A55VACiptAEOVXQFR\/\/Z\" alt=\"Des fid\u00e8les venus remercier le p\u00e8re Steves : Sati, Lilia, soeur Emmanuelle, ou encore Alain\" width=\"600\" height=\"337\"\/>  Des fid\u00e8les venus remercier le p\u00e8re Steves : Sati, Lilia, soeur Emmanuelle, ou encore Alain \u00a9 Radio France &#8211; Maryline Ottmann<\/p>\n","protected":false},"excerpt":{"rendered":"Une page se tourne \u00e0 Saint-F\u00e9rr\u00e9ol, \u00e0 Marseille. Apr\u00e8s 8 ans, le p\u00e8re Steves s&rsquo;en va le 7&hellip;\n","protected":false},"author":2,"featured_media":440029,"comment_status":"","ping_status":"","sticky":false,"template":"","format":"standard","meta":{"footnotes":""},"categories":[2814],"tags":[1111,11,1777,674,1011,27,884,12,882,25],"class_list":{"0":"post-440028","1":"post","2":"type-post","3":"status-publish","4":"format-standard","5":"has-post-thumbnail","7":"category-marseille","8":"tag-actu","9":"tag-actualites","10":"tag-eu","11":"tag-europe","12":"tag-fr","13":"tag-france","14":"tag-marseille","15":"tag-news","16":"tag-provence-alpes-cote-dazur","17":"tag-republique-francaise"},"share_on_mastodon":{"url":"https:\/\/pubeurope.com\/@fr\/115319695277699884","error":""},"_links":{"self":[{"href":"https:\/\/www.europesays.com\/fr\/wp-json\/wp\/v2\/posts\/440028","targetHints":{"allow":["GET"]}}],"collection":[{"href":"https:\/\/www.europesays.com\/fr\/wp-json\/wp\/v2\/posts"}],"about":[{"href":"https:\/\/www.europesays.com\/fr\/wp-json\/wp\/v2\/types\/post"}],"author":[{"embeddable":true,"href":"https:\/\/www.europesays.com\/fr\/wp-json\/wp\/v2\/users\/2"}],"replies":[{"embeddable":true,"href":"https:\/\/www.europesays.com\/fr\/wp-json\/wp\/v2\/comments?post=440028"}],"version-history":[{"count":0,"href":"https:\/\/www.europesays.com\/fr\/wp-json\/wp\/v2\/posts\/440028\/revisions"}],"wp:featuredmedia":[{"embeddable":true,"href":"https:\/\/www.europesays.com\/fr\/wp-json\/wp\/v2\/media\/440029"}],"wp:attachment":[{"href":"https:\/\/www.europesays.com\/fr\/wp-json\/wp\/v2\/media?parent=440028"}],"wp:term":[{"taxonomy":"category","embeddable":true,"href":"https:\/\/www.europesays.com\/fr\/wp-json\/wp\/v2\/categories?post=440028"},{"taxonomy":"post_tag","embeddable":true,"href":"https:\/\/www.europesays.com\/fr\/wp-json\/wp\/v2\/tags?post=440028"}],"curies":[{"name":"wp","href":"https:\/\/api.w.org\/{rel}","templated":true}]}}