{"id":440030,"date":"2025-10-05T04:34:10","date_gmt":"2025-10-05T04:34:10","guid":{"rendered":"https:\/\/www.europesays.com\/fr\/440030\/"},"modified":"2025-10-05T04:34:10","modified_gmt":"2025-10-05T04:34:10","slug":"lyon-cette-braderie-geante-arrive-dans-les-rues-pour-trois-jours-de-soldes-monstres","status":"publish","type":"post","link":"https:\/\/www.europesays.com\/fr\/440030\/","title":{"rendered":"Lyon. Cette braderie g\u00e9ante arrive dans les rues pour trois jours de soldes monstres"},"content":{"rendered":"<p>            Par<br \/>\n        <strong><br \/>\n            <a href=\"https:\/\/actu.fr\/auteur\/theo-zuili\" title=\"Consulter tous les articles de Th\u00e9o Zuili\" rel=\"nofollow noopener\" target=\"_blank\">Th\u00e9o Zuili<\/a><br \/>\n        <\/strong><\/p>\n<p>        Publi\u00e9 le<\/p>\n<p>            5 oct. 2025 \u00e0 6h22        <\/p>\n<p>Du vendredi 10 au dimanche 12 octobre 2025, la <a href=\"https:\/\/actu.fr\/tag\/presqu-ile\" rel=\"nofollow noopener\" target=\"_blank\">Presqu\u2019\u00eele<\/a> de Lyon se pi\u00e9tonnise et c\u00e9l\u00e8bre le commerce local. Des centaines de stands vont se dresser \u00e0 travers la ville, avec un \u00ab\u00a0Food court\u00a0\u00bb place de la R\u00e9publique et une friperie \u00e0 Confluence.<\/p>\n<p class=\" wall-content\">L\u2019id\u00e9al pour soutenir les commer\u00e7ants <strong>tout en faisant de bonnes affaires<\/strong> : voici le programme de la 4\u1d49 \u00e9dition du Lyon Braderie Festival.<\/p>\n<p>Des prix cass\u00e9s pendant trois jours<\/p>\n<p class=\" wall-content\">Organis\u00e9 par l\u2019association de commer\u00e7ants My Presqu\u2019\u00eele avec le soutien de la Ville de Lyon, le Lyon Braderie Festival casse les prix durant<strong> trois jours<\/strong> pour la quatri\u00e8me ann\u00e9e cons\u00e9cutive.<\/p>\n<p class=\" wall-content\">Cette fois, 400 enseignes annoncent participer \u00e0 cette braderie XXL et conviviale (<a href=\"https:\/\/mypresquile.com\/festival\/liste-des-boutiques-lyon-braderie-festival-4\/\" rel=\"nofollow noopener\" target=\"_blank\">retrouvez la liste ici<\/a>). Le vendredi permet de d\u00e9nicher les bons plans en avant-premi\u00e8re dans les magasins, avant qu\u2019ils ne soient expos\u00e9s dans la rue samedi et dimanche.<\/p>\n<p class=\" wall-content\">La Presqu\u2019\u00eele de Lyon est<strong> pi\u00e9tonnis\u00e9e du bas des pentes de la Croix-Rousse \u00e0 la place Bellecour<\/strong> le temps du week-end pour laisser l\u2019espace aux commer\u00e7ants. La rue Victor-Hugo, une portion de la rue de la Charit\u00e9 et le centre commercial de Confluence seront \u00e9galement de la partie. Plus de 20 000 visiteurs sont attendus.<\/p>\n<p>De quoi manger et faire vivre les artisans locaux<\/p>\n<p class=\" wall-content\">Au-del\u00e0 des bonnes affaires, ce sera \u00e9galement l\u2019occasion de trouver un march\u00e9 de cr\u00e9ateurs et des performances artistiques <strong>place des Jacobins<\/strong> de 11h \u00e0 18h vendredi, samedi et dimanche.<\/p>\n<p>    <img   decoding=\"async\" loading=\"lazy\" src=\"https:\/\/www.europesays.com\/fr\/wp-content\/uploads\/2025\/10\/braderie-lyon-festival-jardin-960x640.jpg\" alt=\"Le jardin des Jacobins et l'un des quatre p\u00f4les d'animation du Lyon Braderie Festival.\" width=\"960\" height=\"640\"\/><br \/>\n    Le jardin des Jacobins et l\u2019un des quatre \u00ab\u00a0p\u00f4les d\u2019animation\u00a0\u00bb du Lyon Braderie Festival. (\u00a9Anthony Soudani \/ actu Lyon)<\/p>\n<p>Votre r\u00e9gion, votre actu !<\/p>\n<p>Recevez chaque jour les infos qui comptent pour vous.<\/p>\n<p>\t<a href=\"https:\/\/actu.fr\/newsletter\" class=\"ac-btn ac-btn--corner ac-btn--medium ac-btn--blue800\" rel=\"nofollow noopener\" target=\"_blank\">S&rsquo;incrire<\/a><\/p>\n<p class=\" wall-content\">Place de la R\u00e9publique, au c\u0153ur du dispositif, <strong>17 chefs lyonnais<\/strong> se donnent rendez-vous pour proposer une pause gourmande aux passants. Street-food, cuisines du monde et p\u00e2tisseries seront servies en continu de 11h \u00e0 21h (sauf dimanche, avec une fermeture \u00e0 18h).<\/p>\n<p>Une guinguette XXL avec DJ set<\/p>\n<p class=\" wall-content\">Samedi, de 11h \u00e0 22h, la place Sathonay accueillera un<strong> open air DJ set<\/strong> en mode guinguette XXL avec \u00ab\u00a0un espace chill et festif\u00a0\u00bb et un blind test g\u00e9ant.<\/p>\n<p class=\" wall-content\"><a href=\"https:\/\/www.instagram.com\/p\/DN0ba4AWMKZ\/embed\" title=\"Ouvrir le lien sur Instagram\" rel=\"nofollow noopener\" target=\"_blank\">Visualiser le contenu sur Instagram<\/a><\/p>\n<p class=\" wall-content\">Le centre commercial de Confluence s\u2019invite une nouvelle fois dans le dispositif en organisant son march\u00e9 avec \u00ab\u00a0des offres exclusives\u00a0\u00bb, une friperie et \u00ab\u00a0un vide-dressing d\u2019influenceurs lyonnais\u00a0\u00bb. Les amateurs de <strong>vide-grenier<\/strong> ont rendez-vous pendant l\u2019ensemble du festival sur les quais de la darse de Confluence.<\/p>\n<p class=\" wall-content\">Personnalisez votre actualit\u00e9 en ajoutant vos villes et m\u00e9dias en favori avec <a href=\"https:\/\/moncompte.actu.fr\" title=\"D\u00e9couvez Mon Actu\" rel=\"nofollow noopener\" data-trk=\"{&quot;cta&quot;:{&quot;action&quot;:&quot;https:\\\/\\\/moncompte.actu.fr&quot;,&quot;category&quot;:&quot;mon compte&quot;,&quot;from&quot;:&quot;article footer&quot;,&quot;name&quot;:&quot;Mon actu&quot;,&quot;type&quot;:&quot;cta&quot;}}\" target=\"_blank\">Mon Actu<\/a>.<\/p>\n<p>                    <script async src=\"\/\/www.instagram.com\/embed.js\"><\/script><\/p>\n","protected":false},"excerpt":{"rendered":"Par Th\u00e9o Zuili Publi\u00e9 le 5 oct. 2025 \u00e0 6h22 Du vendredi 10 au dimanche 12 octobre 2025,&hellip;\n","protected":false},"author":2,"featured_media":440031,"comment_status":"","ping_status":"","sticky":false,"template":"","format":"standard","meta":{"footnotes":""},"categories":[1889],"tags":[1111,11,2430,215,1777,674,1011,27,2428,12,2809,25,104,11772],"class_list":{"0":"post-440030","1":"post","2":"type-post","3":"status-publish","4":"format-standard","5":"has-post-thumbnail","7":"category-lyon","8":"tag-actu","9":"tag-actualites","10":"tag-auvergne-rhone-alpes","11":"tag-commerce","12":"tag-eu","13":"tag-europe","14":"tag-fr","15":"tag-france","16":"tag-lyon","17":"tag-news","18":"tag-presquile","19":"tag-republique-francaise","20":"tag-societe","21":"tag-soldes"},"share_on_mastodon":{"url":"https:\/\/pubeurope.com\/@fr\/115319699389776814","error":""},"_links":{"self":[{"href":"https:\/\/www.europesays.com\/fr\/wp-json\/wp\/v2\/posts\/440030","targetHints":{"allow":["GET"]}}],"collection":[{"href":"https:\/\/www.europesays.com\/fr\/wp-json\/wp\/v2\/posts"}],"about":[{"href":"https:\/\/www.europesays.com\/fr\/wp-json\/wp\/v2\/types\/post"}],"author":[{"embeddable":true,"href":"https:\/\/www.europesays.com\/fr\/wp-json\/wp\/v2\/users\/2"}],"replies":[{"embeddable":true,"href":"https:\/\/www.europesays.com\/fr\/wp-json\/wp\/v2\/comments?post=440030"}],"version-history":[{"count":0,"href":"https:\/\/www.europesays.com\/fr\/wp-json\/wp\/v2\/posts\/440030\/revisions"}],"wp:featuredmedia":[{"embeddable":true,"href":"https:\/\/www.europesays.com\/fr\/wp-json\/wp\/v2\/media\/440031"}],"wp:attachment":[{"href":"https:\/\/www.europesays.com\/fr\/wp-json\/wp\/v2\/media?parent=440030"}],"wp:term":[{"taxonomy":"category","embeddable":true,"href":"https:\/\/www.europesays.com\/fr\/wp-json\/wp\/v2\/categories?post=440030"},{"taxonomy":"post_tag","embeddable":true,"href":"https:\/\/www.europesays.com\/fr\/wp-json\/wp\/v2\/tags?post=440030"}],"curies":[{"name":"wp","href":"https:\/\/api.w.org\/{rel}","templated":true}]}}