{"id":440032,"date":"2025-10-05T04:35:15","date_gmt":"2025-10-05T04:35:15","guid":{"rendered":"https:\/\/www.europesays.com\/fr\/440032\/"},"modified":"2025-10-05T04:35:15","modified_gmt":"2025-10-05T04:35:15","slug":"lyon-la-vitesse-des-velov-electriques-bientot-reduite-dans-certaines-zones-pietonnes","status":"publish","type":"post","link":"https:\/\/www.europesays.com\/fr\/440032\/","title":{"rendered":"Lyon. La vitesse des V\u00e9lo&rsquo;V \u00e9lectriques bient\u00f4t r\u00e9duite dans certaines zones pi\u00e9tonnes\u00a0?"},"content":{"rendered":"<p>            Par<br \/>\n        <strong><br \/>\n            <a href=\"https:\/\/actu.fr\/auteur\/nicolas-zaugra\" title=\"Consulter tous les articles de Nicolas Zaugra\" target=\"_blank\" rel=\"noopener\">Nicolas Zaugra<\/a><br \/>\n        <\/strong><\/p>\n<p>        Publi\u00e9 le<\/p>\n<p>            5 oct. 2025 \u00e0 6h20        <\/p>\n<p>Les utilisateurs de <a href=\"https:\/\/actu.fr\/auvergne-rhone-alpes\/lyon_69123\/lyon-decouvrez-les-nouveautes-tres-utiles-des-velo-v-electriques-deployes-fin-janvier_62102230.html\" target=\"_blank\" rel=\"noopener\">V\u00e9lo\u2019v \u00e9lectriques verts<\/a>, pouvant aller jusqu\u2019\u00e0 25 km\/h, abusent-ils de la vitesse dans les zones pi\u00e9tonnes de <a href=\"https:\/\/actu.fr\/auvergne-rhone-alpes\/lyon_69123\" target=\"_blank\" rel=\"noopener\">Lyon<\/a> ? Certains sans aucun doute.<\/p>\n<p class=\" wall-content\">Face \u00e0 la grogne de certains pi\u00e9tons, la M\u00e9tropole de Lyon a chang\u00e9 d\u2019avis et d\u00e9cid\u00e9 d\u2019exp\u00e9rimenter un dispositif permettant de <strong>r\u00e9duire la vitesse des v\u00e9los en libre-service dans les secteurs o\u00f9 les pi\u00e9tons ont la priorit\u00e9<\/strong> comme la rue de la R\u00e9publique ou la rue Victor-Hugo dans le centre.<\/p>\n<p>Une exp\u00e9rimentation annonc\u00e9e<\/p>\n<p class=\" wall-content\">Les <strong>grands marquages au sol install\u00e9s \u00e0 l\u2019entr\u00e9e de la rue de la R\u00e9publique<\/strong> nouvellement pi\u00e9tonne depuis le 21 juin n\u2019ont pas suffi.<\/p>\n<p class=\" wall-content\">\u00ab\u00a0Nous avons command\u00e9 une solution exp\u00e9rimentale pour \u00e9quiper une partie de la flotte de V\u00e9lo\u2019v \u00e9lectrique avec un dispositif de bridage automatique dans les aires pi\u00e9tonnes. En cas de succ\u00e8s, l\u2019exp\u00e9rimentation pourrait \u00eatre g\u00e9n\u00e9ralis\u00e9e\u00a0\u00bb, annonce vendredi 3 octobre le pr\u00e9sident \u00e9cologiste de la M\u00e9tropole <a href=\"https:\/\/actu.fr\/tag\/bruno-bernard\" target=\"_blank\" rel=\"noopener\">Bruno Bernard<\/a>.<\/p>\n<p class=\" wall-content\">Sollicit\u00e9e en ao\u00fbt par la r\u00e9daction sur ce m\u00eame sujet, apr\u00e8s une demande publique de <a href=\"https:\/\/actu.fr\/auvergne-rhone-alpes\/lyon_69123\/municipales-a-lyon-pierre-oliver-candidat-anti-doucet-il-faut-arreter-de-bunkeriser-la-presqu-ile_63075258.html\" target=\"_blank\" rel=\"noopener\">Pierre Oliver<\/a>, la collectivit\u00e9 avait rejet\u00e9 toute volont\u00e9 de bridage de la vitesse. \u00ab\u00a0Chacun doit rester ma\u00eetre de son v\u00e9hicule et rouler en fonction de l\u2019affluence pour ne pas g\u00eaner les pi\u00e9tons\u00a0\u00bb, disait-elle.<\/p>\n<p class=\" wall-content\">Concernant l\u2019exp\u00e9rimentation \u00e0 venir, la M\u00e9tropole nous a indiqu\u00e9 ne pas \u00eatre en mesure de donner plus de d\u00e9tails. Elle confirme juste avoir fait sa demande \u00e0 JC Decaux qui est en cours d\u2019\u00e9tude.<\/p>\n<p>Votre r\u00e9gion, votre actu !<\/p>\n<p>Recevez chaque jour les infos qui comptent pour vous.<\/p>\n<p>\t<a href=\"https:\/\/actu.fr\/newsletter\" class=\"ac-btn ac-btn--corner ac-btn--medium ac-btn--blue800\" target=\"_blank\" rel=\"noopener\">S&rsquo;incrire<\/a><br \/>\nLes rues de la R\u00e9publique et Victor-Hugo inqui\u00e8tent<\/p>\n<p class=\" wall-content\">Au conseil municipal de Lyon lundi, Pierre Oliver (LR, soutien de Jean-Michel Aulas) interpellait les \u00e9lus face \u00e0 ce ph\u00e9nom\u00e8ne de vitesse excessive. L\u2019adjoint au maire en charge des mobilit\u00e9s Valentin Lungenstrass lui a r\u00e9pondu que la Ville a demand\u00e9 \u00ab\u00a0d\u2019ajouter de la signal\u00e9tique notamment sur les axes Victor-Hugo et R\u00e9publique\u00a0\u00bb pour \u00ab\u00a0indiquer quelles sont les r\u00e8gles pour l\u2019usage des v\u00e9los et des trottinettes\u00a0\u00bb.<\/p>\n<p class=\" wall-content\">Le syst\u00e8me de bridage de la vitesse dans les aires pi\u00e9tonnes existe d\u00e9j\u00e0 depuis plusieurs ann\u00e9es sur les trottinettes en libre-service des op\u00e9rateurs priv\u00e9s.\u00a0<\/p>\n<p class=\" wall-content\">\u00c0 noter que le v\u00e9lo est d\u00e9j\u00e0 dot\u00e9 d\u2019un bridage \u00e0 20 km\/h. Cette limitation de vitesse est mise en place pour tous les utilisateurs occasionnels et limit\u00e9e au premier mois d\u2019utilisation pour les abonn\u00e9s. \u00c0 l\u2019issue de cette p\u00e9riode, la vitesse monte \u00e0 25 km\/h, la vitesse maximale autoris\u00e9e.<\/p>\n<p class=\" wall-content\">Personnalisez votre actualit\u00e9 en ajoutant vos villes et m\u00e9dias en favori avec <a href=\"https:\/\/moncompte.actu.fr\" title=\"D\u00e9couvez Mon Actu\" rel=\"nofollow noopener\" data-trk=\"{&quot;cta&quot;:{&quot;action&quot;:&quot;https:\\\/\\\/moncompte.actu.fr&quot;,&quot;category&quot;:&quot;mon compte&quot;,&quot;from&quot;:&quot;article footer&quot;,&quot;name&quot;:&quot;Mon actu&quot;,&quot;type&quot;:&quot;cta&quot;}}\" target=\"_blank\">Mon Actu<\/a>.<\/p>\n","protected":false},"excerpt":{"rendered":"Par Nicolas Zaugra Publi\u00e9 le 5 oct. 2025 \u00e0 6h20 Les utilisateurs de V\u00e9lo\u2019v \u00e9lectriques verts, pouvant aller&hellip;\n","protected":false},"author":2,"featured_media":440033,"comment_status":"","ping_status":"","sticky":false,"template":"","format":"standard","meta":{"footnotes":""},"categories":[1889],"tags":[1111,11,2430,1777,674,1011,27,2428,12,4798,25,104,11091],"class_list":{"0":"post-440032","1":"post","2":"type-post","3":"status-publish","4":"format-standard","5":"has-post-thumbnail","7":"category-lyon","8":"tag-actu","9":"tag-actualites","10":"tag-auvergne-rhone-alpes","11":"tag-eu","12":"tag-europe","13":"tag-fr","14":"tag-france","15":"tag-lyon","16":"tag-news","17":"tag-pistes-cyclables","18":"tag-republique-francaise","19":"tag-societe","20":"tag-velov"},"share_on_mastodon":{"url":"https:\/\/pubeurope.com\/@fr\/115319703202888809","error":""},"_links":{"self":[{"href":"https:\/\/www.europesays.com\/fr\/wp-json\/wp\/v2\/posts\/440032","targetHints":{"allow":["GET"]}}],"collection":[{"href":"https:\/\/www.europesays.com\/fr\/wp-json\/wp\/v2\/posts"}],"about":[{"href":"https:\/\/www.europesays.com\/fr\/wp-json\/wp\/v2\/types\/post"}],"author":[{"embeddable":true,"href":"https:\/\/www.europesays.com\/fr\/wp-json\/wp\/v2\/users\/2"}],"replies":[{"embeddable":true,"href":"https:\/\/www.europesays.com\/fr\/wp-json\/wp\/v2\/comments?post=440032"}],"version-history":[{"count":0,"href":"https:\/\/www.europesays.com\/fr\/wp-json\/wp\/v2\/posts\/440032\/revisions"}],"wp:featuredmedia":[{"embeddable":true,"href":"https:\/\/www.europesays.com\/fr\/wp-json\/wp\/v2\/media\/440033"}],"wp:attachment":[{"href":"https:\/\/www.europesays.com\/fr\/wp-json\/wp\/v2\/media?parent=440032"}],"wp:term":[{"taxonomy":"category","embeddable":true,"href":"https:\/\/www.europesays.com\/fr\/wp-json\/wp\/v2\/categories?post=440032"},{"taxonomy":"post_tag","embeddable":true,"href":"https:\/\/www.europesays.com\/fr\/wp-json\/wp\/v2\/tags?post=440032"}],"curies":[{"name":"wp","href":"https:\/\/api.w.org\/{rel}","templated":true}]}}