{"id":440034,"date":"2025-10-05T04:36:16","date_gmt":"2025-10-05T04:36:16","guid":{"rendered":"https:\/\/www.europesays.com\/fr\/440034\/"},"modified":"2025-10-05T04:36:16","modified_gmt":"2025-10-05T04:36:16","slug":"le-boom-de-la-rando-ces-jeunes-qui-sevadent-de-paris-grace-au-pass-navigo","status":"publish","type":"post","link":"https:\/\/www.europesays.com\/fr\/440034\/","title":{"rendered":"le boom de la rando, ces jeunes qui s&rsquo;\u00e9vadent de Paris gr\u00e2ce au Pass Navigo"},"content":{"rendered":"<p class=\"article__intro\">Longtemps associ\u00e9e aux retrait\u00e9s, la randonn\u00e9e conna\u00eet un v\u00e9ritable engouement aupr\u00e8s des jeunes adultes en \u00cele-de-France. Ce ph\u00e9nom\u00e8ne, accentu\u00e9 par les confinements, r\u00e9pond \u00e0 un besoin urgent de s&rsquo;\u00e9loigner de la ville. Plus qu&rsquo;une balade bucolique, marcher 25 kilom\u00e8tres est per\u00e7u par cette g\u00e9n\u00e9ration comme un d\u00e9fi physique et mental.\u00a0<\/p>\n<p>\n      L\u2019actu des r\u00e9gions\n    <\/p>\n<p>\n      Chaque jour, un tour d\u2019horizon des principales infos de toutes les r\u00e9gions.\n    <\/p>\n<p>    France T\u00e9l\u00e9visions utilise votre adresse e-mail afin de vous envoyer la newsletter \u00ab\u00a0L\u2019actu des r\u00e9gions\u00a0\u00bb. Vous pouvez vous d\u00e9sinscrire \u00e0 tout moment via le lien en bas de cette newsletter. <a target=\"_blank\" href=\"https:\/\/www.francetelevisions.fr\/groupe\/confidentialite\/politique-de-confidentialite\/politique-de-confidentialite-de-france-televisions-6503\" rel=\"nofollow noopener\">Notre politique de confidentialit\u00e9<\/a><\/p>\n<p>\u00c0 la sortie de la gare de Rosny-sur-Seine dans les Yvelines, les trentenaires sont nombreux parmi la centaine de randonneurs qui descendent du TER en provenance de Paris. Rendez-vous leur a \u00e9t\u00e9 donn\u00e9 en ce dimanche matin pour d\u00e9couvrir les m\u00e9andres de la Seine dans le Vexin francilien \u00e0 la limite de la Normandie. Pour cette nouvelle g\u00e9n\u00e9ration de marcheurs, la randonn\u00e9e est synonyme de challenge physique. Antony Loeuk, Directeur cr\u00e9ation de 35 ans, avoue que la notion de d\u00e9fi a \u00e9t\u00e9 un moteur pour se lancer sur un parcours de 25 km : \u00ab\u00a0On a l&rsquo;impression que c&rsquo;est facile surtout quand on parle de marche, mais ce n&rsquo;est pas si \u00e9vident que \u00e7a.\u00a0\u00bb<\/p>\n<p>L&rsquo;effort est bien r\u00e9el et mesurable. Antony Loeuk t\u00e9moigne de l&rsquo;intensit\u00e9 de certaines mont\u00e9es : \u00ab\u00a0Moi, je suis mont\u00e9 \u00e0 160 battements par minute. Donc en fait, il y a quand m\u00eame un petit effort \u00e0 fournir.\u00a0\u00bb Le seuil des 25 kilom\u00e8tres, comme celui qui relie Rosny-sur-Seine \u00e0 Vernon-Giverny, est per\u00e7u comme \u00ab\u00a0une esp\u00e8ce de barre \u00e0 franchir\u00a0\u00bb. Sa compagne Lara Martin, Responsable marketing international de 31 ans, confirme que c&rsquo;est un d\u00e9fi pour le couple : \u00ab\u00a0C&rsquo;est aussi un challenge pour nous de pouvoir \u00e0 d\u00e9couvrir d&rsquo;autres choses, voir si on tient le coup sur 25 km.\u00a0\u00bb<\/p>\n<p><a data-article-figure=\"\" href=\"https:\/\/france3-regions.franceinfo.fr\/image\/2j7rnADH3SExYCOvWXfV1ME2AOc\/1200x1186\/regions\/2025\/10\/02\/carte-3-un-fleuve-entre-idf-et-normandie-vf-e1753349627633-68de5a3e4386d386000403.png\" data-pswp-width=\"1200\" data-pswp-height=\"1186\" target=\"_blank\" rel=\"nofollow noopener\"><\/p>\n<p>          <img width=\"600\" height=\"400\" class=\"article-image lazy\" data-src=\"https:\/\/www.europesays.com\/fr\/wp-content\/uploads\/2025\/10\/carte-3-un-fleuve-entre-idf-et-normandie-vf-e1753349627633-68de5a3e4386d386000403.png\" alt=\"Randonn\u00e9e bucolique le long de la Seine entre l\u2019\u00cele-de-France et la Normandie\" fetchpriority=\"high\" as=\"image\"\/><\/p>\n<p>\n            Randonn\u00e9e bucolique le long de la Seine entre l\u2019\u00cele-de-France et la Normandie<br \/>\n                           \u2022<br \/>\n                                      \u00a9 Enlarge your Paris\n                      <\/p>\n<p><\/a><\/p>\n<p>Tous deux se sont inscrits \u00e0 la premi\u00e8re balade de la s\u00e9rie\u00a0\u00ab\u00a0<a href=\"https:\/\/www.enlargeyourparis.fr\/balades\/participez-au-cycle-de-paris-a-la-mer-au-fil-de-la-seine-cinq-microaventures-a-portee-de-train\" target=\"_blank\" rel=\"noopener noreferrer nofollow\" data-tooltip-url=\"https:\/\/www.enlargeyourparis.fr\/balades\/participez-au-cycle-de-paris-a-la-mer-au-fil-de-la-seine-cinq-microaventures-a-portee-de-train\">De Paris \u00e0 la mer au fil de la Seine<\/a>\u00ab\u00a0.\u00a0Organis\u00e9e par le site Enlarge Your Paris, en partenariat avec l\u2019Entente Axe Seine et la M\u00e9tropole du Grand Paris, le circuit invite \u00e0 franchir symboliquement la fronti\u00e8re entre l&rsquo;\u00cele-de-France et la Normandie, en suivant les m\u00e9andres du fleuve vers les paysages immortalis\u00e9s par Claude Monet \u00e0 Giverny. Au programme de cet automne, cinq micro-aventures p\u00e9destres d&rsquo;une vingtaine de kilom\u00e8tres de gare \u00e0 gare, jusqu&rsquo;au final du Havre.<\/p>\n<p>Le d\u00e9fi des 25 kilom\u00e8tres : un effort loin d&rsquo;\u00eatre anodin\u00a0<\/p>\n<p>Si l&rsquo;image de la randonn\u00e9e \u00e9voque encore pour beaucoup des personnes \u00e0 cheveux blancs, la r\u00e9alit\u00e9 du terrain est en pleine mutation. Un boom de la randonn\u00e9e chez les moins de 30 ans, qui est absolument incroyable, est observ\u00e9, transformant la marche en un v\u00e9ritable ph\u00e9nom\u00e8ne de soci\u00e9t\u00e9. Loin d&rsquo;\u00eatre r\u00e9serv\u00e9e aux s\u00e9niors, la randonn\u00e9e est d\u00e9sormais un sport qui est aussi accessible \u00e0 tout le monde, attirant de plus en plus de jeunes adultes en qu\u00eate d\u2019\u00e9vasion et de d\u00e9fi personnel.<\/p>\n<p><a data-article-figure=\"\" href=\"https:\/\/france3-regions.franceinfo.fr\/image\/l-M445Z85_u5E5O1HG7AckbsVvA\/1206x2117\/regions\/2025\/10\/02\/lara-et-68de85e9b74c6531218848.jpg\" data-pswp-width=\"1206\" data-pswp-height=\"2117\" target=\"_blank\" rel=\"nofollow noopener\"><\/p>\n<p>          <img width=\"600\" height=\"400\" class=\"article-image lazy\" data-src=\"https:\/\/www.europesays.com\/fr\/wp-content\/uploads\/2025\/10\/lara-et-68de85e9b74c6531218848.jpg\" alt=\"Lara Martin (31 ans) et son compagnon Antony Loeuk (35 ans) lors de leur toute premi\u00e8re randonn\u00e9e sur les boucles de la Seine\" fetchpriority=\"high\" as=\"image\"\/><\/p>\n<p>\n            Lara Martin (31 ans) et son compagnon Antony Loeuk (35 ans) lors de leur toute premi\u00e8re randonn\u00e9e sur les boucles de la Seine<br \/>\n                           \u2022<br \/>\n                                      \u00a9 Didier Morel : France 3 Paris IDF\n                      <\/p>\n<p><\/a><\/p>\n<p>Au-del\u00e0 de l&rsquo;effort, l&rsquo;envie de d\u00e9couvrir des nouveaux paysages. L&rsquo;itin\u00e9raire bucolique le long de la Seine, par exemple, permet de traverser la fronti\u00e8re entre l&rsquo;\u00cele-de-France et la Normandie, offrant un calme remarquable, \u00ab\u00a0le tout dans un d\u00e9cor de champs, de for\u00eats et de panoramas de cartes postales\u00a0\u00bb promettent les organisateurs.<\/p>\n<blockquote class=\"ftvi_content_quote\">\n<p class=\"ftvi_citation_quote\">C&rsquo;est certain, il est inutile d&rsquo;attendre d&rsquo;avoir des cheveux blancs pour commencer la rando. La marche ce n&rsquo;est pas que pour les s\u00e9niors, c&rsquo;est aussi pour les jeunes !<\/p>\n<p>Cl\u00e9ment Lhommeau, cofondateur de Helloways<\/p><\/blockquote>\n<p>Du confinement \u00e0 l&rsquo;influence : la rando devient \u00ab\u00a0obligatoire\u00a0\u00bb\u00a0<\/p>\n<p>Ce regain d&rsquo;int\u00e9r\u00eat s&rsquo;ancre dans la p\u00e9riode du Covid et des confinements (2020-2021). Vianney Delourme, cofondateur du <a>site Enlarge Your Paris<\/a>, insiste sur la n\u00e9cessit\u00e9 de s&rsquo;\u00e9vader : \u00ab\u00a0La randonn\u00e9e, c&rsquo;est une n\u00e9cessit\u00e9 pour tous les \u00e2ges. C&rsquo;est obligatoire de se barrer de la ville.\u00a0\u00bb Il ajoute que cette prise de conscience se fait \u00ab\u00a0lorsqu\u2019on \u00e9touffe en ville et qu&rsquo;on a besoin de voir des espaces verts pour se sentir bien\u00a0\u00bb.<\/p>\n<p>Heureusement, l&rsquo;\u00e9vasion est rendue \u00ab\u00a0super accessible\u00a0\u00bb gr\u00e2ce au r\u00e9seau de transport en commun en \u00cele-de-France. Enlarge Your Paris parle depuis dix ans de l&rsquo;utilisation du Pass Navigo pour la randonn\u00e9e, et le Navigo, associ\u00e9 au confinement, a fait de la randonn\u00e9e \u00ab\u00a0un truc tr\u00e8s partag\u00e9\u00a0\u00bb. Certains parcours, comme celui entre Rosny-sur-Seine et Vernon, sont accessibles en train, m\u00eame si les marcheurs doivent faire attention \u00e0 la validit\u00e9 du pass Navigo au-del\u00e0 de la derni\u00e8re gare francilienne.<\/p>\n<p>L&rsquo;accessibilit\u00e9 est aussi amplifi\u00e9e par la viralit\u00e9 en ligne. Les r\u00e9seaux sociaux ont tout chang\u00e9, avec de plus en plus d&rsquo;influenceurs de randonn\u00e9e, de m\u00e9dias qui partagent des itin\u00e9raires. Ces images de balade \u00ab\u00a0\u00e0 1h de Paris\u00a0\u00bb transforment l&rsquo;\u00cele-de-France en un lieu o\u00f9 on pouvait s&rsquo;\u00e9vader, respirer, marcher sans le quitter.<\/p>\n<p>Parmi les pionni\u00e8res, Candice Poitrey. La jeune marcheuse a sillonn\u00e9 <a href=\"https:\/\/france3-regions.franceinfo.fr\/paris-ile-de-france\/paris\/grand-paris\/se-mettre-au-vert-trois-facons-differentes-de-randonner-avec-un-pass-navigo-dans-le-grand-paris-2210989.html\" target=\"_blank\" rel=\"noopener noreferrer nofollow\" data-tooltip-url=\"https:\/\/france3-regions.franceinfo.fr\/paris-ile-de-france\/paris\/grand-paris\/se-mettre-au-vert-trois-facons-differentes-de-randonner-avec-un-pass-navigo-dans-le-grand-paris-2210989.html\">le GR1, un sentier qui fait le tour de l\u2019\u00cele-de-France<\/a>, soit 550 km. \u00ab\u00a0C\u2019est un sentier balis\u00e9 qui a la particularit\u00e9 d\u2019\u00eatre d\u00e9coup\u00e9 de gare \u00e0 gare et de nous offrir 20 randos d\u2019une journ\u00e9e accessibles en RER, Transilien ou TER.\u00a0\u00bb Avec <a href=\"https:\/\/randonneeautourdeparis.com\/\" target=\"_blank\" rel=\"noopener noreferrer nofollow\" data-tooltip-url=\"https:\/\/randonneeautourdeparis.com\/\">la publication sur les r\u00e9seaux de son p\u00e9riple<\/a>, la trentenaire a permis de d\u00e9velopper un imaginaire qui n\u2019existait pas jusque-l\u00e0 pour beaucoup de gens.<\/p>\n<p>Rapidement d&rsquo;autres trentenaires ont amplifi\u00e9 le ph\u00e9nom\u00e8me en d\u00e9frichant des itin\u00e9raires comme la <a href=\"https:\/\/france3-regions.franceinfo.fr\/paris-ile-de-france\/val-d-oise\/idee-sortie-grande-traversee-epte-1860876.html\" target=\"_blank\" rel=\"noopener noreferrer nofollow\" data-tooltip-url=\"https:\/\/france3-regions.franceinfo.fr\/paris-ile-de-france\/val-d-oise\/idee-sortie-grande-traversee-epte-1860876.html\">micro-aventure de la travers\u00e9e de l&rsquo;Epte<\/a> et en cr\u00e9ant un site Helloways. Pour Cl\u00e9ment Lhommeau, son cofondateur : \u00ab\u00a0\u201cla marche ce n&rsquo;est pas que pour les personnes \u00e2g\u00e9es, les seniors, c&rsquo;est aussi pour les jeunes. Je pense particuli\u00e8rement en \u00cele-de-France o\u00f9 on a un r\u00e9seau de transports en commun qui permet \u00e0 des gens qui n&rsquo;ont pas forc\u00e9ment de voiture d&rsquo;acc\u00e9der \u00e0 des espaces naturels comme celui-l\u00e0. En randonn\u00e9e, on se calme, on est lent et on prend un peu de temps pour soi.\u201d\u00a0\u00a0<\/p>\n<p>Un ph\u00e9nom\u00e8ne \u00e0 consolider\u00a0<\/p>\n<p>Le boom est confirm\u00e9 par les chiffres. La F\u00e9d\u00e9ration fran\u00e7aise de randonn\u00e9e p\u00e9destre a bien compris le ph\u00e9nom\u00e8ne. Son pr\u00e9sident Fr\u00e9d\u00e9ric Montoya explique : \u00ab\u00a0En 2020, on comptait 27 millions de pratiquants occasionnels. Aujourd&rsquo;hui, on est \u00e0 30 millions dont 5 millions de r\u00e9guliers. La France, c&rsquo;est 227 000 km de sentiers balis\u00e9s, les fameux GR.\u00a0\u00bb Avec plus de 8 000 km en Ile-de-France.<\/p>\n<p>\u00c0 lire \u00e9galement : <a>De la Manche \u00e0 la source de la Seine, une marcheuse en solitaire<\/a><\/p>\n<p>Ce nouvel engouement, bien qu&rsquo;agr\u00e9able \u00e0 observer, soul\u00e8ve de nouveaux d\u00e9fis soci\u00e9taux. Vianney Delourme souligne qu&rsquo;il faut d\u00e9sormais \u00ab\u00a0r\u00e9fl\u00e9chir \u00e0 des mani\u00e8res d&rsquo;ouvrir des nouveaux sentiers de continuer \u00e0 les entretenir aussi\u00a0\u00bb. Cet entretien demande \u00ab\u00a0beaucoup de boulot, \u00e7a demande de l&rsquo;argent et beaucoup de b\u00e9n\u00e9voles\u00a0\u00bb.<\/p>\n<\/p>\n<p>Pour ceux qui h\u00e9sitent encore, la randonn\u00e9e est aussi excellente pour la sant\u00e9, favorisant le renforcement musculaire et osseux et la d\u00e9pense calorique. Comme le rappelle Lara Martin : \u00ab\u00a0On met ses baskets, peu importe l&rsquo;\u00e2ge, et en plus c&rsquo;est gratuit\u00a0\u00bb. Le plus dur est souvent de se lancer, surtout un dimanche matin o\u00f9 l&rsquo;on est parfois \u00ab\u00a0un peu ronchon\u00a0\u00bb. Mais, la trentenaire confirme : \u00ab\u00a0Une fois lanc\u00e9, \u00e7a vaut vraiment la peine\u00a0\u00bb.<\/p>\n","protected":false},"excerpt":{"rendered":"Longtemps associ\u00e9e aux retrait\u00e9s, la randonn\u00e9e conna\u00eet un v\u00e9ritable engouement aupr\u00e8s des jeunes adultes en \u00cele-de-France. Ce ph\u00e9nom\u00e8ne,&hellip;\n","protected":false},"author":2,"featured_media":440035,"comment_status":"","ping_status":"","sticky":false,"template":"","format":"standard","meta":{"footnotes":""},"categories":[1592],"tags":[1111,11,1777,674,1011,27,662,12,626,25],"class_list":{"0":"post-440034","1":"post","2":"type-post","3":"status-publish","4":"format-standard","5":"has-post-thumbnail","7":"category-ile-de-france","8":"tag-actu","9":"tag-actualites","10":"tag-eu","11":"tag-europe","12":"tag-fr","13":"tag-france","14":"tag-ile-de-france","15":"tag-news","16":"tag-paris","17":"tag-republique-francaise"},"share_on_mastodon":{"url":"https:\/\/pubeurope.com\/@fr\/115319706934328177","error":""},"_links":{"self":[{"href":"https:\/\/www.europesays.com\/fr\/wp-json\/wp\/v2\/posts\/440034","targetHints":{"allow":["GET"]}}],"collection":[{"href":"https:\/\/www.europesays.com\/fr\/wp-json\/wp\/v2\/posts"}],"about":[{"href":"https:\/\/www.europesays.com\/fr\/wp-json\/wp\/v2\/types\/post"}],"author":[{"embeddable":true,"href":"https:\/\/www.europesays.com\/fr\/wp-json\/wp\/v2\/users\/2"}],"replies":[{"embeddable":true,"href":"https:\/\/www.europesays.com\/fr\/wp-json\/wp\/v2\/comments?post=440034"}],"version-history":[{"count":0,"href":"https:\/\/www.europesays.com\/fr\/wp-json\/wp\/v2\/posts\/440034\/revisions"}],"wp:featuredmedia":[{"embeddable":true,"href":"https:\/\/www.europesays.com\/fr\/wp-json\/wp\/v2\/media\/440035"}],"wp:attachment":[{"href":"https:\/\/www.europesays.com\/fr\/wp-json\/wp\/v2\/media?parent=440034"}],"wp:term":[{"taxonomy":"category","embeddable":true,"href":"https:\/\/www.europesays.com\/fr\/wp-json\/wp\/v2\/categories?post=440034"},{"taxonomy":"post_tag","embeddable":true,"href":"https:\/\/www.europesays.com\/fr\/wp-json\/wp\/v2\/tags?post=440034"}],"curies":[{"name":"wp","href":"https:\/\/api.w.org\/{rel}","templated":true}]}}