{"id":440036,"date":"2025-10-05T04:39:14","date_gmt":"2025-10-05T04:39:14","guid":{"rendered":"https:\/\/www.europesays.com\/fr\/440036\/"},"modified":"2025-10-05T04:39:14","modified_gmt":"2025-10-05T04:39:14","slug":"le-lourd-bilan-apres-le-passage-de-la-tempete-amy-en-ecosse-et-norvege","status":"publish","type":"post","link":"https:\/\/www.europesays.com\/fr\/440036\/","title":{"rendered":"le lourd bilan apr\u00e8s le passage de la temp\u00eate Amy en \u00c9cosse et Norv\u00e8ge"},"content":{"rendered":"<p>      lire plus tard<\/p>\n<p id=\"dialog__title\" class=\"dialog__title\">Pour sauvegarder cet article, connectez-vous ou cr\u00e9ez un compte franceinfo<\/p>\n<p class=\"dialog__description\">Sans paiement. Sans abonnement.<\/p>\n<p>        Fermer la fen\u00eatre d\u2019activation des notifications France Info<\/p>\n<p>      cr\u00e9er votre compte<\/p>\n<p>      se connecter<\/p>\n<p>        Fermer la fen\u00eatre de pr\u00e9sentation<\/p>\n<p>    Publi\u00e9 le 04\/10\/2025 20:54<\/p>\n<p>      Mis \u00e0 jour le 04\/10\/2025 21:05<\/p>\n<p>        Temps de lecture : 2min &#8211; vid\u00e9o : 2min<\/p>\n<p>    <img decoding=\"async\" class=\"francetv-player-wrapper__image\" alt=\"&quot;Notre toit s\u2019est retrouv\u00e9 dans notre jardin&quot; : le lourd bilan apr\u00e8s le passage de la temp\u00eate Amy en \u00c9cosse et Norv\u00e8ge\"  width=\"432\" height=\"243\" src=\"https:\/\/www.europesays.com\/fr\/wp-content\/uploads\/2025\/10\/notre-toit-s-est-retrouve-dans-notre-jardin-le-lourd-bilan-apres-le-passage-de-la-tempete-amy-en-eco.jpeg\" fetchpriority=\"high\"\/><\/p>\n<p>              \u00ab\u00a0Notre toit s\u2019est retrouv\u00e9 dans notre jardin\u00a0\u00bb : le lourd bilan apr\u00e8s le passage de la temp\u00eate Amy en \u00c9cosse et Norv\u00e8ge<br \/>\n                    (France 2)<\/p>\n<p>      2min<\/p>\n<p class=\"c-chapo \">\n  La temp\u00eate Amy touche \u00e0 sa fin en Europe de l&rsquo;Ouest. Cet \u00e9pisode a \u00e9t\u00e9 qualifi\u00e9 de \u201cbombe \u00e9cologique\u201d lors de son passage en Grande-Bretagne. L\u2019\u00c9cosse et l\u2019Irlande ont \u00e9t\u00e9 particuli\u00e8rement touch\u00e9es.\n<\/p>\n<p><strong>Ce texte correspond \u00e0 une partie de la retranscription du reportage ci-dessus. Cliquez sur la vid\u00e9o pour la regarder dans son int\u00e9gralit\u00e9.<\/strong><\/p>\n<p>Un tas de d\u00e9bris effondr\u00e9 sur une voiture. C&rsquo;est tout ce qu&rsquo;il reste d&rsquo;un immeuble abandonn\u00e9 \u00e0 Glasgow (\u00c9cosse) apr\u00e8s le passage de la <a href=\"https:\/\/www.franceinfo.fr\/environnement\/evenements-meteorologiques-extremes\/tempetes\/la-tempete-amy-frappe-la-grande-bretagne-des-vents-violents-attendus-en-france_7531606.html\" data-tooltip-url=\"https:\/\/www.franceinfo.fr\/environnement\/evenements-meteorologiques-extremes\/tempetes\/la-tempete-amy-frappe-la-grande-bretagne-des-vents-violents-attendus-en-france_7531606.html\" rel=\"nofollow noopener\" target=\"_blank\">temp\u00eate Amy<\/a>. Les rafales ont atteint 154 km\/h par endroits en \u00c9cosse. Ces arbres d\u00e9racin\u00e9s t\u00e9moignent de la puissance des vents. Pour secourir un randonneur surpris par la m\u00e9t\u00e9o, une \u00e9quipe de sauveteurs anglais a d\u00fb affronter la temp\u00eate pendant 5 heures. Difficile pour les avions d&rsquo;atterrir dans ces conditions, un vol venu d&rsquo;Italie a \u00e9t\u00e9 d\u00e9rout\u00e9 par deux fois avant de pouvoir enfin se poser plus au sud.<\/p>\n<p>La temp\u00eate Amy a d&rsquo;abord balay\u00e9 l&rsquo;Irlande vendredi 3 octobre au soir o\u00f9 elle a fait un mort. La mer d\u00e9cha\u00een\u00e9e a submerg\u00e9 les routes c\u00f4ti\u00e8res, engloutie des voitures. En plein trajet, un automobiliste filme cette chute d&rsquo;arbre, qui manque de peu un v\u00e9hicule. Une famille assiste, elle, impuissante, \u00e0 l&rsquo;envol de cette cabane pour enfants.<\/p>\n<p>En <a href=\"https:\/\/www.franceinfo.fr\/monde\/norvege\/\" data-tooltip-url=\"https:\/\/www.franceinfo.fr\/monde\/norvege\/\" rel=\"nofollow noopener\" target=\"_blank\">Norv\u00e8ge <\/a>aussi, le vent a fait des ravages. Cet autocar a fini sa course dans le bas-c\u00f4t\u00e9. Des toitures se sont envol\u00e9es, mais les Norv\u00e9giens le prennent avec philosophie. \u00ab\u00a0Ce matin, c&rsquo;est notre toit qui m&rsquo;a r\u00e9veill\u00e9e. Malheureusement, il n&rsquo;est plus l\u00e0. Il est dans notre jardin maintenant. On a \u00e9t\u00e9 tir\u00e9s du sommeil par un vacarme fou \u00e0 7 heures. 70 % du toit se trouvait dans le jardin\u00a0\u00bb, en rigole d\u00e9sormais une habitante.<\/p>\n<p>N\u00e9e dans le sillage d&rsquo;un ouragan, la temp\u00eate Amy est qualifi\u00e9e de \u00ab\u00a0bombe m\u00e9t\u00e9orologique\u00a0\u00bb. \u00ab\u00a0On parle de bombe m\u00e9t\u00e9orologique quand il s&rsquo;agit d&rsquo;une d\u00e9pression qui se creuse tr\u00e8s rapidement et qui se creuse vraiment de fa\u00e7on importante. \u00c7a a \u00e9t\u00e9 le cas l\u00e0\u00a0\u00bb, explique Pierre Huat, m\u00e9t\u00e9orologue pour Weather Solutions.<\/p>\n<p>C&rsquo;est la premi\u00e8re temp\u00eate de la saison en Europe. Elle a engendr\u00e9 de nombreux d\u00e9g\u00e2ts mat\u00e9riels et priv\u00e9 des milliers de foyers d&rsquo;\u00e9lectricit\u00e9.<\/p>\n<p class=\"related-tags__title\" role=\"heading\" aria-level=\"2\">les mots-cl\u00e9s associ\u00e9s \u00e0 cet article\n    <\/p>\n","protected":false},"excerpt":{"rendered":"lire plus tard Pour sauvegarder cet article, connectez-vous ou cr\u00e9ez un compte franceinfo Sans paiement. Sans abonnement. Fermer&hellip;\n","protected":false},"author":2,"featured_media":440037,"comment_status":"","ping_status":"","sticky":false,"template":"","format":"standard","meta":{"footnotes":""},"categories":[1888],"tags":[1111,1928,11,1927,1777,674,1011,27,12,1926,626,1925,25],"class_list":{"0":"post-440036","1":"post","2":"type-post","3":"status-publish","4":"format-standard","5":"has-post-thumbnail","7":"category-paris","8":"tag-actu","9":"tag-actu-paris","10":"tag-actualites","11":"tag-actualites-paris","12":"tag-eu","13":"tag-europe","14":"tag-fr","15":"tag-france","16":"tag-news","17":"tag-news-paris","18":"tag-paris","19":"tag-paris-news","20":"tag-republique-francaise"},"share_on_mastodon":{"url":"https:\/\/pubeurope.com\/@fr\/115319719183403273","error":""},"_links":{"self":[{"href":"https:\/\/www.europesays.com\/fr\/wp-json\/wp\/v2\/posts\/440036","targetHints":{"allow":["GET"]}}],"collection":[{"href":"https:\/\/www.europesays.com\/fr\/wp-json\/wp\/v2\/posts"}],"about":[{"href":"https:\/\/www.europesays.com\/fr\/wp-json\/wp\/v2\/types\/post"}],"author":[{"embeddable":true,"href":"https:\/\/www.europesays.com\/fr\/wp-json\/wp\/v2\/users\/2"}],"replies":[{"embeddable":true,"href":"https:\/\/www.europesays.com\/fr\/wp-json\/wp\/v2\/comments?post=440036"}],"version-history":[{"count":0,"href":"https:\/\/www.europesays.com\/fr\/wp-json\/wp\/v2\/posts\/440036\/revisions"}],"wp:featuredmedia":[{"embeddable":true,"href":"https:\/\/www.europesays.com\/fr\/wp-json\/wp\/v2\/media\/440037"}],"wp:attachment":[{"href":"https:\/\/www.europesays.com\/fr\/wp-json\/wp\/v2\/media?parent=440036"}],"wp:term":[{"taxonomy":"category","embeddable":true,"href":"https:\/\/www.europesays.com\/fr\/wp-json\/wp\/v2\/categories?post=440036"},{"taxonomy":"post_tag","embeddable":true,"href":"https:\/\/www.europesays.com\/fr\/wp-json\/wp\/v2\/tags?post=440036"}],"curies":[{"name":"wp","href":"https:\/\/api.w.org\/{rel}","templated":true}]}}