{"id":440048,"date":"2025-10-05T04:45:16","date_gmt":"2025-10-05T04:45:16","guid":{"rendered":"https:\/\/www.europesays.com\/fr\/440048\/"},"modified":"2025-10-05T04:45:16","modified_gmt":"2025-10-05T04:45:16","slug":"donald-trump-declare-la-guerre-aux-antifas-a-portland","status":"publish","type":"post","link":"https:\/\/www.europesays.com\/fr\/440048\/","title":{"rendered":"Donald Trump d\u00e9clare la guerre aux antifas \u00e0 Portland"},"content":{"rendered":"<p>Derri\u00e8re ses fa\u00e7ades soign\u00e9es et ses terrasses bobo, Portland a bascul\u00e9 dans une bataille de rue. Depuis une semaine, la plus grande ville de l\u2019Oregon, dans l\u2019ouest du pays, vit une sorte de petite guerre civile que les \u00c9tats-Unis regardent en direct \u00e0 la t\u00e9l\u00e9. Un affrontement entre une Am\u00e9rique radicale, urbaine, port\u00e9e par la gauche universitaire et les groupuscules anarchistes, et l\u2019administration f\u00e9d\u00e9rale, d\u00e9cid\u00e9e \u00e0 solder les comptes du premier mandat <a href=\"https:\/\/www.lejdd.fr\/Donald-Trump\" target=\"_blank\" rel=\"nofollow noopener\">Trump <\/a>en brisant les antifas, quitte \u00e0 envoyer les troupes. Les images tournent en boucle sur Fox\u00a0News\u00a0: soldats f\u00e9d\u00e9raux d\u00e9ploy\u00e9s, manifestants masqu\u00e9s, flammes sur fond de drapeaux noirs. Trump n\u2019attendait que ce th\u00e9\u00e2tre d\u2019ombres pour incarner son credo\u00a0: \u00ab\u00a0Law and order\u00a0\u00bb, \u00ab\u00a0La loi et l\u2019ordre\u00a0\u00bb. Apr\u00e8s <a href=\"https:\/\/www.lejdd.fr\/International\/etats-unis-charlie-kirk-martyr-de-la-haine-dultragauche-161851\" target=\"_blank\" rel=\"nofollow noopener\">Charlie Kirk, devenu martyr conservateur<\/a>, Portland sert d\u2019\u00e9cran g\u00e9ant \u00e0 cette revanche.<\/p>\n<p>Ce n\u2019est pas un hasard si cette guerre ouverte \u00e9clate ici. Portland, capitale autoproclam\u00e9e des antifas, est davantage qu\u2019une ville. C\u2019est un manifeste. Sur le papier, c\u2019est une belle cit\u00e9 bourgeoise du Pacifique, prosp\u00e8re, blanche et verte, o\u00f9 l\u2019on p\u00e9dale en buvant son latte. Dans la r\u00e9alit\u00e9, c\u2019est un laboratoire de l\u2019antitrumpisme, vitrine en carton-p\u00e2te de la gauche. C\u2019est ici, en 2020, que les black blocs ont \u00e9lu domicile, transformant les nuits en gu\u00e9rilla urbaine. Ici, encore, que les antifas s\u2019organisent contre \u00ab\u00a0l\u2019Am\u00e9rique fasciste\u00a0\u00bb, faisant de Portland la\u00a0Mecque mondiale des activistes en cagoule.<\/p>\n<p>Min\u00e9e par l\u2019anomie sociale<\/p>\n<p>Promenez-vous aujourd\u2019hui dans le centre\u00a0: l\u2019odeur de cannabis saute au visage. Pas un coin de rue sans sa bouff\u00e9e de fum\u00e9e, tol\u00e9r\u00e9e, b\u00e9nie, presque revendiqu\u00e9e. \u00c0 deux pas, des clochards en grappes, allong\u00e9s devant les vitrines des microbrasseries. Des tentes s\u2019entassent sous les passerelles, les bidonvilles tol\u00e9r\u00e9s au nom d\u2019une compassion devenue politique municipale. Voil\u00e0 le paradoxe\u00a0: une ville riche, satur\u00e9e de start-up et de lofts clinquants, mais min\u00e9e par l\u2019anomie sociale.<\/p>\n<p>La mort de Charlie Kirk, le 10\u00a0septembre, figure montante du conservatisme am\u00e9ricain, a servi de catalyseur. Si Floyd a \u00e9t\u00e9 le d\u00e9clencheur des \u00e9meutes de 2020, Kirk est celui de la contre-offensive trumpienne. La diff\u00e9rence\u00a0? Les \u00e9meutes n\u2019ont pas \u00e9clat\u00e9 du c\u00f4t\u00e9 des partisans de Kirk. Elles sont dans la rue, mais sous la banni\u00e8re noire des antifas, qui multiplient les rassemblements devant les centres de l\u2019ICE (l\u2019agence de l\u2019immigration), accus\u00e9e d\u2019\u00ab\u00a0incarner la violence d\u2019\u00c9tat\u00a0\u00bb.<\/p>\n<p>Trump a saisi l\u2019occasion. Le 22\u00a0septembre, dans un d\u00e9cret martel\u00e9 en direct \u00e0 la t\u00e9l\u00e9vision, il a frapp\u00e9 fort\u00a0: les antifas sont d\u00e9sormais class\u00e9s \u00ab\u00a0organisation terroriste domestique\u00a0\u00bb \u2013 une premi\u00e8re dans l\u2019histoire am\u00e9ricaine. Les avocats de la c\u00f4te Est grincent des dents, rappelant qu\u2019aucun cadre l\u00e9gal n\u2019existe pour transformer une mouvance id\u00e9ologique \u00e9clat\u00e9e en \u00ab\u00a0groupe terroriste\u00a0\u00bb. Mais Trump ne s\u2019encombre pas de subtilit\u00e9s. Pour lui, \u00ab\u00a0ce sont des terroristes\u00a0\u00bb qu\u2019il s\u2019agit de combattre \u00ab\u00a0avec une force totale, si n\u00e9cessaire\u00a0\u00bb.<\/p>\n<p>    La suite apr\u00e8s cette publicit\u00e9<\/p>\n<p>Le pr\u00e9sident a ordonn\u00e9 le d\u00e9ploiement de 200\u00a0gardes nationaux \u00e0 Portland, sous commandement f\u00e9d\u00e9ral, pour soixante jours. Le Pentagone a suivi, malgr\u00e9 les protestations des autorit\u00e9s locales. Gouverneur d\u00e9mocrate, procureurs, \u00e9lus municipaux\u00a0: tous d\u00e9noncent une \u00ab\u00a0occupation ill\u00e9gale\u00a0\u00bb de l\u2019Oregon par Washington. L\u2019\u00c9tat a m\u00eame d\u00e9pos\u00e9 plainte. \u00ab\u00a0Portland g\u00e8re ses affaires\u00a0\u00bb, plaide le maire Keith Wilson. R\u00e9ponse de Trump\u00a0: \u00ab\u00a0Portland est ravag\u00e9e par la guerre.\u00a0\u00bb Sous-entendu, par celle men\u00e9e par les anarchistes.<\/p>\n<blockquote class=\"exergue\">\n<p>Cette fois, la Maison-Blanche ne se contente pas de discours<\/p>\n<\/blockquote>\n<p>Derri\u00e8re l\u2019image d\u2019\u00c9pinal d\u2019une ville tranquille, avec ses march\u00e9s paysans, Portland s\u2019enfonce dans un cocktail de violence et de stup\u00e9fiants. D\u2019apr\u00e8s la division des services strat\u00e9giques du bureau de police de Portland, cit\u00e9e par\u00a0Time, certains indicateurs ont explos\u00e9 en \u00e0 peine un an. Dans la ville, les enl\u00e8vements et les rapts ont bondi d\u2019environ 50\u00a0%. Les incendies criminels, eux, ont progress\u00e9 de 25\u00a0%. Quant aux d\u00e9lits li\u00e9s aux drogues, ils connaissent une v\u00e9ritable flamb\u00e9e\u00a0: +\u00a0226\u00a0% depuis le d\u00e9but de 2025. Sur le terrain, la pr\u00e9sence des militaires est visible. Patrouilles devant les centres f\u00e9d\u00e9raux, v\u00e9hicules blind\u00e9s dans certains quartiers sensibles, drones survolant les manifestations. Rien \u00e0 voir avec les \u00e9meutes de 2020. Cette fois, la Maison-Blanche ne se contente pas de discours.<\/p>\n<p>Le minist\u00e8re de la S\u00e9curit\u00e9 int\u00e9rieure (DHS) met en avant les violences\u00a0: jets de projectiles, lasers braqu\u00e9s sur les yeux des agents, tentatives d\u2019intrusion dans les b\u00e2timents de l\u2019ICE. Les vid\u00e9os circulent, reprises par Fox News et les m\u00e9dias proches de Trump. Les cha\u00eenes de gauche, elles, minimisent, parlent de \u00ab\u00a0quelques heurts\u00a0\u00bb et d\u2019une exag\u00e9ration pr\u00e9sidentielle. L\u2019Am\u00e9rique vit \u00e0 nouveau dans deux r\u00e9alit\u00e9s parall\u00e8les.<\/p>\n<p>Une strat\u00e9gie plus large<\/p>\n<p>\u00c0 Washington, l\u2019affaire d\u00e9passe le seul cadre s\u00e9curitaire. La guerre contre les antifas s\u2019inscrit dans une strat\u00e9gie plus large. Il s\u2019agit d\u2019asphyxier une gauche radicale jug\u00e9e complice de la d\u00e9sagr\u00e9gation du pays. Depuis sa r\u00e9\u00e9lection, Trump a repris un discours de \u00ab\u00a0restauration nationale\u00a0\u00bb. Selon lui, il existe une continuit\u00e9 entre les squats antifas de Portland, l\u2019immigration clandestine \u00e0 la fronti\u00e8re sud et la \u00ab\u00a0d\u00e9cadence morale\u00a0\u00bb des campus. Une m\u00eame bataille, men\u00e9e sur plusieurs fronts. Dans l\u2019Oregon, les manifestations anti-ICE rejoignent d\u2019ailleurs les slogans pro migrants. \u00ab\u00a0No borders, no nations\u00a0\u00bb, scandent les cort\u00e8ges. Exactement ce que Trump veut \u00e9radiquer.<\/p>\n<p>    <img decoding=\"async\" src=\"https:\/\/www.europesays.com\/fr\/wp-content\/uploads\/2025\/10\/portland-2020-abaca_737457_004.jpeg\" alt=\"Le palais de justice de la ville avait \u00e9t\u00e9 violemment attaqu\u00e9 durant les \u00e9meutes de 2020.\" loading=\"lazy\"\/><\/p>\n<p>\n      Le palais de justice de la ville avait \u00e9t\u00e9 violemment attaqu\u00e9 durant les \u00e9meutes de 2020.<\/p>\n<p>                ABACA<br \/>\n                      \/<br \/>\n                                \u00a9 Zuma<\/p>\n<p>L\u2019opinion est du c\u00f4t\u00e9 de Trump\u00a0: l\u2019Am\u00e9rique en a ras le bol. Assez des vitrines bris\u00e9es, des campements de drogu\u00e9s, des cort\u00e8ges masqu\u00e9s qui d\u00e9fient la police. Un sondage AP-NORC r\u00e9v\u00e8le que 53\u00a0% des Am\u00e9ricains approuvent d\u00e9sormais la mani\u00e8re dont le pr\u00e9sident g\u00e8re la criminalit\u00e9. Mieux\u00a0: 81\u00a0% consid\u00e8rent que la violence dans les grandes villes est devenue un probl\u00e8me \u00ab\u00a0majeur\u00a0\u00bb. Les \u00c9tats-Unis veulent de l\u2019ordre. L\u2019institut Gallup le confirme\u00a0: 58\u00a0% jugent le syst\u00e8me judiciaire, en effet, trop laxiste. Le pays r\u00e9clame le retour de la matraque. Et la bataille de Portland n\u2019est qu\u2019un d\u00e9but.<\/p>\n","protected":false},"excerpt":{"rendered":"Derri\u00e8re ses fa\u00e7ades soign\u00e9es et ses terrasses bobo, Portland a bascul\u00e9 dans une bataille de rue. Depuis une&hellip;\n","protected":false},"author":2,"featured_media":440049,"comment_status":"","ping_status":"","sticky":false,"template":"","format":"standard","meta":{"footnotes":""},"categories":[1589],"tags":[11,73,1866,12,1864,1865,1863,308],"class_list":{"0":"post-440048","1":"post","2":"type-post","3":"status-publish","4":"format-standard","5":"has-post-thumbnail","7":"category-etats-unis","8":"tag-actualites","9":"tag-etats-unis","10":"tag-etats-unis-damerique","11":"tag-news","12":"tag-united-states","13":"tag-united-states-of-america","14":"tag-us","15":"tag-usa"},"share_on_mastodon":{"url":"https:\/\/pubeurope.com\/@fr\/115319742742802101","error":""},"_links":{"self":[{"href":"https:\/\/www.europesays.com\/fr\/wp-json\/wp\/v2\/posts\/440048","targetHints":{"allow":["GET"]}}],"collection":[{"href":"https:\/\/www.europesays.com\/fr\/wp-json\/wp\/v2\/posts"}],"about":[{"href":"https:\/\/www.europesays.com\/fr\/wp-json\/wp\/v2\/types\/post"}],"author":[{"embeddable":true,"href":"https:\/\/www.europesays.com\/fr\/wp-json\/wp\/v2\/users\/2"}],"replies":[{"embeddable":true,"href":"https:\/\/www.europesays.com\/fr\/wp-json\/wp\/v2\/comments?post=440048"}],"version-history":[{"count":0,"href":"https:\/\/www.europesays.com\/fr\/wp-json\/wp\/v2\/posts\/440048\/revisions"}],"wp:featuredmedia":[{"embeddable":true,"href":"https:\/\/www.europesays.com\/fr\/wp-json\/wp\/v2\/media\/440049"}],"wp:attachment":[{"href":"https:\/\/www.europesays.com\/fr\/wp-json\/wp\/v2\/media?parent=440048"}],"wp:term":[{"taxonomy":"category","embeddable":true,"href":"https:\/\/www.europesays.com\/fr\/wp-json\/wp\/v2\/categories?post=440048"},{"taxonomy":"post_tag","embeddable":true,"href":"https:\/\/www.europesays.com\/fr\/wp-json\/wp\/v2\/tags?post=440048"}],"curies":[{"name":"wp","href":"https:\/\/api.w.org\/{rel}","templated":true}]}}