{"id":440052,"date":"2025-10-05T04:47:36","date_gmt":"2025-10-05T04:47:36","guid":{"rendered":"https:\/\/www.europesays.com\/fr\/440052\/"},"modified":"2025-10-05T04:47:36","modified_gmt":"2025-10-05T04:47:36","slug":"apres-une-nouvelle-alerte-aux-drones-le-trafic-reprend-a-laeroport-de-munich","status":"publish","type":"post","link":"https:\/\/www.europesays.com\/fr\/440052\/","title":{"rendered":"apr\u00e8s une nouvelle alerte aux drones, le trafic reprend \u00e0 l&rsquo;a\u00e9roport de Munich"},"content":{"rendered":"<p class=\"app_entry_lead\">\n<p>                    <a title=\"\u00a0\u00a9\u00a0IMAGO\/Enrique Kaczor\/SIPA (publi\u00e9e le 04\/10\/2025)\" href=\"https:\/\/www.europesays.com\/fr\/wp-content\/uploads\/2025\/10\/81062681.jpg\" class=\"fancy\"><\/p>\n<p>                            <img loading=\"lazy\" decoding=\"async\" src=\"https:\/\/www.europesays.com\/fr\/wp-content\/uploads\/2025\/10\/81062681.jpg\" alt=\"Allemagne\u00a0: apr\u00e8s une nouvelle alerte aux drones, le trafic reprend \u00e0 l'a\u00e9roport de Munich\" width=\"1500\" height=\"1003\"\/><\/p>\n<p>                    <\/a><\/p>\n<p>                Le trafic \u00e0 l&rsquo;a\u00e9roport de Munich reprend progressivement ce matin. Vendredi soir et pour la deuxi\u00e8me fois cette semaine, des survols de drones ont contraint \u00e0 la suspension des vols.<\/p>\n<p>Ce samedi matin, le trafic a repris \u00ab\u00a0progressivement\u00a0\u00bb \u00e0 l&rsquo;a\u00e9roport de <a href=\"https:\/\/www.linternaute.fr\/voyage\/guides-de-voyage\/1455354-munich\/\" title=\"Munich\" rel=\"nofollow noopener\" target=\"_blank\">Munich<\/a> en Allemagne. La veille, des retards ont \u00e9t\u00e9 g\u00e9n\u00e9r\u00e9s par de nouvelles observations de drones survolant le complexe, a confirm\u00e9 la police locale, comme le rapporte le quotidien r\u00e9gional <a href=\"https:\/\/www.ouest-france.fr\/europe\/allemagne\/allemagne-le-trafic-reprend-a-laeroport-de-munich-apres-un-survol-de-drones-fc443f92-a0f5-11f0-a698-dbf3ac8f3cb6\" target=\"_blank\" rel=\"nofollow noopener\">Ouest France<\/a>. Toutefois, des retards sont \u00e0 pr\u00e9voir tout au long de la journ\u00e9e, selon l&rsquo;a\u00e9roport. Celui-ci avait d\u00fb suspendre tous ses vols hier soir et ce, \u00ab\u00a0jusqu&rsquo;\u00e0 nouvel ordre\u00a0\u00bb. Le survol de deux engins dans le ciel de l&rsquo;a\u00e9roport avait alors \u00e9t\u00e9 enregistr\u00e9. Les deux avaient \u00e9t\u00e9 aper\u00e7us tout pr\u00e8s des pistes avant 23\u00a0h. Ils se sont ensuite \u00e9loign\u00e9s sans \u00eatre identifi\u00e9s, a pr\u00e9cis\u00e9 la police.<\/p>\n<p>6\u00a0500\u00a0passagers impact\u00e9s<\/p>\n<p>Les 23\u00a0vols qui devaient atterrir \u00e0 Munich ont \u00e9t\u00e9 d\u00e9rout\u00e9s, 12\u00a0autres ont \u00e9t\u00e9 annul\u00e9s, et 46\u00a0vols au d\u00e9part de l&rsquo;a\u00e9roport \u00e0 Munich ont \u00e9t\u00e9 compl\u00e8tement annul\u00e9s ou report\u00e9s, explique encore Ouest France. Au total, 6\u00a0500\u00a0passagers ont \u00e9t\u00e9 impact\u00e9s, a pr\u00e9cis\u00e9 l&rsquo;a\u00e9roport.<\/p>\n<p>L&rsquo;a\u00e9roport de Munich est le plus important a\u00e9roport de l&rsquo;UE \u00e0 avoir \u00e9t\u00e9 contraint de suspendre ses vols en raison de survols de drones d&rsquo;origine inconnue. Des incidents similaires se sont d\u00e9roul\u00e9s \u00e0 Copenhague [Danemark] et Oslo [Norv\u00e8ge] entre autres.<br \/>Le ministre allemand de l&rsquo;Int\u00e9rieur Alexander Dobrindt a d\u00e9clar\u00e9 vendredi 3\u00a0octobre aupr\u00e8s du journal allemand <a href=\"https:\/\/www.bild.de\/regional\/muenchen\/geheimer-lagebericht-drohnen-alarm-ueber-ganz-deutschland-68e0e358c9fcb483178b7585\" target=\"_blank\" rel=\"nofollow noopener\">Bild<\/a>\u00a0une \u00ab\u00a0menace\u00a0\u00bb. \u00ab\u00a0\u00c0 partir de maintenant, il faut abattre les drones au lieu d&rsquo;attendre\u00a0\u00bb, avait-il ajout\u00e9. Le gouvernement du chancelier Friedrich Merz a pr\u00e9vu de d\u00e9buter la r\u00e9vision des lois sur la s\u00e9curit\u00e9 a\u00e9rienne, mercredi prochain. Jusqu&rsquo;\u00e0 aujourd&rsquo;hui, la police avait le droit d&rsquo;abattre des drones. Tr\u00e8s bient\u00f4t, l&rsquo;arm\u00e9e devrait pouvoir le faire aussi.<\/p>\n<p>Une menace grandissante en Europe<\/p>\n<p>L&rsquo;incident arrive alors que les incursions de drones non identifi\u00e9s ne cessent de se multiplier \u00e0 travers le continent europ\u00e9en. Des pays europ\u00e9ens comme le Danemark, la Norv\u00e8ge, la Pologne, la Roumanie ou encore l&rsquo;Estonie ont r\u00e9cemment d\u00fb affronter des survols de sites sensibles, comme des bases militaires ou des a\u00e9roports. De plus, ce n&rsquo;est pas la premi\u00e8re fois que des drones ont \u00e9t\u00e9 observ\u00e9s dans le ciel munichois. Jeudi dernier d\u00e9j\u00e0, des drones ont \u00e9t\u00e9 identifi\u00e9s dans la soir\u00e9e pr\u00e8s de la base militaire d&rsquo;Erding, puis dans le ciel au-dessus de l&rsquo;a\u00e9roport civil. La police avait d\u00e9ploy\u00e9 des h\u00e9licopt\u00e8res. Toutefois, aucun engin n&rsquo;avait \u00e9t\u00e9 intercept\u00e9, ni identifi\u00e9, comme le rapporte <a href=\"https:\/\/www.cnews.fr\/monde\/2025-10-04\/allemagne-laeroport-de-munich-nouveau-ferme-apres-une-nouvelle-alerte-aux-drones\" target=\"_blank\" rel=\"nofollow noopener\">CNews<\/a>.<\/p>\n<p>\u00c0 nouveau, tous les regards se sont tourn\u00e9s vers Moscou car plusieurs pays de l&rsquo;Union europ\u00e9enne soup\u00e7onnent la Russie d&rsquo;\u00eatre responsable de ces op\u00e9rations. De son c\u00f4t\u00e9, le principal int\u00e9ress\u00e9 a ni\u00e9 toute implication. Quoi qu&rsquo;il en soit, la situation inqui\u00e8te l&rsquo;UE. Jeudi dernier, les 27\u00a0\u00c9tats membres de l&rsquo;Union europ\u00e9enne se sont r\u00e9unis \u00e0 Copenhague au Danemark pour discuter de la menace.<\/p>\n","protected":false},"excerpt":{"rendered":"Le trafic \u00e0 l&rsquo;a\u00e9roport de Munich reprend progressivement ce matin. Vendredi soir et pour la deuxi\u00e8me fois cette&hellip;\n","protected":false},"author":2,"featured_media":440053,"comment_status":"","ping_status":"","sticky":false,"template":"","format":"standard","meta":{"footnotes":""},"categories":[1587],"tags":[11,672,1804,56688,51761,1805,1803,1777,674,51763,1801,74,1897,12,51767,1802],"class_list":{"0":"post-440052","1":"post","2":"type-post","3":"status-publish","4":"format-standard","5":"has-post-thumbnail","7":"category-allemagne","8":"tag-actualites","9":"tag-allemagne","10":"tag-bundesrepublik-deutschland","11":"tag-cms-linternaute-8956257","12":"tag-controller-content","13":"tag-de","14":"tag-deutschland","15":"tag-eu","16":"tag-europe","17":"tag-format-papier","18":"tag-germany","19":"tag-monde","20":"tag-munich","21":"tag-news","22":"tag-parallaxeinfeed","23":"tag-republique-federale-dallemagne"},"share_on_mastodon":{"url":"https:\/\/pubeurope.com\/@fr\/115319750305486338","error":""},"_links":{"self":[{"href":"https:\/\/www.europesays.com\/fr\/wp-json\/wp\/v2\/posts\/440052","targetHints":{"allow":["GET"]}}],"collection":[{"href":"https:\/\/www.europesays.com\/fr\/wp-json\/wp\/v2\/posts"}],"about":[{"href":"https:\/\/www.europesays.com\/fr\/wp-json\/wp\/v2\/types\/post"}],"author":[{"embeddable":true,"href":"https:\/\/www.europesays.com\/fr\/wp-json\/wp\/v2\/users\/2"}],"replies":[{"embeddable":true,"href":"https:\/\/www.europesays.com\/fr\/wp-json\/wp\/v2\/comments?post=440052"}],"version-history":[{"count":0,"href":"https:\/\/www.europesays.com\/fr\/wp-json\/wp\/v2\/posts\/440052\/revisions"}],"wp:featuredmedia":[{"embeddable":true,"href":"https:\/\/www.europesays.com\/fr\/wp-json\/wp\/v2\/media\/440053"}],"wp:attachment":[{"href":"https:\/\/www.europesays.com\/fr\/wp-json\/wp\/v2\/media?parent=440052"}],"wp:term":[{"taxonomy":"category","embeddable":true,"href":"https:\/\/www.europesays.com\/fr\/wp-json\/wp\/v2\/categories?post=440052"},{"taxonomy":"post_tag","embeddable":true,"href":"https:\/\/www.europesays.com\/fr\/wp-json\/wp\/v2\/tags?post=440052"}],"curies":[{"name":"wp","href":"https:\/\/api.w.org\/{rel}","templated":true}]}}