{"id":440054,"date":"2025-10-05T04:48:11","date_gmt":"2025-10-05T04:48:11","guid":{"rendered":"https:\/\/www.europesays.com\/fr\/440054\/"},"modified":"2025-10-05T04:48:11","modified_gmt":"2025-10-05T04:48:11","slug":"face-a-la-derive-fasciste-de-donald-trump-les-dirigeants-europeens-sont-trop-frileux","status":"publish","type":"post","link":"https:\/\/www.europesays.com\/fr\/440054\/","title":{"rendered":"Face \u00e0 la d\u00e9rive fasciste de Donald Trump, les dirigeants europ\u00e9ens sont trop frileux"},"content":{"rendered":"\n<p>Le fascisme est cens\u00e9 se pr\u00e9senter d\u2019une certaine fa\u00e7on\u00a0: v\u00eatu de noir, uniforme, il marche au pas, mena\u00e7ant. En th\u00e9orie, il ne ressemble pas \u00e0 un pr\u00e9sident en surpoids incapable de prononcer le mot \u201cac\u00e9taminoph\u00e8ne\u201d, qui bafouille pendant une longue minute sur les r\u00e9novations qu\u2019il aurait apport\u00e9es au si\u00e8ge des Nations\u00a0unies, \u00e0 New York, qu\u2019il aurait dot\u00e9 de dalles de marbre plut\u00f4t que de granito. Mais, ainsi que l\u2019a soulign\u00e9 Umberto\u00a0Eco dans son essai immortel sur les moyens d\u2019identifier la nature \u00e9ternelle du fascisme\u00a0: \u201cLa vie n\u2019est pas aussi simple. L\u2019Ur-fascisme est susceptible de revenir sous les apparences les plus innocentes.\u201d [Reconna\u00eetre le fascisme, Grasset, 2017].<\/p>\n<p>Des historiens, des universitaires, et m\u00eame des membres du gouvernement du premier mandat de Trump ont perc\u00e9 \u00e0 jour ce travestissement burlesque. Apparemment, ils ont reconnu en Donald\u00a0Trump lui-m\u00eame et dans ceux qui l\u2019entourent les crit\u00e8res essentiels d\u00e9finis par Umberto Eco\u00a0: l\u2019invocation des traditions et le rejet de la raison, la peur de la diff\u00e9rence, l\u2019hostilit\u00e9 envers le d\u00e9saccord, le ressentiment, le machisme, la d\u00e9gradation de la langue en novlangue, le culte d\u2019un dirigeant \u201cfort\u201d.<\/p>\n<p>Il y a de cela presque un an, souhaitant expliquer pourquoi il avait chang\u00e9 d\u2019avis au sujet de l\u2019utilisation du mot \u201cf<\/p>\n<p>                                      <strong class=\"paywall-title\">Cet article est r\u00e9serv\u00e9 aux\u00a0abonn\u00e9s.<\/strong>   <\/p>\n<p class=\"paywall-text\">Lisez la\u00a0suite et\u00a0acc\u00e9dez \u00e0\u00a0une s\u00e9lection unique d\u2019articles traduits de\u00a0la\u00a0presse \u00e9trang\u00e8re.<\/p>\n<p class=\"article-authors\">                         <a href=\"https:\/\/www.courrierinternational.com\/auteur\/alexander-hurst\" target=\"_blank\" rel=\"noopener\">Alexander Hurst<\/a>    <\/p>\n<p class=\"article-vo\"><a href=\"https:\/\/www.theguardian.com\/commentisfree\/2025\/oct\/02\/american-democracy-trump-putin-europe-dangers\" rel=\"noopener\" target=\"_blank\">Lire l\u2019article original<\/a><\/p>\n<p>Nos lecteurs ont lu\u00a0aussi<\/p>\n<p>Source de l\u2019article<\/p>\n<p>   <img decoding=\"async\" class=\"source-logo\" src=\"https:\/\/www.europesays.com\/fr\/wp-content\/uploads\/2025\/05\/0f62b92_1643653451193-the-guardian-logo-0.jpg\"  alt=\"Logo\" loading=\"lazy\" width=\"32\" height=\"32\"\/>  The Guardian  (Londres)       <\/p>\n<p>L\u2019ind\u00e9pendance et la qualit\u00e9 caract\u00e9risent ce titre n\u00e9 en 1821, qui compte dans ses rangs certains des chroniqueurs les plus respect\u00e9s du pays.\u00a0De centre gauche, proeurop\u00e9en, The Guardian est le journal de r\u00e9f\u00e9rence de l\u2019intelligentsia, des enseignants et des syndicalistes.<\/p>\n<p>Contrairement aux autres quotidiens de r\u00e9f\u00e9rence britanniques, le journal a fait le choix d\u2019un site en acc\u00e8s libre.\u00a0Il est pass\u00e9 au format tablo\u00efd en 2018. Cette d\u00e9cision s\u2019inscrivait dans une logique de r\u00e9duction des co\u00fbts, alors que The Guardian perdait de l\u2019argent sans discontinuer depuis vingt ans. Une strat\u00e9gie payante\u00a0: en mai 2019, la directrice de la r\u00e9daction, Katharine Viner, a annonc\u00e9 que le journal \u00e9tait b\u00e9n\u00e9ficiaire, une premi\u00e8re depuis\u00a01998.<\/p>\n<p>        <a href=\"https:\/\/www.courrierinternational.com\/notule-source\/the-guardian\" class=\"source-link\" target=\"_blank\" rel=\"noopener\">Lire la suite<\/a>                 <\/p>\n<p>Nos services<\/p>\n","protected":false},"excerpt":{"rendered":"Le fascisme est cens\u00e9 se pr\u00e9senter d\u2019une certaine fa\u00e7on\u00a0: v\u00eatu de noir, uniforme, il marche au pas, mena\u00e7ant.&hellip;\n","protected":false},"author":2,"featured_media":440055,"comment_status":"","ping_status":"","sticky":false,"template":"","format":"standard","meta":{"footnotes":""},"categories":[1586],"tags":[11,3822,75,1777,674,16959,1011,27,12,316,25,770],"class_list":{"0":"post-440054","1":"post","2":"type-post","3":"status-publish","4":"format-standard","5":"has-post-thumbnail","7":"category-europe","8":"tag-actualites","9":"tag-amu00e9riques","10":"tag-donald-trump","11":"tag-eu","12":"tag-europe","13":"tag-fascisme","14":"tag-fr","15":"tag-france","16":"tag-news","17":"tag-politique","18":"tag-republique-francaise","19":"tag-u00e9tats-unis"},"share_on_mastodon":{"url":"https:\/\/pubeurope.com\/@fr\/115319754672029102","error":""},"_links":{"self":[{"href":"https:\/\/www.europesays.com\/fr\/wp-json\/wp\/v2\/posts\/440054","targetHints":{"allow":["GET"]}}],"collection":[{"href":"https:\/\/www.europesays.com\/fr\/wp-json\/wp\/v2\/posts"}],"about":[{"href":"https:\/\/www.europesays.com\/fr\/wp-json\/wp\/v2\/types\/post"}],"author":[{"embeddable":true,"href":"https:\/\/www.europesays.com\/fr\/wp-json\/wp\/v2\/users\/2"}],"replies":[{"embeddable":true,"href":"https:\/\/www.europesays.com\/fr\/wp-json\/wp\/v2\/comments?post=440054"}],"version-history":[{"count":0,"href":"https:\/\/www.europesays.com\/fr\/wp-json\/wp\/v2\/posts\/440054\/revisions"}],"wp:featuredmedia":[{"embeddable":true,"href":"https:\/\/www.europesays.com\/fr\/wp-json\/wp\/v2\/media\/440055"}],"wp:attachment":[{"href":"https:\/\/www.europesays.com\/fr\/wp-json\/wp\/v2\/media?parent=440054"}],"wp:term":[{"taxonomy":"category","embeddable":true,"href":"https:\/\/www.europesays.com\/fr\/wp-json\/wp\/v2\/categories?post=440054"},{"taxonomy":"post_tag","embeddable":true,"href":"https:\/\/www.europesays.com\/fr\/wp-json\/wp\/v2\/tags?post=440054"}],"curies":[{"name":"wp","href":"https:\/\/api.w.org\/{rel}","templated":true}]}}