{"id":440056,"date":"2025-10-05T04:49:16","date_gmt":"2025-10-05T04:49:16","guid":{"rendered":"https:\/\/www.europesays.com\/fr\/440056\/"},"modified":"2025-10-05T04:49:16","modified_gmt":"2025-10-05T04:49:16","slug":"vingt-cinq-ans-apres-la-chute-de-slobodan-milosevic-lex-yougoslavie-toujours-en-cours-de-partition","status":"publish","type":"post","link":"https:\/\/www.europesays.com\/fr\/440056\/","title":{"rendered":"Vingt-cinq ans apr\u00e8s la chute de Slobodan Milosevic, l\u2019ex-Yougoslavie toujours en cours de partition"},"content":{"rendered":"<p>Chass\u00e9 du pouvoir le 5\u00a0octobre 2005, Slobodan Milosevic est retrouv\u00e9 mort en prison le 11\u00a0mars 2006. Jug\u00e9 pour crimes de guerre, crimes contre l\u2019humanit\u00e9 et g\u00e9nocide par le Tribunal p\u00e9nal international pour l\u2019ex-Yougoslavie, il ne verra jamais la fin de son proc\u00e8s. Milosevic, la mort pour seul juge\u00a0titre le 12\u00a0mars 2006 La Nouvelle R\u00e9publique du Centre Ouest. L\u2019ex-pr\u00e9sident serbe\u00a0d\u00e9c\u00e9d\u00e9 d\u2019un infarctus du myocarde est tenu responsable de deux guerres successives dans la r\u00e9gion\u00a0: la premi\u00e8re \u00e0 l\u2019\u00e9t\u00e9 1991 contre la Croatie, qui d\u00e9clare son ind\u00e9pendance en octobre\u00a0; la deuxi\u00e8me en mars\u00a01992 contre l\u2019\u00c9tat de Bosnie-Herz\u00e9govine.<\/p>\n<p>L\u2019ex-f\u00e9d\u00e9ration de Yougoslavie, marqu\u00e9e par ces conflits terribles, a explos\u00e9. Mais\u00a0vingt-cinq\u00a0ans apr\u00e8s le d\u00e9part de Slobodan Milosevic, sa partition reste inachev\u00e9e entre entr\u00e9es et candidatures pour int\u00e9grer l\u2019Otan et l\u2019Union europ\u00e9enne et influence russe.<\/p>\n<p><img alt=\"La partition territoriale de l\u2019ex-Yougoslavie s\u2019est faite sur la base des fronti\u00e8res ethniques et historiques des six r\u00e9publiques et des deux r\u00e9gions autonomes \u00e9tablies apr\u00e8s la Seconde Guerre mondiale.\" loading=\"lazy\" width=\"980\" height=\"573\" decoding=\"async\" data-nimg=\"1\" class=\"img-responsive spinner-show\" style=\"color:transparent;background-size:cover;background-position:50% 50%;background-repeat:no-repeat;background-image:url(&quot;data:image\/svg+xml;charset=utf-8,%3Csvg xmlns='http:\/\/www.w3.org\/2000\/svg' viewBox='0 0 980 573'%3E%3Cfilter id='b' color-interpolation-filters='sRGB'%3E%3CfeGaussianBlur stdDeviation='20'\/%3E%3CfeColorMatrix values='1 0 0 0 0 0 1 0 0 0 0 0 1 0 0 0 0 0 100 -1' result='s'\/%3E%3CfeFlood x='0' y='0' width='100%25' height='100%25'\/%3E%3CfeComposite operator='out' in='s'\/%3E%3CfeComposite in2='SourceGraphic'\/%3E%3CfeGaussianBlur stdDeviation='20'\/%3E%3C\/filter%3E%3Cimage width='100%25' height='100%25' x='0' y='0' preserveAspectRatio='none' style='filter: url(%23b);' href='https:\/\/images.lanouvellerepublique.fr\/image\/upload\/t_88w\/f_auto\/68e13d25929d21382d8b467f.jpg'\/%3E%3C\/svg%3E&quot;)\"   src=\"https:\/\/www.europesays.com\/fr\/wp-content\/uploads\/2025\/10\/68e13d25929d21382d8b467f.jpg\"\/><\/p>\n<p style=\"background-color:#F2F2F2;padding:5px;margin-top:0px;margin-bottom:10px\">La partition territoriale de l\u2019ex-Yougoslavie s\u2019est faite sur la base des fronti\u00e8res ethniques et historiques des six r\u00e9publiques et des deux r\u00e9gions autonomes \u00e9tablies apr\u00e8s la Seconde Guerre mondiale.<br \/> \u00a9 (Infographie NR)<\/p>\n<p>La Serbie entre Moscou et Bruxelles<\/p>\n<p>La Serbie navigue entre ces deux rives. Le <a target=\"_self\" href=\"https:\/\/www.lanouvellerepublique.fr\/a-la-une\/serbie-le-president-promet-de-desarmer-le-pays-apres-une-nouvelle-tuerie\" rel=\"nofollow noopener\">pr\u00e9sident r\u00e9\u00e9lu, Aleksandar Vucic,<\/a> a condamn\u00e9 l\u2019agression russe de l\u2019Ukraine mais n\u2019a pas align\u00e9 son pays sur les mesures prises par l\u2019Union europ\u00e9enne, quand bien m\u00eame Belgrade fait de son adh\u00e9sion \u00e0 l\u2019UE un objectif prioritaire. Aleksandar Vucic a d\u2019ailleurs fait partie des seuls dirigeants europ\u00e9ens (<a target=\"_blank\" href=\"https:\/\/fr.euronews.com\/2025\/09\/02\/aleksandar-vucic-et-robert-fico-seuls-dirigeants-europeens-a-rencontrer-vladimir-poutine-a\" rel=\"nofollow noopener\">avec le Slovaque Robert Fico<\/a>) \u00e0 s\u2019entretenir directement avec Vladimir Poutine \u00e0 P\u00e9kin en marge d\u2019un d\u00e9fil\u00e9 militaire comm\u00e9morant les 80\u00a0ans de la victoire sur le Japon d\u00e9but septembre.<\/p>\n<p>Le Kosovo, un \u00c9tat non reconnu<\/p>\n<p>La Serbie reste en conflit (non arm\u00e9) avec le Kosovo, \u00c9tat non reconnu par une partie de la communaut\u00e9 internationale (et notamment par Belgrade). Pristina cherche \u00e0 adh\u00e9rer aux principales instances internationales dans la perspective de voir son ind\u00e9pendance reconnue.<\/p>\n<p>La Bosnie-Herz\u00e9govine en pleine crise<\/p>\n<p>Plus de trente\u00a0ans apr\u00e8s le d\u00e9but du g\u00e9nocide de Srebrenica (le 11\u00a0juillet 1995), la Bosnie-Herz\u00e9govine est en crise politique et institutionnelle. Une partie de son territoire, la Republika Srpska, tente de faire s\u00e9cession alors que Sarajevo travaille \u00e0 une adh\u00e9sion \u00e0 l\u2019Union europ\u00e9enne.<\/p>\n<p>La Croatie pleinement int\u00e9gr\u00e9e dans l\u2019UE<\/p>\n<p>Plus \u00e0 l\u2019ouest, la situation est bien plus avanc\u00e9e concernant la Croatie. Le pays a int\u00e9gr\u00e9 l\u2019Otan, l\u2019Union europ\u00e9enne (2013) et <a target=\"_self\" href=\"https:\/\/www.lanouvellerepublique.fr\/a-la-une\/la-croatie-integre-l-espace-schengen-la-bulgarie-et-la-roumanie-recalees\" rel=\"nofollow noopener\">m\u00eame l\u2019espace Schengen et la zone euro le 1er\u00a0janvier 2023<\/a>. Si la Serbie reste un partenaire commercial important et en d\u00e9pit de gestes politiques d\u2019apaisement et d\u2019une volont\u00e9 de rapprochement annonc\u00e9e par le gouvernement serbe depuis la r\u00e9\u00e9lection du pr\u00e9sident Vu\u010di\u0107 fin 2023, les autorit\u00e9s croates maintiennent des relations circonspectes avec Belgrade, <a target=\"_blank\" href=\"https:\/\/www.diplomatie.gouv.fr\/fr\/dossiers-pays\/croatie\/presentation-de-la-croatie\/\" rel=\"nofollow noopener\">note cependant la diplomatie fran\u00e7aise<\/a>. Par ailleurs, Zagreb, qui entretenait un dialogue r\u00e9gulier avec Moscou avant l\u2019invasion de l\u2019Ukraine, exprime depuis f\u00e9vrier\u00a02022 la plus grande solidarit\u00e9 \u00e0 l\u2019\u00e9gard de Kiev et des positions europ\u00e9ennes.<\/p>\n<p>Un r\u00f4le moteur pour la Slov\u00e9nie<\/p>\n<p><a target=\"_self\" href=\"https:\/\/www.lanouvellerepublique.fr\/indre-et-loire\/commune\/saint-cyr-sur-loire\/rencontre-avec-la-slovenie\" rel=\"nofollow noopener\">La Slov\u00e9nie a \u00e9t\u00e9 le premier \u00c9tat<\/a> issu de l\u2019ex-Yougoslavie \u00e0 adh\u00e9rer \u00e0 l\u2019Union europ\u00e9enne en 2004 (elle est entr\u00e9e dans l\u2019Otan la m\u00eame ann\u00e9e). Elle a rejoint en 2007 la zone euro et l\u2019espace Schengen et a m\u00eame assur\u00e9 \u00e0 deux reprises la pr\u00e9sidence du Conseil de l\u2019Union europ\u00e9enne. Forte de cette pleine int\u00e9gration, elle est actrice et partisane de l\u2019\u00e9largissement de l\u2019UE \u00e0 l\u2019Est. \u00c0 ce titre, Ljubljana milite pour l\u2019int\u00e9gration des six \u00c9tats des Balkans occidentaux et joue un r\u00f4le de facilitateur.<\/p>\n<p>Le Mont\u00e9n\u00e9gro dans l\u2019UE en 2028\u00a0?<\/p>\n<p>D\u2019abord partie de l\u2019\u00c9tat de \u00ab\u00a0Serbie-et-Mont\u00e9n\u00e9gro\u00a0\u00bb, le Mont\u00e9n\u00e9gro a recouvr\u00e9 pleinement son ind\u00e9pendance en 2006 et le pays est entr\u00e9 dans l\u2019Otan en 2017.\u00a0Le Mont\u00e9n\u00e9gro est le pays candidat le plus avanc\u00e9 dans les n\u00e9gociations d\u2019adh\u00e9sion \u00e0 l\u2019Union europ\u00e9enne qu\u2019il esp\u00e8re rejoindre en 2028.<\/p>\n<p>Le Parlement europ\u00e9en attend cependant que Podgorica avance dans ses r\u00e9formes \u00e9lectorales et judiciaires ainsi que dans la lutte contre la criminalit\u00e9 organis\u00e9e et la corruption. L\u2019UE s\u2019inqui\u00e8te aussi (<a target=\"_self\" href=\"https:\/\/www.lanouvellerepublique.fr\/a-la-une\/legislatives-en-moldavie-un-enjeu-aussi-pour-l-europe-face-a-l-ingerence-russe-1758988715\" rel=\"nofollow noopener\">\u00e0 l\u2019instar de sa voisine la Moldavie<\/a>) d\u2019ing\u00e9rence de la part de la Russie.<\/p>\n<p>La Mac\u00e9doine du Nord align\u00e9e avec Bruxelles<\/p>\n<p>Bien que d\u00e9pendante du gaz russe via la Bulgarie, la R\u00e9publique de Mac\u00e9doine du Nord\u00a0s\u2019est align\u00e9e sur toutes les d\u00e9clarations concernant l\u2019agression russe de l\u2019Ukraine et l\u2019ensemble des mesures restrictives \u00e0 l\u2019encontre de la Russie. Skopje, parvenu \u00e0 devenir membre de l\u2019Otan (2020) et de la plupart des grandes organisations internationales (Onu, Conseil de l\u2019Europe, OSCE, OIF), a acc\u00e9d\u00e9 officiellement en\u00a0juillet\u00a02022 \u00e0 l\u2019ouverture de n\u00e9gociations d\u2019adh\u00e9sion \u00e0 l\u2019Union europ\u00e9enne.<\/p>\n","protected":false},"excerpt":{"rendered":"Chass\u00e9 du pouvoir le 5\u00a0octobre 2005, Slobodan Milosevic est retrouv\u00e9 mort en prison le 11\u00a0mars 2006. Jug\u00e9 pour&hellip;\n","protected":false},"author":2,"featured_media":440057,"comment_status":"","ping_status":"","sticky":false,"template":"","format":"standard","meta":{"footnotes":""},"categories":[1586],"tags":[328,11,1777,674,1779,1011,27,329,74,12,25,132,1778,364],"class_list":{"0":"post-440056","1":"post","2":"type-post","3":"status-publish","4":"format-standard","5":"has-post-thumbnail","7":"category-europe","8":"tag-a-la-une","9":"tag-actualites","10":"tag-eu","11":"tag-europe","12":"tag-european-union","13":"tag-fr","14":"tag-france","15":"tag-france-monde","16":"tag-monde","17":"tag-news","18":"tag-republique-francaise","19":"tag-russie","20":"tag-ue","21":"tag-union-europeenne"},"share_on_mastodon":{"url":"https:\/\/pubeurope.com\/@fr\/115319758162111003","error":""},"_links":{"self":[{"href":"https:\/\/www.europesays.com\/fr\/wp-json\/wp\/v2\/posts\/440056","targetHints":{"allow":["GET"]}}],"collection":[{"href":"https:\/\/www.europesays.com\/fr\/wp-json\/wp\/v2\/posts"}],"about":[{"href":"https:\/\/www.europesays.com\/fr\/wp-json\/wp\/v2\/types\/post"}],"author":[{"embeddable":true,"href":"https:\/\/www.europesays.com\/fr\/wp-json\/wp\/v2\/users\/2"}],"replies":[{"embeddable":true,"href":"https:\/\/www.europesays.com\/fr\/wp-json\/wp\/v2\/comments?post=440056"}],"version-history":[{"count":0,"href":"https:\/\/www.europesays.com\/fr\/wp-json\/wp\/v2\/posts\/440056\/revisions"}],"wp:featuredmedia":[{"embeddable":true,"href":"https:\/\/www.europesays.com\/fr\/wp-json\/wp\/v2\/media\/440057"}],"wp:attachment":[{"href":"https:\/\/www.europesays.com\/fr\/wp-json\/wp\/v2\/media?parent=440056"}],"wp:term":[{"taxonomy":"category","embeddable":true,"href":"https:\/\/www.europesays.com\/fr\/wp-json\/wp\/v2\/categories?post=440056"},{"taxonomy":"post_tag","embeddable":true,"href":"https:\/\/www.europesays.com\/fr\/wp-json\/wp\/v2\/tags?post=440056"}],"curies":[{"name":"wp","href":"https:\/\/api.w.org\/{rel}","templated":true}]}}